{"id":181223,"date":"2025-06-16T16:19:10","date_gmt":"2025-06-16T16:19:10","guid":{"rendered":"https:\/\/www.europesays.com\/fr\/181223\/"},"modified":"2025-06-16T16:19:10","modified_gmt":"2025-06-16T16:19:10","slug":"toulouse-jean-luc-moudenc-accuse-davoir-fait-travailler-des-employes-de-la-mairie-a-sa-reelection-en-2020","status":"publish","type":"post","link":"https:\/\/www.europesays.com\/fr\/181223\/","title":{"rendered":"Toulouse\u00a0: Jean-Luc Moudenc accus\u00e9 d\u2019avoir fait travailler des employ\u00e9s de la mairie \u00e0 sa r\u00e9\u00e9lection en 2020"},"content":{"rendered":"<p class=\"paragraph text_align_left\">Ce sont des r\u00e9v\u00e9lations qui pourraient faire du bruit \u00e0 Toulouse (Haute-Garonne), \u00e0 moins d\u2019un an des prochaines \u00e9lections municipales. <a href=\"https:\/\/www.mediacites.fr\/enquete\/toulouse\/2025\/06\/16\/une-douzaine-de-salaries-de-la-mairie-de-toulouse-au-coeur-de-la-campagne-2020-de-jean-luc-moudenc\/\" target=\"_blank\" rel=\"noreferrer noopener\">Mediacit\u00e9s Toulouse<\/a> vient en effet de mettre en ligne un tr\u00e8s long article bas\u00e9 sur pr\u00e8s de 200 documents qui tendraient \u00e0 prouver que des membres du cabinet du <a href=\"https:\/\/www.leparisien.fr\/politique\/jean-luc-moudenc-maire-de-toulouse-quitte-les-republicains-07-11-2022-7RYUASP6FNBQPDP7HF3OVKOKDU.php\" target=\"_blank\" rel=\"noreferrer noopener\">maire sortant, Jean-Luc Moudenc,<\/a> ont particip\u00e9 \u00e0 la campagne 2020 de celui qui \u00e9tait alors le candidat LR et qui brigue l\u2019an prochain un nouveau mandat (il avait regagn\u00e9 la mairie en 2014 apr\u00e8s sa d\u00e9faite en 2008).<\/p>\n<p class=\"paragraph text_align_left\">Probl\u00e8me, ces personnes, salari\u00e9es de la collectivit\u00e9, n\u2019auraient pas d\u00fb consacrer leur temps de travail \u00e0 des actions de campagne. Selon les documents, collect\u00e9s par Mediacit\u00e9s Toulouse et \u00e9chang\u00e9s par diff\u00e9rents collaborateurs via des adresses mails anonymis\u00e9es et des pseudonymes, des r\u00e9unions pr\u00e9paratoires \u00e0 des rendez-vous \u00e9lectoraux ont par ailleurs \u00e9t\u00e9 organis\u00e9es dans les locaux de la mairie ou de Toulouse M\u00e9tropole \u00e0 l\u2019aide de collaborateurs r\u00e9mun\u00e9r\u00e9s par les collectivit\u00e9s.<\/p>\n<p>Alain Rousset mis en examen dans une affaire similaire<\/p>\n<p class=\"paragraph text_align_left\">\u00ab Un syst\u00e8me bien rod\u00e9 avec des effectifs quasiment mobilis\u00e9s \u00e0 temps plein sur la campagne et des petites mains qui n\u2019avaient pas le choix \u00bb, nous confirme une source.<\/p>\n<p class=\"paragraph text_align_left\">Selon un sp\u00e9cialiste du droit p\u00e9nal, sollicit\u00e9 par nos confr\u00e8res, ces actes pourraient \u00eatre assimil\u00e9s \u00e0 du <a href=\"https:\/\/www.leparisien.fr\/faits-divers\/le-ministre-des-transports-philippe-tabarot-vise-par-une-enquete-pour-detournement-de-fonds-publics-13-01-2025-OD5ARTRSJVATFPVRAOMP6OU37M.php\" target=\"_blank\" rel=\"noreferrer noopener\">d\u00e9tournement de fonds publics<\/a>. Comme le rappelle le m\u00e9dia d\u2019investigation local, des \u00e9l\u00e9ments similaires pendant la campagne des r\u00e9gionales 2015 ont conduit \u00e0 la mise en examen <a href=\"https:\/\/www.leparisien.fr\/politique\/regionales-l-indeboulonnable-rousset-brigue-un-cinquieme-mandat-en-nouvelle-aquitaine-24-03-2021-8429666.php\" target=\"_blank\" rel=\"noreferrer noopener\">d\u2019Alain Rousset, pr\u00e9sident de la r\u00e9gion Nouvelle-Aquitaine,<\/a> en septembre 2024. Sollicit\u00e9e, la mairie de Toulouse n\u2019avait pas encore r\u00e9agi ce lundi en fin d\u2019apr\u00e8s-midi.<\/p>\n","protected":false},"excerpt":{"rendered":"Ce sont des r\u00e9v\u00e9lations qui pourraient faire du bruit \u00e0 Toulouse (Haute-Garonne), \u00e0 moins d\u2019un an des prochaines&hellip;\n","protected":false},"author":2,"featured_media":181224,"comment_status":"","ping_status":"","sticky":false,"template":"","format":"standard","meta":{"footnotes":""},"categories":[2816],"tags":[1111,917,11,459,1777,674,1011,27,4623,12,2680,316,25,2312],"class_list":{"0":"post-181223","1":"post","2":"type-post","3":"status-publish","4":"format-standard","5":"has-post-thumbnail","7":"category-toulouse","8":"tag-actu","9":"tag-actu-locale","10":"tag-actualites","11":"tag-departements-horsidfo","12":"tag-eu","13":"tag-europe","14":"tag-fr","15":"tag-france","16":"tag-haute-garonne-31","17":"tag-news","18":"tag-occitanie","19":"tag-politique","20":"tag-republique-francaise","21":"tag-toulouse"},"share_on_mastodon":{"url":"https:\/\/pubeurope.com\/@fr\/114693955008544900","error":""},"_links":{"self":[{"href":"https:\/\/www.europesays.com\/fr\/wp-json\/wp\/v2\/posts\/181223","targetHints":{"allow":["GET"]}}],"collection":[{"href":"https:\/\/www.europesays.com\/fr\/wp-json\/wp\/v2\/posts"}],"about":[{"href":"https:\/\/www.europesays.com\/fr\/wp-json\/wp\/v2\/types\/post"}],"author":[{"embeddable":true,"href":"https:\/\/www.europesays.com\/fr\/wp-json\/wp\/v2\/users\/2"}],"replies":[{"embeddable":true,"href":"https:\/\/www.europesays.com\/fr\/wp-json\/wp\/v2\/comments?post=181223"}],"version-history":[{"count":0,"href":"https:\/\/www.europesays.com\/fr\/wp-json\/wp\/v2\/posts\/181223\/revisions"}],"wp:featuredmedia":[{"embeddable":true,"href":"https:\/\/www.europesays.com\/fr\/wp-json\/wp\/v2\/media\/181224"}],"wp:attachment":[{"href":"https:\/\/www.europesays.com\/fr\/wp-json\/wp\/v2\/media?parent=181223"}],"wp:term":[{"taxonomy":"category","embeddable":true,"href":"https:\/\/www.europesays.com\/fr\/wp-json\/wp\/v2\/categories?post=181223"},{"taxonomy":"post_tag","embeddable":true,"href":"https:\/\/www.europesays.com\/fr\/wp-json\/wp\/v2\/tags?post=181223"}],"curies":[{"name":"wp","href":"https:\/\/api.w.org\/{rel}","templated":true}]}}