{"id":181225,"date":"2025-06-16T16:20:13","date_gmt":"2025-06-16T16:20:13","guid":{"rendered":"https:\/\/www.europesays.com\/fr\/181225\/"},"modified":"2025-06-16T16:20:13","modified_gmt":"2025-06-16T16:20:13","slug":"lille-accusee-de-maltraitance-animale-une-sexagenaire-sen-prend-violemment-a-une-policiere","status":"publish","type":"post","link":"https:\/\/www.europesays.com\/fr\/181225\/","title":{"rendered":"Lille. Accus\u00e9e de maltraitance animale, une sexag\u00e9naire s&rsquo;en prend violemment \u00e0 une polici\u00e8re"},"content":{"rendered":"<p>            Par<br \/>\n        <strong><br \/>\n            <a href=\"https:\/\/actu.fr\/auteur\/redaction-lille\" title=\"Consulter tous les articles de R\u00e9daction Lille\" target=\"_blank\" rel=\"noopener\">R\u00e9daction Lille<\/a><br \/>\n        <\/strong><\/p>\n<p>        Publi\u00e9 le<\/p>\n<p>            16 juin 2025 \u00e0 17h44        <\/p>\n<p data-end=\"730\">Vendredi 6 juin 2025, une <b>femme de 64 ans <\/b>a comparu devant le <b>tribunal<\/b> de <a href=\"https:\/\/actu.fr\/hauts-de-france\/lille_59350\" target=\"_blank\" rel=\"noopener\">Lille<\/a> (Nord) pour <b>s\u00e9vices graves envers un animal<\/b> de compagnie et <b>violence sur un fonctionnaire<\/b> de <a href=\"https:\/\/actu.fr\/tag\/police\" target=\"_blank\" rel=\"noopener\">police<\/a>. Les faits remontent au mercredi 4 juin. Ce jour-l\u00e0, la sexag\u00e9naire aurait appel\u00e9 le v\u00e9t\u00e9rinaire apr\u00e8s la <b>mort de son chat<\/b>. Ce dernier, soup\u00e7onnant un cas de <a href=\"https:\/\/actu.fr\/tag\/maltraitance-animale\" target=\"_blank\" rel=\"noopener\">maltraitance animale<\/a>, aurait alors pr\u00e9venu la police.<\/p>\n<p>La sexag\u00e9naire soup\u00e7onn\u00e9e de maltraitance animale s\u2019en prend \u00e0 une polici\u00e8re<\/p>\n<p data-end=\"917\" class=\" wall-content\">\u00c9pileptique, la mise en cause <b>affirme avoir tent\u00e9 de \u00ab\u00a0se d\u00e9gager\u00a0\u00bb<\/b> d\u2019une polici\u00e8re qui refusait qu\u2019elle s\u2019assoie. La polici\u00e8re, quant \u00e0 elle, <b>d\u00e9nonce un coup de poing <\/b>et a port\u00e9 plainte.<\/p>\n<p data-end=\"1410\" class=\" wall-content\">La police \u00e9tait intervenue au domicile de la sexag\u00e9naire. Apr\u00e8s avoir reconnu les faits, celle-ci se serait \u00e9nerv\u00e9e. Elle dit avoir fait une \u00ab\u00a0lourde crise \u00e9pileptique\u00a0\u00bb et demand\u00e9 \u00e0 \u00ab\u00a0s\u2019asseoir sur le fauteuil du salon\u00a0\u00bb. La polici\u00e8re aurait refus\u00e9 tout en lui barrant le passage. Selon la pr\u00e9venue, elle aurait alors effectu\u00e9 \u00ab\u00a0un mouvement pour se d\u00e9gager\u00a0\u00bb. La version de l\u2019agent de police de 25 ans diverge : elle affirme avoir re\u00e7u un coup de poing et a port\u00e9 plainte pour violence.<\/p>\n<p data-end=\"1635\" class=\" wall-content\">Au tribunal, la s<b>exag\u00e9naire d\u00e9nonce de \u00ab\u00a0mauvaises conditions\u00a0\u00bb lors de sa garde \u00e0 vue<\/b>. \u00ab\u00a0\u00c0 l\u2019heure actuelle, j\u2019ai encore des vertiges\u00a0\u00bb, d\u00e9clare-t-elle \u00e0 la barre, se plaignant de n\u2019avoir re\u00e7u qu\u2019une partie de son traitement.<\/p>\n<p data-end=\"1957\" class=\" wall-content\">Bien qu\u2019elle souhaite \u00eatre jug\u00e9e imm\u00e9diatement, la procureure de la R\u00e9publique et la pr\u00e9sidente du tribunal s\u2019y opposent, \u00e9voquant sa \u00ab\u00a0<b>lourde pathologie<\/b>\u00ab\u00a0. Elles demandent qu\u2019elle se soumette \u00e0 une <b>expertise psychologique et psychiatrique<\/b> afin de \u00ab\u00a0mieux comprendre ce qui a pu se passer dans sa t\u00eate au moment des faits\u00a0\u00bb.<\/p>\n<p data-end=\"2303\" data-is-only-node=\"\" class=\" wall-content\">Selon la procureure, les conditions \u00ab\u00a0ne sont pas assez satisfaisantes\u00a0\u00bb pour tenir audience : \u00ab\u00a0Je m\u2019inqui\u00e8te de son \u00e9tat de sant\u00e9.\u00a0\u00bb<\/p>\n<p data-end=\"2303\" data-is-only-node=\"\" class=\" wall-content\">Le tribunal suit cet avis. Pour la pr\u00e9sidente, l\u2019expertise est indispensable pour <b>d\u00e9terminer \u00ab\u00a0la peine la plus adapt\u00e9e\u00a0\u00bb<\/b>. En attendant son jugement fix\u00e9 au 14 ao\u00fbt 2025, la pr\u00e9venue est plac\u00e9e sous contr\u00f4le judiciaire.<\/p>\n<p data-end=\"2303\" data-is-only-node=\"\" class=\" wall-content\"><b>Par Zo\u00e9 Hondt<\/b><\/p>\n<p class=\" wall-content\">Suivez toute l\u2019actualit\u00e9 de vos villes et m\u00e9dias favoris en vous inscrivant \u00e0 <a href=\"https:\/\/moncompte.actu.fr\" title=\"D\u00e9couvez Mon Actu\" rel=\"nofollow noopener\" data-trk=\"{&quot;cta&quot;:{&quot;action&quot;:&quot;https:\\\/\\\/moncompte.actu.fr&quot;,&quot;category&quot;:&quot;mon compte&quot;,&quot;from&quot;:&quot;article footer&quot;,&quot;name&quot;:&quot;Mon actu&quot;,&quot;type&quot;:&quot;cta&quot;}}\" target=\"_blank\">Mon Actu<\/a>.<\/p>\n<ul class=\"ac-article-tag wall-content\">\n<li><a href=\"https:\/\/actu.fr\/tag\/maltraitance-animale\" data-trk=\"{&quot;cta&quot;:{&quot;action&quot;:&quot;Maltraitance animale&quot;,&quot;category&quot;:&quot;tag&quot;,&quot;from&quot;:&quot;article footer&quot;,&quot;name&quot;:&quot;Maltraitance animale&quot;,&quot;type&quot;:&quot;cta&quot;}}\" target=\"_blank\" rel=\"noopener\">#Maltraitance animale<\/a><\/li>\n<li><a href=\"https:\/\/actu.fr\/tag\/police\" data-trk=\"{&quot;cta&quot;:{&quot;action&quot;:&quot;Police&quot;,&quot;category&quot;:&quot;tag&quot;,&quot;from&quot;:&quot;article footer&quot;,&quot;name&quot;:&quot;Police&quot;,&quot;type&quot;:&quot;cta&quot;}}\" target=\"_blank\" rel=\"noopener\">#Police<\/a><\/li>\n<\/ul>\n","protected":false},"excerpt":{"rendered":"Par R\u00e9daction Lille Publi\u00e9 le 16 juin 2025 \u00e0 17h44 Vendredi 6 juin 2025, une femme de 64&hellip;\n","protected":false},"author":2,"featured_media":181226,"comment_status":"","ping_status":"","sticky":false,"template":"","format":"standard","meta":{"footnotes":""},"categories":[2815],"tags":[1111,11,1777,674,118,1011,27,811,1307,6795,12,1072,25],"class_list":{"0":"post-181225","1":"post","2":"type-post","3":"status-publish","4":"format-standard","5":"has-post-thumbnail","7":"category-lille","8":"tag-actu","9":"tag-actualites","10":"tag-eu","11":"tag-europe","12":"tag-faits-divers","13":"tag-fr","14":"tag-france","15":"tag-hauts-de-france","16":"tag-lille","17":"tag-maltraitance-animale","18":"tag-news","19":"tag-police","20":"tag-republique-francaise"},"share_on_mastodon":{"url":"https:\/\/pubeurope.com\/@fr\/114693959128083790","error":""},"_links":{"self":[{"href":"https:\/\/www.europesays.com\/fr\/wp-json\/wp\/v2\/posts\/181225","targetHints":{"allow":["GET"]}}],"collection":[{"href":"https:\/\/www.europesays.com\/fr\/wp-json\/wp\/v2\/posts"}],"about":[{"href":"https:\/\/www.europesays.com\/fr\/wp-json\/wp\/v2\/types\/post"}],"author":[{"embeddable":true,"href":"https:\/\/www.europesays.com\/fr\/wp-json\/wp\/v2\/users\/2"}],"replies":[{"embeddable":true,"href":"https:\/\/www.europesays.com\/fr\/wp-json\/wp\/v2\/comments?post=181225"}],"version-history":[{"count":0,"href":"https:\/\/www.europesays.com\/fr\/wp-json\/wp\/v2\/posts\/181225\/revisions"}],"wp:featuredmedia":[{"embeddable":true,"href":"https:\/\/www.europesays.com\/fr\/wp-json\/wp\/v2\/media\/181226"}],"wp:attachment":[{"href":"https:\/\/www.europesays.com\/fr\/wp-json\/wp\/v2\/media?parent=181225"}],"wp:term":[{"taxonomy":"category","embeddable":true,"href":"https:\/\/www.europesays.com\/fr\/wp-json\/wp\/v2\/categories?post=181225"},{"taxonomy":"post_tag","embeddable":true,"href":"https:\/\/www.europesays.com\/fr\/wp-json\/wp\/v2\/tags?post=181225"}],"curies":[{"name":"wp","href":"https:\/\/api.w.org\/{rel}","templated":true}]}}