{"id":181229,"date":"2025-06-16T16:22:09","date_gmt":"2025-06-16T16:22:09","guid":{"rendered":"https:\/\/www.europesays.com\/fr\/181229\/"},"modified":"2025-06-16T16:22:09","modified_gmt":"2025-06-16T16:22:09","slug":"a-marseille-nouvelle-demonstration-a-la-disqueuse-de-la-lutte-municipale-contre-airbnb","status":"publish","type":"post","link":"https:\/\/www.europesays.com\/fr\/181229\/","title":{"rendered":"\u00c0 Marseille, nouvelle d\u00e9monstration \u00e0 la disqueuse de la lutte municipale contre Airbnb"},"content":{"rendered":"<p>Une maire de secteur gant\u00e9e et masque de protection sur les yeux. Des \u00e9tincelles qui affleurent des disqueuses. Des cadenas qui finissent par c\u00e9der pour lib\u00e9rer les mobiliers urbains des grappes de bo\u00eetes \u00e0 cl\u00e9s dont ils \u00e9taient couverts. La d\u00e9monstration est forte et se veut r\u00e9v\u00e9latrice du <a href=\"https:\/\/www.laprovence.com\/article\/region\/2788421554842914\/restrictions-anti-airbnb-la-ville-de-marseille-confortee-en-justice-face-au-syndicat-des-loueurs-meubles\" target=\"_blank\" rel=\"noopener\">\u00ab\u00a0durcissement\u00a0\u00bb de la r\u00e9glementation sur la location de meubl\u00e9s touristiques dans la deuxi\u00e8me ville de France<\/a>.<\/p>\n<p>Apr\u00e8s une premi\u00e8re op\u00e9ration men\u00e9e en octobre qui avait fait sauter <a href=\"https:\/\/www.laprovence.com\/article\/region\/1030468436418114\/a-marseille-la-ville-s-attaque-aux-locations-saisonnieres-a-la-disqueuse\" target=\"_blank\" rel=\"noopener\">80 bo\u00eetiers dans le quartier du Panier (2e)<\/a>, les services municipaux s\u2019attaquaient au Vieux-Port, ce lundi 16\u00a0juin. <a href=\"https:\/\/www.laprovence.com\/article\/region\/2686894170608814\/redresser-les-quartiers-de-belsunce-et-de-noailles-lenjeu-pour-2025-de-la-maire-des-1e-et-7e-a-marseille\" target=\"_blank\" rel=\"noopener\">L\u2019\u00e9dile (GRS) des 1er-7e, Sophie Camard<\/a>, et l\u2019adjoint au maire (GRS), Patrick Amico, accompagnaient cette action symbolique pour \u00ab\u00a0d\u00e9barrasser l\u2019espace public\u00a0\u00bb de ses cadenas donc mais, surtout, se muaient en VRP de la politique de la Ville sur les locations de tourisme, devenue \u00ab\u00a0l\u2019une des plus serr\u00e9es de France\u00a0\u00bb.<\/p>\n","protected":false},"excerpt":{"rendered":"Une maire de secteur gant\u00e9e et masque de protection sur les yeux. Des \u00e9tincelles qui affleurent des disqueuses.&hellip;\n","protected":false},"author":2,"featured_media":181230,"comment_status":"","ping_status":"","sticky":false,"template":"","format":"standard","meta":{"footnotes":""},"categories":[2814],"tags":[17,1111,11,1444,23453,31883,1777,674,1011,27,7998,884,16009,12,2043,882,25,104],"class_list":{"0":"post-181229","1":"post","2":"type-post","3":"status-publish","4":"format-standard","5":"has-post-thumbnail","7":"category-marseille","8":"tag-17","9":"tag-actu","10":"tag-actualites","11":"tag-contre","12":"tag-demonstration","13":"tag-disqueuse","14":"tag-eu","15":"tag-europe","16":"tag-fr","17":"tag-france","18":"tag-lutte","19":"tag-marseille","20":"tag-municipale","21":"tag-news","22":"tag-nouvelle","23":"tag-provence-alpes-cote-dazur","24":"tag-republique-francaise","25":"tag-societe"},"share_on_mastodon":{"url":"https:\/\/pubeurope.com\/@fr\/114693966590065253","error":""},"_links":{"self":[{"href":"https:\/\/www.europesays.com\/fr\/wp-json\/wp\/v2\/posts\/181229","targetHints":{"allow":["GET"]}}],"collection":[{"href":"https:\/\/www.europesays.com\/fr\/wp-json\/wp\/v2\/posts"}],"about":[{"href":"https:\/\/www.europesays.com\/fr\/wp-json\/wp\/v2\/types\/post"}],"author":[{"embeddable":true,"href":"https:\/\/www.europesays.com\/fr\/wp-json\/wp\/v2\/users\/2"}],"replies":[{"embeddable":true,"href":"https:\/\/www.europesays.com\/fr\/wp-json\/wp\/v2\/comments?post=181229"}],"version-history":[{"count":0,"href":"https:\/\/www.europesays.com\/fr\/wp-json\/wp\/v2\/posts\/181229\/revisions"}],"wp:featuredmedia":[{"embeddable":true,"href":"https:\/\/www.europesays.com\/fr\/wp-json\/wp\/v2\/media\/181230"}],"wp:attachment":[{"href":"https:\/\/www.europesays.com\/fr\/wp-json\/wp\/v2\/media?parent=181229"}],"wp:term":[{"taxonomy":"category","embeddable":true,"href":"https:\/\/www.europesays.com\/fr\/wp-json\/wp\/v2\/categories?post=181229"},{"taxonomy":"post_tag","embeddable":true,"href":"https:\/\/www.europesays.com\/fr\/wp-json\/wp\/v2\/tags?post=181229"}],"curies":[{"name":"wp","href":"https:\/\/api.w.org\/{rel}","templated":true}]}}