{"id":18123,"date":"2025-04-11T19:54:12","date_gmt":"2025-04-11T19:54:12","guid":{"rendered":"https:\/\/www.europesays.com\/fr\/18123\/"},"modified":"2025-04-11T19:54:12","modified_gmt":"2025-04-11T19:54:12","slug":"franck-haise-explique-les-difficultes-de-nice-par-son-effectif-trop-fourni-france-ogc-nice","status":"publish","type":"post","link":"https:\/\/www.europesays.com\/fr\/18123\/","title":{"rendered":"Franck Haise explique les difficult\u00e9s de Nice par son effectif trop fourni &#8211; France &#8211; OGC Nice"},"content":{"rendered":"<p>L\u2019Aiglon a du plomb dans l\u2019aile.<\/p>\n<p>\u00c0 trois points du podium, la saison de l\u2019OGC Nice a pris la forme de montagnes russes. En plus <a target=\"_blank\" href=\"https:\/\/www.sofoot.com\/articles\/le-cauchemar-de-logc-nice-deja-elimine-de-ligue-europa-apres-sa-defaite-contre-elfsborg\" rel=\"nofollow noopener\">d\u2019une exceptionnelle 35e place en phase de ligue de la nouvelle Ligue Europa<\/a> ou d\u2019une \u00e9limination en Coupe de France par le Stade briochin, l\u2019OGCN reste sur quatre matchs sans succ\u00e8s. <strong>Une forme peu flatteuse<\/strong>, alourdie par <a target=\"_blank\" href=\"https:\/\/www.sofoot.com\/breves\/ligue-1-sauve-par-anthony-lopes-nantes-coule-nice-grace-a-matthis-abline-et-cree-la-surprise\" rel=\"nofollow noopener\">un revers contre Nantes<\/a> la semaine derni\u00e8re (1-2). Ce qui a pouss\u00e9 <strong>Franck Haise \u00e0 tout remettre en question<\/strong>.<\/p>\n<p>Comme le rapporte <a target=\"_blank\" href=\"https:\/\/www.lequipe.fr\/Football\/Article\/A-nice-le-coup-de-pression-de-franck-haise-a-ses-joueurs-va-t-il-porter-ses-fruits\/1553339\" rel=\"nofollow noopener\">L\u2019\u00c9quipe<\/a>, l\u2019ancien Lensois a cherch\u00e9 ce qui poussait \u00e0 de telles contre-performances. Et sa r\u00e9ponse est assez originale, pointant le surplus de joueurs dans son effectif, encore plus \u00e9toff\u00e9 depuis les retours de blessure de J\u00e9r\u00e9mie Boga, Pablo Rosario ou Morgan Sanson. \u00ab\u202fQuand vous jouez tous les trois jours et que vous \u00eates treize, il n\u2019y a pas de probl\u00e8me d\u2019ego. Quand vous \u00eates \u00e9limin\u00e9s de la Coupe d\u2019Europe et de la Coupe de France avec tout un effectif et un match par semaine, ce n\u2019est pas la m\u00eame histoire\u202f\u00bb, a confess\u00e9 l\u2019entra\u00eeneur.<\/p>\n<p>\u00c7a casse comme Brice<\/p>\n<p>Afin de trouver un second souffle et de bien terminer la saison, Franck Haise s\u2019est employ\u00e9 \u00e0 briser la monotonie des entra\u00eenements en<strong> changeant toutes les s\u00e9ances de la semaine<\/strong>. Cette initiative aurait \u00e9t\u00e9 re\u00e7ue positivement par les joueurs. Et, avant d\u2019affronter samedi des Strasbourgeois qui vivent un r\u00eave collectif,<strong> l\u2019Azur\u00e9en assume le r\u00f4le de l\u2019outsider<\/strong>. En cas d\u2019\u00e9chec en fin de saison, un changement d\u2019entra\u00eeneur aurait m\u00eame \u00e9t\u00e9 \u00e9voqu\u00e9.<\/p>\n<p>La promenade, c\u2019est que pour les Anglais.<\/p>\n<p>\t\t\t\t\t\t\t\t\t\t<a class=\"lien-connexe\" href=\"https:\/\/www.sofoot.com\/articles\/ligue-1-marseille-monaco-strasbourg-lyon-nice-et-lille-six-equipes-en-cinq-points-pour-trois-places-en-ligue-des-champions\" rel=\"nofollow noopener\" target=\"_blank\">La course \u00e0 la Ligue des champions, le sel de la fin de saison<\/a>\t\t\t\t\t<\/p>\n","protected":false},"excerpt":{"rendered":"L\u2019Aiglon a du plomb dans l\u2019aile. \u00c0 trois points du podium, la saison de l\u2019OGC Nice a pris&hellip;\n","protected":false},"author":2,"featured_media":18124,"comment_status":"","ping_status":"","sticky":false,"template":"","format":"standard","meta":{"footnotes":""},"categories":[2819],"tags":[1111,47,11,61,69,65,64,1777,674,63,1011,27,68,66,12,62,2401,70,882,25,67],"class_list":{"0":"post-18123","1":"post","2":"type-post","3":"status-publish","4":"format-standard","5":"has-post-thumbnail","7":"category-nice","8":"tag-actu","9":"tag-actualite","10":"tag-actualites","11":"tag-actus-football","12":"tag-bundesliga","13":"tag-championnats-europeens","14":"tag-equipe-de-france","15":"tag-eu","16":"tag-europe","17":"tag-football","18":"tag-fr","19":"tag-france","20":"tag-ligua","21":"tag-ligue-1","22":"tag-news","23":"tag-news-foot","24":"tag-nice","25":"tag-premier-league","26":"tag-provence-alpes-cote-dazur","27":"tag-republique-francaise","28":"tag-serie-a"},"share_on_mastodon":{"url":"https:\/\/pubeurope.com\/@fr\/114321087797490317","error":""},"_links":{"self":[{"href":"https:\/\/www.europesays.com\/fr\/wp-json\/wp\/v2\/posts\/18123","targetHints":{"allow":["GET"]}}],"collection":[{"href":"https:\/\/www.europesays.com\/fr\/wp-json\/wp\/v2\/posts"}],"about":[{"href":"https:\/\/www.europesays.com\/fr\/wp-json\/wp\/v2\/types\/post"}],"author":[{"embeddable":true,"href":"https:\/\/www.europesays.com\/fr\/wp-json\/wp\/v2\/users\/2"}],"replies":[{"embeddable":true,"href":"https:\/\/www.europesays.com\/fr\/wp-json\/wp\/v2\/comments?post=18123"}],"version-history":[{"count":0,"href":"https:\/\/www.europesays.com\/fr\/wp-json\/wp\/v2\/posts\/18123\/revisions"}],"wp:featuredmedia":[{"embeddable":true,"href":"https:\/\/www.europesays.com\/fr\/wp-json\/wp\/v2\/media\/18124"}],"wp:attachment":[{"href":"https:\/\/www.europesays.com\/fr\/wp-json\/wp\/v2\/media?parent=18123"}],"wp:term":[{"taxonomy":"category","embeddable":true,"href":"https:\/\/www.europesays.com\/fr\/wp-json\/wp\/v2\/categories?post=18123"},{"taxonomy":"post_tag","embeddable":true,"href":"https:\/\/www.europesays.com\/fr\/wp-json\/wp\/v2\/tags?post=18123"}],"curies":[{"name":"wp","href":"https:\/\/api.w.org\/{rel}","templated":true}]}}