{"id":181232,"date":"2025-06-16T16:24:12","date_gmt":"2025-06-16T16:24:12","guid":{"rendered":"https:\/\/www.europesays.com\/fr\/181232\/"},"modified":"2025-06-16T16:24:12","modified_gmt":"2025-06-16T16:24:12","slug":"lyon-le-message-incendiaire-de-pompiers-du-rhone-a-leur-futur-patron-fait-reagir","status":"publish","type":"post","link":"https:\/\/www.europesays.com\/fr\/181232\/","title":{"rendered":"Lyon. Le message incendiaire de pompiers du Rh\u00f4ne \u00e0 leur futur patron fait r\u00e9agir"},"content":{"rendered":"<p>            Par<br \/>\n        <strong><br \/>\n            <a href=\"https:\/\/actu.fr\/auteur\/anthony-soudani\" title=\"Consulter tous les articles de Anthony Soudani\" rel=\"nofollow noopener\" target=\"_blank\">Anthony Soudani<\/a><br \/>\n        <\/strong><\/p>\n<p>        Publi\u00e9 le<\/p>\n<p>            16 juin 2025 \u00e0 17h41        <\/p>\n<p>\u00ab\u00a0Ne fais pas semblant de d\u00e9couvrir ce que tu t\u2019appr\u00eates peut-\u00eatre \u00e0 piloter. Si tu arrives, c\u2019est en connaissance de cause. Tu sais tr\u00e8s bien o\u00f9 tu mets les pieds.\u00a0\u00bb Le ton est donn\u00e9. Le syndicat Sud Solidaires, majoritaire au sein du SDMIS, a envoy\u00e9 un message fort au futur patron des <a href=\"https:\/\/actu.fr\/auvergne-rhone-alpes\/l-arbresle_69010\/pres-de-lyon-un-incendie-detruit-entierement-une-maison-des-pompiers-en-colere_62477123.html\" rel=\"nofollow noopener\" target=\"_blank\">sapeurs-pompiers<\/a> de la m\u00e9tropole de <a href=\"https:\/\/actu.fr\/lyon\/\" rel=\"nofollow noopener\" target=\"_blank\">Lyon<\/a> et du Rh\u00f4ne. <br \/>Une lettre datant d\u2019avril dernier ressurgit et fait \u00e9norm\u00e9ment r\u00e9agir, provoquant les foudres de la direction.<strong> Le torchon br\u00fble<\/strong> alors que le nouveau directeur a \u00e9t\u00e9 nomm\u00e9 vendredi 13 juin. Il s\u2019agit du colonel St\u00e9phane Gouezec, aujourd\u2019hui \u00e0 la t\u00eate du SDIS 76.<\/p>\n<p>\u00ab\u00a0Ici, les conflits sont malheureusement r\u00e9currents\u00a0\u00bb<\/p>\n<p class=\" wall-content\">\u00ab\u00a0Ici, au SDMIS, les conflits sont malheureusement r\u00e9currents\u2026 Et pas toujours \u00e0 l\u2019origine des agents et des repr\u00e9sentants du personnel. Il y en a un en cours depuis octobre 2024, et si tu viens, pr\u00e9pare-toi \u00e0 en g\u00e9rer un autre en octobre 2025. Ce n\u2019est pas une menace, c\u2019est la r\u00e9alit\u00e9 du terrain\u00a0\u00bb, est-il \u00e9crit dans la lettre du syndicat Sud Solidaires que la r\u00e9daction d\u2019actu Lyon s\u2019est procur\u00e9e.<\/p>\n<p class=\" wall-content\">En effet, la <a href=\"https:\/\/actu.fr\/auvergne-rhone-alpes\/lyon_69123\/lyon-les-pompiers-mettent-fin-a-la-greve-et-recoivent-plusieurs-mesures-de-soutien_62276384.html\" rel=\"nofollow noopener\" target=\"_blank\">gr\u00e8ve des sapeurs-pompiers du Rh\u00f4ne<\/a> est pour l\u2019heure suspendue mais devrait bien reprendre en octobre 2025. \u00ab\u00a0Oui, il manque du monde. Oui, le pouvoir d\u2019achat est en chute libre. Oui, les conditions de travail sont discutables. Et non, on ne te laissera pas passer une ann\u00e9e \u00ab d\u2019observation \u00bb comme tes pr\u00e9d\u00e9cesseurs, qui ont souvent transform\u00e9 leur arriv\u00e9e ou leur d\u00e9part en ann\u00e9e blanche.\u00a0\u00bb<\/p>\n<p>\u00ab\u00a0On a besoin d\u2019un capitaine qui assume\u00a0\u00bb<\/p>\n<p class=\" wall-content\">Le ton employ\u00e9 dans la lettre est cors\u00e9. Et cela ne s\u2019arr\u00eate pas l\u00e0 : \u00ab\u00a0Tu prends tes fonctions le 1er du mois ? Parfait. Le 2, nous serons dans ton bureau. <strong>On ne viendra pas t\u2019agresser, on viendra te parler franchement.<\/strong> Et on attendra des actes, pas des promesses, pas des comit\u00e9s Th\u00e9odule (groupes de travail), pas des phrases creuses sur \u00ab le temps de la r\u00e9forme \u00bb ou \u00ab l\u2019\u00e9coute des parties prenantes \u00bb.\u00a0\u00bb<\/p>\n<blockquote class=\"ac-article-quote wall-content\">\n<p>On a besoin d\u2019un capitaine. Quelqu\u2019un qui tient la barre. Quelqu\u2019un qui assume. Quelqu\u2019un qui comprend que la maison br\u00fble, pas en m\u00e9taphore, mais pour de vrai, et qu\u2019on est trop peu pour l\u2019\u00e9teindre. Alors si tu n\u2019as pas les \u00e9paules, ne perds pas ton temps. Et ne perds pas le n\u00f4tre. Les femmes et les hommes du SDMIS t\u2019attendent. Et ils te regarderont dans les yeux.<\/p>\n<p>    <strong>Syndicat Sud Solidares<\/strong><br \/>\n        extrait d&rsquo;une lettre    <\/p><\/blockquote>\n<p>L\u2019actuel directeur \u00ab\u00a0profond\u00e9ment interpell\u00e9 par la brutalit\u00e9\u00a0\u00bb<\/p>\n<p class=\" wall-content\">L\u2019actuel directeur d\u00e9partemental des sapeurs-pompiers, Emmanuel Clavaud, a peu go\u00fbt\u00e9 \u00e0 cette missive. \u00ab\u00a0Votre \u00ab lettre ouverte au futur directeur du SDMIS \u00bb m\u2019a profond\u00e9ment interpell\u00e9, notamment par la brutalit\u00e9 qui en \u00e9mane et par certains sous-entendus qui laissent libre cours \u00e0 de trop nombreuses interpr\u00e9tations.\u00a0\u00bb<\/p>\n<p class=\" wall-content\">Il d\u00e9nonce des all\u00e9gations mensong\u00e8res et une attaque gratuite contre sa personne dans un courrier sign\u00e9 de sa main le 10 avril 2025.<\/p>\n<p>\u00ab\u00a0Menaces, intimidations et calomnies mensong\u00e8res\u00a0\u00bb d\u00e9nonc\u00e9es<\/p>\n<p class=\" wall-content\">L\u2019Association nationale des directeurs d\u00e9partementaux et des directeurs d\u00e9partementaux adjoints des services d\u2019incendie et de secours a \u00e9galement r\u00e9agi dans la foul\u00e9e, le 11 avril dernier.\u00a0<\/p>\n<p class=\" wall-content\">\u00ab\u00a0Cette lettre, traduit<strong> la d\u00e9rive<\/strong> dans laquelle semblent malheureusement s\u2019inscrire ces derniers mois une minorit\u00e9 de repr\u00e9sentants locaux de syndicats de sapeurs-pompiers professionnels. Les menaces, les intimidations, les calomnies mensong\u00e8res, les attaques m\u00e9diatiques personnalis\u00e9es des directions d\u00e9partementales sont en train de s\u2019ancrer de mani\u00e8re permanente au sein de trop nombreux SDIS aujourd\u2019hui\u00a0\u00bb, \u00e9crit l\u2019association.<\/p>\n<p class=\" wall-content\">L\u2019ambiance est donc terriblement tendue avant la prise de fonction le 1er juillet 2025 de St\u00e9phane Gouezec, nouveau directeur du SDMIS. Les braises de la r\u00e9volte syndicale sont encore tr\u00e8s chaudes\u2026<\/p>\n<p class=\" wall-content\">Suivez toute l\u2019actualit\u00e9 de vos villes et m\u00e9dias favoris en vous inscrivant \u00e0 <a href=\"https:\/\/moncompte.actu.fr\" title=\"D\u00e9couvez Mon Actu\" rel=\"nofollow noopener\" data-trk=\"{&quot;cta&quot;:{&quot;action&quot;:&quot;https:\\\/\\\/moncompte.actu.fr&quot;,&quot;category&quot;:&quot;mon compte&quot;,&quot;from&quot;:&quot;article footer&quot;,&quot;name&quot;:&quot;Mon actu&quot;,&quot;type&quot;:&quot;cta&quot;}}\" target=\"_blank\">Mon Actu<\/a>.<\/p>\n","protected":false},"excerpt":{"rendered":"Par Anthony Soudani Publi\u00e9 le 16 juin 2025 \u00e0 17h41 \u00ab\u00a0Ne fais pas semblant de d\u00e9couvrir ce que&hellip;\n","protected":false},"author":2,"featured_media":181233,"comment_status":"","ping_status":"","sticky":false,"template":"","format":"standard","meta":{"footnotes":""},"categories":[1889],"tags":[1111,11,2430,1777,674,1011,27,2428,12,1311,25,104,3427],"class_list":{"0":"post-181232","1":"post","2":"type-post","3":"status-publish","4":"format-standard","5":"has-post-thumbnail","7":"category-lyon","8":"tag-actu","9":"tag-actualites","10":"tag-auvergne-rhone-alpes","11":"tag-eu","12":"tag-europe","13":"tag-fr","14":"tag-france","15":"tag-lyon","16":"tag-news","17":"tag-pompiers","18":"tag-republique-francaise","19":"tag-societe","20":"tag-syndicats"},"share_on_mastodon":{"url":"https:\/\/pubeurope.com\/@fr\/114693974513917086","error":""},"_links":{"self":[{"href":"https:\/\/www.europesays.com\/fr\/wp-json\/wp\/v2\/posts\/181232","targetHints":{"allow":["GET"]}}],"collection":[{"href":"https:\/\/www.europesays.com\/fr\/wp-json\/wp\/v2\/posts"}],"about":[{"href":"https:\/\/www.europesays.com\/fr\/wp-json\/wp\/v2\/types\/post"}],"author":[{"embeddable":true,"href":"https:\/\/www.europesays.com\/fr\/wp-json\/wp\/v2\/users\/2"}],"replies":[{"embeddable":true,"href":"https:\/\/www.europesays.com\/fr\/wp-json\/wp\/v2\/comments?post=181232"}],"version-history":[{"count":0,"href":"https:\/\/www.europesays.com\/fr\/wp-json\/wp\/v2\/posts\/181232\/revisions"}],"wp:featuredmedia":[{"embeddable":true,"href":"https:\/\/www.europesays.com\/fr\/wp-json\/wp\/v2\/media\/181233"}],"wp:attachment":[{"href":"https:\/\/www.europesays.com\/fr\/wp-json\/wp\/v2\/media?parent=181232"}],"wp:term":[{"taxonomy":"category","embeddable":true,"href":"https:\/\/www.europesays.com\/fr\/wp-json\/wp\/v2\/categories?post=181232"},{"taxonomy":"post_tag","embeddable":true,"href":"https:\/\/www.europesays.com\/fr\/wp-json\/wp\/v2\/tags?post=181232"}],"curies":[{"name":"wp","href":"https:\/\/api.w.org\/{rel}","templated":true}]}}