{"id":181236,"date":"2025-06-16T16:26:09","date_gmt":"2025-06-16T16:26:09","guid":{"rendered":"https:\/\/www.europesays.com\/fr\/181236\/"},"modified":"2025-06-16T16:26:09","modified_gmt":"2025-06-16T16:26:09","slug":"le-nouveau-schema-directeur-damenagement-francilien-entre-en-vigueur","status":"publish","type":"post","link":"https:\/\/www.europesays.com\/fr\/181236\/","title":{"rendered":"le nouveau sch\u00e9ma directeur d&rsquo;am\u00e9nagement francilien entre en vigueur"},"content":{"rendered":"<p>L&rsquo;\u00c9tat a approuv\u00e9 par un d\u00e9cret, publi\u00e9 le 12 juin 2025 au Journal officiel, le nouveau sch\u00e9ma directeur d&rsquo;am\u00e9nagement et d&rsquo;urbanisme\u00a0\u00ab\u00a0environnemental\u00a0\u00bb (Sdrif-e) de la R\u00e9gion \u00cele-de-France d&rsquo;ici \u00e0 2040. Ce d\u00e9cret acte ainsi l&rsquo;entr\u00e9e en vigueur de ce document de planification du territoire francilien, apr\u00e8s sa validation par le Conseil d&rsquo;\u00c9tat. Les documents d&rsquo;urbanisme\u00a0locaux devront d\u00e9sormais \u00eatre rendus\u00a0compatibles avec ce\u00a0Sdrif-e.<br \/>\nCe document a \u00e9t\u00e9 adopt\u00e9 par le Conseil&#8230;<\/p>\n<p>Article publi\u00e9 le 16 juin 2025<\/p>\n","protected":false},"excerpt":{"rendered":"L&rsquo;\u00c9tat a approuv\u00e9 par un d\u00e9cret, publi\u00e9 le 12 juin 2025 au Journal officiel, le nouveau sch\u00e9ma directeur&hellip;\n","protected":false},"author":2,"featured_media":181237,"comment_status":"","ping_status":"","sticky":false,"template":"","format":"standard","meta":{"footnotes":""},"categories":[1592],"tags":[21806,14427,21809,21810,1111,21805,47,11,4763,2965,2813,21811,21807,21804,21808,21818,4858,51,893,436,18315,1777,674,1011,27,21813,21815,662,6417,12,6334,626,21812,1800,4048,21816,21814,3887,25,4510,17429,895,21817],"class_list":{"0":"post-181236","1":"post","2":"type-post","3":"status-publish","4":"format-standard","5":"has-post-thumbnail","7":"category-ile-de-france","8":"tag-cologie","9":"tag-nergie","10":"tag-nergies-renouvelables","11":"tag-olien","12":"tag-actu","13":"tag-actualit","14":"tag-actualite","15":"tag-actualites","16":"tag-agenda","17":"tag-air","18":"tag-article","19":"tag-biomasse","20":"tag-dchet","21":"tag-dveloppement-durable","22":"tag-dechet","23":"tag-e-zine","24":"tag-eau","25":"tag-ecologie","26":"tag-energie","27":"tag-environnement","28":"tag-eolien","29":"tag-eu","30":"tag-europe","31":"tag-fr","32":"tag-france","33":"tag-hse","34":"tag-hygine","35":"tag-ile-de-france","36":"tag-information","37":"tag-news","38":"tag-newsletter","39":"tag-paris","40":"tag-photovoltaique","41":"tag-pollution","42":"tag-presse","43":"tag-propret","44":"tag-qse","45":"tag-recyclage","46":"tag-republique-francaise","47":"tag-risque","48":"tag-sol","49":"tag-solaire","50":"tag-webzine"},"share_on_mastodon":{"url":"","error":"Validation failed: Text character limit of 500 exceeded"},"_links":{"self":[{"href":"https:\/\/www.europesays.com\/fr\/wp-json\/wp\/v2\/posts\/181236","targetHints":{"allow":["GET"]}}],"collection":[{"href":"https:\/\/www.europesays.com\/fr\/wp-json\/wp\/v2\/posts"}],"about":[{"href":"https:\/\/www.europesays.com\/fr\/wp-json\/wp\/v2\/types\/post"}],"author":[{"embeddable":true,"href":"https:\/\/www.europesays.com\/fr\/wp-json\/wp\/v2\/users\/2"}],"replies":[{"embeddable":true,"href":"https:\/\/www.europesays.com\/fr\/wp-json\/wp\/v2\/comments?post=181236"}],"version-history":[{"count":0,"href":"https:\/\/www.europesays.com\/fr\/wp-json\/wp\/v2\/posts\/181236\/revisions"}],"wp:featuredmedia":[{"embeddable":true,"href":"https:\/\/www.europesays.com\/fr\/wp-json\/wp\/v2\/media\/181237"}],"wp:attachment":[{"href":"https:\/\/www.europesays.com\/fr\/wp-json\/wp\/v2\/media?parent=181236"}],"wp:term":[{"taxonomy":"category","embeddable":true,"href":"https:\/\/www.europesays.com\/fr\/wp-json\/wp\/v2\/categories?post=181236"},{"taxonomy":"post_tag","embeddable":true,"href":"https:\/\/www.europesays.com\/fr\/wp-json\/wp\/v2\/tags?post=181236"}],"curies":[{"name":"wp","href":"https:\/\/api.w.org\/{rel}","templated":true}]}}