{"id":18125,"date":"2025-04-11T19:55:08","date_gmt":"2025-04-11T19:55:08","guid":{"rendered":"https:\/\/www.europesays.com\/fr\/18125\/"},"modified":"2025-04-11T19:55:08","modified_gmt":"2025-04-11T19:55:08","slug":"au-printemps-les-donneurs-de-sang-font-fleurir-lespoir","status":"publish","type":"post","link":"https:\/\/www.europesays.com\/fr\/18125\/","title":{"rendered":"Au printemps, les donneurs de sang font fleurir l\u2019espoir"},"content":{"rendered":"<p>L\u2019Association pour le don de sang b\u00e9n\u00e9vole de Pontch\u00e2teau (ADSBP), cr\u00e9\u00e9e il y a un an, rassemble 14\u00a0b\u00e9n\u00e9voles dans la commune.\u00a0En 2024, sept collectes de sang ont \u00e9t\u00e9 organis\u00e9es, elles ont accueilli 552\u00a0donneurs, dont 45\u00a0venaient pour la\u00a0premi\u00e8re fois.<\/p>\n<p>Patrice Gourhand, pr\u00e9sident de l\u2019association, souligne la croissance remarquable du nombre de donneurs \u00e2g\u00e9s de moins de 24\u00a0ans\u00a0: <strong>\u00ab\u00a0Ils ont \u00e9t\u00e9 62 \u00e0 se pr\u00e9senter cette ann\u00e9e lors des collectes contre 23\u00a0l\u2019ann\u00e9e pr\u00e9c\u00e9dente.\u00a0\u00bb<\/strong> Pascale Derache, pr\u00e9sidente de l\u2019Union s\u00e9partementale des donneurs de qang ajoute\u00a0: <strong>\u00ab\u00a0Chaque ann\u00e9e, 82\u00a0800\u00a0dons r\u00e9partis entre le sang, le plasma et les plaquettes sont n\u00e9cessaires en Loire-Atlantique\u00a0\u00bb.<\/strong><\/p>\n<p><strong>Des besoins en plasma<\/strong><\/p>\n<p>Patrice Gourhand met cette ann\u00e9e le cap sur le don de plasma et indique que les efforts engag\u00e9s sur ce type de don commencent \u00e0 porter leurs fruits car en 2024, l\u2019\u00e9tablissement fran\u00e7ais du sang a constat\u00e9 un record de pr\u00e9l\u00e8vements de plasma depuis 12\u00a0ans. Pour \u00eatre en mesure de r\u00e9pondre aux besoins de plasma (1,4\u00a0million de litres par an), l\u2019EFS a lanc\u00e9 le\u00a0programme \u00ab\u00a0Ambition Plasma\u00a0\u00bb qui se traduit par l\u2019objectif de collecter cette ann\u00e9e en r\u00e9gion Centre Pays de la Loire 42\u00a0000\u00a0poches de plasma (soit 18\u00a0% de plus par rapport \u00e0 2024). Pour les Pontch\u00e2telains, le don de plasma n\u2019est pas possible lors de la collecte organis\u00e9e localement, il doit \u00eatre r\u00e9alis\u00e9 en maison du don \u00e0 <a href=\"https:\/\/dondesang.efs.sante.fr\/don-de-plasma\" rel=\"nofollow noopener\" target=\"_blank\">Nantes<\/a> ou <a href=\"https:\/\/dondesang.efs.sante.fr\/don-de-plasma\" rel=\"nofollow noopener\" target=\"_blank\">Saint-Nazaire<\/a>.<\/p>\n<p>Appel aux donneurs et b\u00e9n\u00e9voles<\/p>\n<p>L\u2019association lance un appel aux b\u00e9n\u00e9voles et aux donneurs. <strong>\u00ab\u00a0Avec l\u2019arriv\u00e9e du printemps, la nature reprend vie. C\u2019est aussi une p\u00e9riode propice pour semer un peu plus de solidarit\u00e9 autour de nous\u00a0! Surtout que nos r\u00e9serves de sang sont actuellement faibles. En effet, le don de sang, geste simple mais \u00f4 combien pr\u00e9cieux, peut sauver pr\u00e8s d\u2019un million de vies chaque ann\u00e9e\u00a0: qu\u2019il s\u2019agisse d\u2019une femme qui accouche, d\u2019une personne victime d\u2019un accident tragique ou encore d\u2019un patient luttant contre le cancer.\u00a0\u00bb<\/strong><\/p>\n<p><strong>Lundi 14\u00a0avril,<\/strong> collecte de sang, de 16\u00a0h \u00e0 19\u00a0h\u00a030, salle de la Boule-d\u2019Or.\u00a0Sur rendez-vous\u00a0: <a href=\"https:\/\/dondesang.efs.sante.fr\/\" rel=\"nofollow noopener\" target=\"_blank\">dondesang.efs.sante.fr<\/a>. Pi\u00e8ce d\u2019identit\u00e9 obligatoire.<\/p>\n<p>\u00a0<\/p>\n","protected":false},"excerpt":{"rendered":"L\u2019Association pour le don de sang b\u00e9n\u00e9vole de Pontch\u00e2teau (ADSBP), cr\u00e9\u00e9e il y a un an, rassemble 14\u00a0b\u00e9n\u00e9voles&hellip;\n","protected":false},"author":2,"featured_media":18126,"comment_status":"","ping_status":"","sticky":false,"template":"","format":"standard","meta":{"footnotes":""},"categories":[2818],"tags":[1111,11,7232,7236,1777,674,7235,7234,1011,27,766,12,2636,4767,25,7233],"class_list":{"0":"post-18125","1":"post","2":"type-post","3":"status-publish","4":"format-standard","5":"has-post-thumbnail","7":"category-nantes","8":"tag-actu","9":"tag-actualites","10":"tag-donneurs","11":"tag-espoir","12":"tag-eu","13":"tag-europe","14":"tag-fleurir","15":"tag-font","16":"tag-fr","17":"tag-france","18":"tag-nantes","19":"tag-news","20":"tag-pays-de-la-loire","21":"tag-printemps","22":"tag-republique-francaise","23":"tag-sang"},"share_on_mastodon":{"url":"https:\/\/pubeurope.com\/@fr\/114321091697697613","error":""},"_links":{"self":[{"href":"https:\/\/www.europesays.com\/fr\/wp-json\/wp\/v2\/posts\/18125","targetHints":{"allow":["GET"]}}],"collection":[{"href":"https:\/\/www.europesays.com\/fr\/wp-json\/wp\/v2\/posts"}],"about":[{"href":"https:\/\/www.europesays.com\/fr\/wp-json\/wp\/v2\/types\/post"}],"author":[{"embeddable":true,"href":"https:\/\/www.europesays.com\/fr\/wp-json\/wp\/v2\/users\/2"}],"replies":[{"embeddable":true,"href":"https:\/\/www.europesays.com\/fr\/wp-json\/wp\/v2\/comments?post=18125"}],"version-history":[{"count":0,"href":"https:\/\/www.europesays.com\/fr\/wp-json\/wp\/v2\/posts\/18125\/revisions"}],"wp:featuredmedia":[{"embeddable":true,"href":"https:\/\/www.europesays.com\/fr\/wp-json\/wp\/v2\/media\/18126"}],"wp:attachment":[{"href":"https:\/\/www.europesays.com\/fr\/wp-json\/wp\/v2\/media?parent=18125"}],"wp:term":[{"taxonomy":"category","embeddable":true,"href":"https:\/\/www.europesays.com\/fr\/wp-json\/wp\/v2\/categories?post=18125"},{"taxonomy":"post_tag","embeddable":true,"href":"https:\/\/www.europesays.com\/fr\/wp-json\/wp\/v2\/tags?post=18125"}],"curies":[{"name":"wp","href":"https:\/\/api.w.org\/{rel}","templated":true}]}}