{"id":181258,"date":"2025-06-16T16:37:12","date_gmt":"2025-06-16T16:37:12","guid":{"rendered":"https:\/\/www.europesays.com\/fr\/181258\/"},"modified":"2025-06-16T16:37:12","modified_gmt":"2025-06-16T16:37:12","slug":"kosta-kastrinidis-la-crise-du-logement-est-europeenne-mais-la-reponse-doit-etre-adaptee-a-chaque-pays","status":"publish","type":"post","link":"https:\/\/www.europesays.com\/fr\/181258\/","title":{"rendered":"Kosta Kastrinidis : \u00ab\u00a0La crise du logement est europ\u00e9enne, mais la r\u00e9ponse doit \u00eatre adapt\u00e9e \u00e0 chaque pays\u00a0\u00bb"},"content":{"rendered":"<p>\tKosta Kastrinidis : \u00ab\u00a0La crise du logement est europ\u00e9enne, mais la r\u00e9ponse doit \u00eatre adapt\u00e9e \u00e0 chaque pays\u00a0\u00bb &#8211; Touteleurope.eu<\/p>\n<p>\t\t<img decoding=\"async\" alt=\"fermer\" class=\"close-info\" src=\"https:\/\/www.touteleurope.eu\/wp-content\/themes\/toute_leurope\/assets\/images\/close-picto-blue.svg\"\/><\/p>\n<p>Touteleurope.eu est le site p\u00e9dagogique de r\u00e9f\u00e9rence sur les questions europ\u00e9ennes : <a href=\"https:\/\/www.touteleurope.eu\/qui-sommes-nous\/\" target=\"_blank\" rel=\"noopener\">Qui sommes-nous ?<\/a><\/p>\n<p><img decoding=\"async\" class=\"logo-pdf\" alt=\"Toute L'Europe \u2013 Comprendre l'Europe\" src=\"data:image\/svg+xml,%3Csvg%20xmlns=\" http:=\"\" data-lazy-src=\"https:\/\/www.touteleurope.eu\/wp-content\/themes\/toute_leurope\/assets\/images\/logo-ttl.svg\"\/><\/p>\n","protected":false},"excerpt":{"rendered":"Kosta Kastrinidis : \u00ab\u00a0La crise du logement est europ\u00e9enne, mais la r\u00e9ponse doit \u00eatre adapt\u00e9e \u00e0 chaque pays\u00a0\u00bb&hellip;\n","protected":false},"author":2,"featured_media":181259,"comment_status":"","ping_status":"","sticky":false,"template":"","format":"standard","meta":{"footnotes":""},"categories":[1586],"tags":[11,2498,31888,1129,33,436,1777,674,1011,27,693,12,25,801,4426],"class_list":{"0":"post-181258","1":"post","2":"type-post","3":"status-publish","4":"format-standard","5":"has-post-thumbnail","7":"category-europe","8":"tag-actualites","9":"tag-banque-europeenne-dinvestissement","10":"tag-caisse-des-depots","11":"tag-climat","12":"tag-economie","13":"tag-environnement","14":"tag-eu","15":"tag-europe","16":"tag-fr","17":"tag-france","18":"tag-industrie","19":"tag-news","20":"tag-republique-francaise","21":"tag-social","22":"tag-transition-energetique"},"share_on_mastodon":{"url":"https:\/\/pubeurope.com\/@fr\/114694025955018706","error":""},"_links":{"self":[{"href":"https:\/\/www.europesays.com\/fr\/wp-json\/wp\/v2\/posts\/181258","targetHints":{"allow":["GET"]}}],"collection":[{"href":"https:\/\/www.europesays.com\/fr\/wp-json\/wp\/v2\/posts"}],"about":[{"href":"https:\/\/www.europesays.com\/fr\/wp-json\/wp\/v2\/types\/post"}],"author":[{"embeddable":true,"href":"https:\/\/www.europesays.com\/fr\/wp-json\/wp\/v2\/users\/2"}],"replies":[{"embeddable":true,"href":"https:\/\/www.europesays.com\/fr\/wp-json\/wp\/v2\/comments?post=181258"}],"version-history":[{"count":0,"href":"https:\/\/www.europesays.com\/fr\/wp-json\/wp\/v2\/posts\/181258\/revisions"}],"wp:featuredmedia":[{"embeddable":true,"href":"https:\/\/www.europesays.com\/fr\/wp-json\/wp\/v2\/media\/181259"}],"wp:attachment":[{"href":"https:\/\/www.europesays.com\/fr\/wp-json\/wp\/v2\/media?parent=181258"}],"wp:term":[{"taxonomy":"category","embeddable":true,"href":"https:\/\/www.europesays.com\/fr\/wp-json\/wp\/v2\/categories?post=181258"},{"taxonomy":"post_tag","embeddable":true,"href":"https:\/\/www.europesays.com\/fr\/wp-json\/wp\/v2\/tags?post=181258"}],"curies":[{"name":"wp","href":"https:\/\/api.w.org\/{rel}","templated":true}]}}