{"id":181261,"date":"2025-06-16T16:39:12","date_gmt":"2025-06-16T16:39:12","guid":{"rendered":"https:\/\/www.europesays.com\/fr\/181261\/"},"modified":"2025-06-16T16:39:12","modified_gmt":"2025-06-16T16:39:12","slug":"la-gbu-57-puissante-bombe-anti-bunker-quisrael-reclame-pour-detruire-le-programme-nucleaire-iranien-liberation","status":"publish","type":"post","link":"https:\/\/www.europesays.com\/fr\/181261\/","title":{"rendered":"La GBU-57, puissante bombe anti-bunker qu\u2019Isra\u00ebl r\u00e9clame pour d\u00e9truire le programme nucl\u00e9aire iranien \u2013 Lib\u00e9ration"},"content":{"rendered":"<p class=\"sc-ksZaOG ehjQrN text-element\">Fendre une montagne. C\u2019est peu ou prou le potentiel destructeur dont a besoin l\u2019Etat h\u00e9breu pour d\u00e9truire les sites iraniens d\u2019enrichissement d\u2019uranium, situ\u00e9s sous des massifs montagneux. C\u2019est l\u2019objectif principal de <a href=\"https:\/\/www.liberation.fr\/international\/moyen-orient\/entre-liran-et-israel-une-quatrieme-nuit-de-bombardements-avant-le-debut-du-g7-20250616_TYGKI3DCJNHCFOCLH72OZPTIOE\/\" target=\"_blank\" rel=\"nofollow noopener\" title=\"https:\/\/www.liberation.fr\/international\/moyen-orient\/entre-liran-et-israel-une-quatrieme-nuit-de-bombardements-avant-le-debut-du-g7-20250616_TYGKI3DCJNHCFOCLH72OZPTIOE\/\">l\u2019offensive \u00abRising Lion\u00bb d\u00e9clench\u00e9e par Isra\u00ebl<\/a> jeudi 12 juin. Les m\u00e9dias iraniens ont affirm\u00e9 que l\u2019aviation isra\u00e9lienne a touch\u00e9 \u00e0 plusieurs reprises le complexe de Natanz. Une installation situ\u00e9e \u00e0 220 km au sud de T\u00e9h\u00e9ran, qui abriterait pr\u00e8s de dix mille centrifugeuses indispensables pour enrichir l\u2019uranium n\u00e9cessaire \u00e0 la confection d\u2019armes atomiques. <\/p>\n<p class=\"sc-ksZaOG ehjQrN text-element\">Les <a href=\"https:\/\/www.liberation.fr\/international\/moyen-orient\/israel-frappe-liran-et-pulverise-les-negociations-sur-le-nucleaire-20250613_F32AUCJ7VZHGNO4BXMG3WLZ3JE\/\" target=\"_blank\" rel=\"noreferrer nofollow noopener\" title=\"https:\/\/www.liberation.fr\/international\/moyen-orient\/israel-frappe-liran-et-pulverise-les-negociations-sur-le-nucleaire-20250613_F32AUCJ7VZHGNO4BXMG3WLZ3JE\/\">frappes isra\u00e9liennes<\/a> auraient endommag\u00e9 le site sans parvenir \u00e0 d\u00e9truire les \u00e9quipements strat\u00e9giques. Selon une note du think tank britannique Rusi, elles sont sit<\/p>\n","protected":false},"excerpt":{"rendered":"Fendre une montagne. C\u2019est peu ou prou le potentiel destructeur dont a besoin l\u2019Etat h\u00e9breu pour d\u00e9truire les&hellip;\n","protected":false},"author":2,"featured_media":181262,"comment_status":"","ping_status":"","sticky":false,"template":"","format":"standard","meta":{"footnotes":""},"categories":[2],"tags":[11,73,1011,27,3019,664,12,25],"class_list":{"0":"post-181261","1":"post","2":"type-post","3":"status-publish","4":"format-standard","5":"has-post-thumbnail","7":"category-actualites","8":"tag-actualites","9":"tag-etats-unis","10":"tag-fr","11":"tag-france","12":"tag-iran","13":"tag-israel","14":"tag-news","15":"tag-republique-francaise"},"share_on_mastodon":{"url":"https:\/\/pubeurope.com\/@fr\/114694033539121107","error":""},"_links":{"self":[{"href":"https:\/\/www.europesays.com\/fr\/wp-json\/wp\/v2\/posts\/181261","targetHints":{"allow":["GET"]}}],"collection":[{"href":"https:\/\/www.europesays.com\/fr\/wp-json\/wp\/v2\/posts"}],"about":[{"href":"https:\/\/www.europesays.com\/fr\/wp-json\/wp\/v2\/types\/post"}],"author":[{"embeddable":true,"href":"https:\/\/www.europesays.com\/fr\/wp-json\/wp\/v2\/users\/2"}],"replies":[{"embeddable":true,"href":"https:\/\/www.europesays.com\/fr\/wp-json\/wp\/v2\/comments?post=181261"}],"version-history":[{"count":0,"href":"https:\/\/www.europesays.com\/fr\/wp-json\/wp\/v2\/posts\/181261\/revisions"}],"wp:featuredmedia":[{"embeddable":true,"href":"https:\/\/www.europesays.com\/fr\/wp-json\/wp\/v2\/media\/181262"}],"wp:attachment":[{"href":"https:\/\/www.europesays.com\/fr\/wp-json\/wp\/v2\/media?parent=181261"}],"wp:term":[{"taxonomy":"category","embeddable":true,"href":"https:\/\/www.europesays.com\/fr\/wp-json\/wp\/v2\/categories?post=181261"},{"taxonomy":"post_tag","embeddable":true,"href":"https:\/\/www.europesays.com\/fr\/wp-json\/wp\/v2\/tags?post=181261"}],"curies":[{"name":"wp","href":"https:\/\/api.w.org\/{rel}","templated":true}]}}