{"id":18127,"date":"2025-04-11T19:56:14","date_gmt":"2025-04-11T19:56:14","guid":{"rendered":"https:\/\/www.europesays.com\/fr\/18127\/"},"modified":"2025-04-11T19:56:14","modified_gmt":"2025-04-11T19:56:14","slug":"carnaval-de-nantes-les-gilles-de-louvroil-accompagnent-les-quinze-chars-qui-illumineront-la-nuit","status":"publish","type":"post","link":"https:\/\/www.europesays.com\/fr\/18127\/","title":{"rendered":"Carnaval de Nantes\u00a0: les Gilles de Louvroil accompagnent les quinze chars qui illumineront la nuit"},"content":{"rendered":"<p>Le roi Octave Ier, les reines de Nantes Eva Lembl\u00e9, Valentine Rabreau et Jennyfer Duschesne et les carnavaliers sont de retour, samedi 12\u00a0avril 2025, dans les rues de Nantes pour le traditionnel d\u00e9fil\u00e9 de nuit\u2026 qui d\u00e9butera \u00e0 partir de 21\u00a0h.<\/p>\n<p>Pendant trois heures, les 15\u00a0chars et les grosses t\u00eates de Daniel Dupou\u00ebt se prom\u00e8neront dans les rues de &#8230;<\/p>\n<p>\u00a0<\/p>\n","protected":false},"excerpt":{"rendered":"Le roi Octave Ier, les reines de Nantes Eva Lembl\u00e9, Valentine Rabreau et Jennyfer Duschesne et les carnavaliers&hellip;\n","protected":false},"author":2,"featured_media":18128,"comment_status":"","ping_status":"","sticky":false,"template":"","format":"standard","meta":{"footnotes":""},"categories":[2818],"tags":[7240,1111,11,7237,4382,1777,674,1011,27,7238,7241,7239,766,12,293,2636,25],"class_list":{"0":"post-18127","1":"post","2":"type-post","3":"status-publish","4":"format-standard","5":"has-post-thumbnail","7":"category-nantes","8":"tag-accompagnent","9":"tag-actu","10":"tag-actualites","11":"tag-carnaval","12":"tag-chars","13":"tag-eu","14":"tag-europe","15":"tag-fr","16":"tag-france","17":"tag-gilles","18":"tag-illumineront","19":"tag-louvroil","20":"tag-nantes","21":"tag-news","22":"tag-nuit","23":"tag-pays-de-la-loire","24":"tag-republique-francaise"},"share_on_mastodon":{"url":"https:\/\/pubeurope.com\/@fr\/114321095677057785","error":""},"_links":{"self":[{"href":"https:\/\/www.europesays.com\/fr\/wp-json\/wp\/v2\/posts\/18127","targetHints":{"allow":["GET"]}}],"collection":[{"href":"https:\/\/www.europesays.com\/fr\/wp-json\/wp\/v2\/posts"}],"about":[{"href":"https:\/\/www.europesays.com\/fr\/wp-json\/wp\/v2\/types\/post"}],"author":[{"embeddable":true,"href":"https:\/\/www.europesays.com\/fr\/wp-json\/wp\/v2\/users\/2"}],"replies":[{"embeddable":true,"href":"https:\/\/www.europesays.com\/fr\/wp-json\/wp\/v2\/comments?post=18127"}],"version-history":[{"count":0,"href":"https:\/\/www.europesays.com\/fr\/wp-json\/wp\/v2\/posts\/18127\/revisions"}],"wp:featuredmedia":[{"embeddable":true,"href":"https:\/\/www.europesays.com\/fr\/wp-json\/wp\/v2\/media\/18128"}],"wp:attachment":[{"href":"https:\/\/www.europesays.com\/fr\/wp-json\/wp\/v2\/media?parent=18127"}],"wp:term":[{"taxonomy":"category","embeddable":true,"href":"https:\/\/www.europesays.com\/fr\/wp-json\/wp\/v2\/categories?post=18127"},{"taxonomy":"post_tag","embeddable":true,"href":"https:\/\/www.europesays.com\/fr\/wp-json\/wp\/v2\/tags?post=18127"}],"curies":[{"name":"wp","href":"https:\/\/api.w.org\/{rel}","templated":true}]}}