{"id":181275,"date":"2025-06-16T16:47:11","date_gmt":"2025-06-16T16:47:11","guid":{"rendered":"https:\/\/www.europesays.com\/fr\/181275\/"},"modified":"2025-06-16T16:47:11","modified_gmt":"2025-06-16T16:47:11","slug":"petrucci-se-tient-pret-a-courir-sur-laprilia-au-mugello","status":"publish","type":"post","link":"https:\/\/www.europesays.com\/fr\/181275\/","title":{"rendered":"Petrucci se tient pr\u00eat \u00e0 courir sur l&rsquo;Aprilia au Mugello"},"content":{"rendered":"<p>Depuis sa blessure le 23 mai pendant les premiers essais du GP de Grande-Bretagne, <a href=\"https:\/\/fr.motorsport.com\/driver\/ai-ogura\/471489\/\" target=\"_blank\" rel=\"noopener\">Ai Ogura<\/a> doit faire preuve de patience. Victime d&rsquo;une fracture sur le haut du tibia, le Japonais a \u00e9t\u00e9 op\u00e9r\u00e9 par laparoscopie et esp\u00e9rait reprendre la course d\u00e8s la manche d&rsquo;Arag\u00f3n, deux semaines plus tard. Il a cependant d\u00fb y renoncer, ses m\u00e9decins ne l&rsquo;ayant pas d\u00e9clar\u00e9 apte \u00e0 faire le d\u00e9placement.<\/p>\n<p>Le pilote Trackhouse Racing a de nouveau espoir d&rsquo;obtenir le feu vert cette semaine, alors que le championnat prend la direction de l&rsquo;Italie. Il doit revoir mardi le Dr \u00c1ngel Charte, le m\u00e9decin du championnat, ainsi que le Dr Joan Carlez Montllau, le chirurgien qui l&rsquo;a op\u00e9r\u00e9, lors d&rsquo;une visite \u00e0 la clinique Dexeus de Barcelone.<\/p>\n<p>S&rsquo;il est jug\u00e9 suffisamment remis pour reprendre le guidon de son Aprilia, Ogura se rendra au Mugello, o\u00f9 l&rsquo;attendra la visite de contr\u00f4le obligatoire \u00e0 tout retour de blessure, jeudi. Dans le cas contraire, l&rsquo;\u00e9quipe Trackhouse sera dans l&rsquo;obligation de le remplacer.<\/p>\n<p>Sachant que le pilote essayeur d&rsquo;Aprilia, <a href=\"https:\/\/fr.motorsport.com\/driver\/lorenzo-savadori\/408147\/\" target=\"_blank\" rel=\"noopener\">Lorenzo Savadori<\/a>, est d\u00e9j\u00e0 sollicit\u00e9 pour assurer l&rsquo;int\u00e9rim de <a href=\"https:\/\/fr.motorsport.com\/driver\/jorge-martin\/109391\/\" target=\"_blank\" rel=\"noopener\">Jorge Mart\u00edn<\/a> dans l&rsquo;\u00e9quipe officielle, il faudrait faire appel \u00e0 un autre pilote compatible. Et c&rsquo;est donc vers <a href=\"https:\/\/fr.motorsport.com\/driver\/danilo-petrucci\/93783\/\" target=\"_blank\" rel=\"noopener\">Danilo Petrucci<\/a> que s&rsquo;est tourn\u00e9 le directeur de l&rsquo;\u00e9quipe, Davide Brivio.<\/p>\n<p>Aujourd&rsquo;hui engag\u00e9 en WorldSBK, l&rsquo;Italien pilote la Ducati du team Barni. Il a obtenu l&rsquo;accord de son \u00e9quipe et une combinaison lui a \u00e9t\u00e9 pr\u00e9par\u00e9e, afin qu&rsquo;il soit pr\u00eat \u00e0 sauter sur la moto si Ogura ne peut pas rouler vendredi.\u00a0Le fait est que la nature de sa blessure oblige le Japonais \u00e0 une r\u00e9cup\u00e9ration compl\u00e8te avant de pouvoir revenir, car toute nouvelle fracture pourrait avoir de lourdes cons\u00e9quences en termes d&rsquo;absence et entra\u00eener des s\u00e9quelles physiques durables.<\/p>\n<p>   <img decoding=\"async\" draggable=\"false\" src=\"https:\/\/www.europesays.com\/fr\/wp-content\/uploads\/2025\/06\/1750092431_886_ai-ogura-trackhouse-racing.jpg\" alt=\"Ai Ogura est 12e du championnat apr\u00e8s avoir disput\u00e9 six Grands Prix.\" width=\"1200\" height=\"800\" loading=\"lazy\"\/> <\/p>\n<p class=\"title\">Ai Ogura est 12e du championnat apr\u00e8s avoir disput\u00e9 six Grands Prix.<\/p>\n<p class=\"photographer\">Photo de: Marc Fleury<\/p>\n<p>Danilo Petrucci, 34 ans, court en WorldSBK depuis deux ans et y compte trois victoires. Le week-end dernier, \u00e0 Misano, il a obtenu un podium et deux autres entr\u00e9es dans le top 5 au guidon de sa Ducati priv\u00e9e, alors qu&rsquo;il occupe le troisi\u00e8me rang du championnat. Son exp\u00e9rience en MotoGP s&rsquo;est \u00e9tendue sur plus de dix ans et il a notamment remport\u00e9 le GP d&rsquo;Italie il y a six ans, au Mugello.<\/p>\n<p>Il a quitt\u00e9 les Grands Prix fin 2021 et a multipli\u00e9 les exp\u00e9riences entre le Dakar et le championnat am\u00e9ricain, avant de trouver sa place en WorldSBK. Il a aussi fait deux apparitions en MotoGP, en 2022 avec Suzuki et en 2023 avec Ducati.\u00a0S&rsquo;il a couru avec ces deux marques ainsi qu&rsquo;avec KTM, il n&rsquo;a encore jamais pilot\u00e9 l&rsquo;Aprilia RS-GP. Son exp\u00e9rience avec la marque de Noale se limite au mod\u00e8le ART align\u00e9 par le team IodaRacing en 2014, d\u00e9riv\u00e9 de la RSV4 et r\u00e9pondant au r\u00e8glement CRT de l&rsquo;\u00e9poque.<\/p>\n<p>Un rapprochement entre Trackhouse et Petrucci avait eu lieu dans l&rsquo;espoir de le faire rouler au guidon de l&rsquo;Aprilia lors du test post-course d&rsquo;Arag\u00f3n, ce qui n&rsquo;avait finalement pas \u00e9t\u00e9 possible pour des questions logistiques et avait permis au pilote Moto2 Manuel Gonzalez de s&rsquo;offrir une premi\u00e8re exp\u00e9rience inesp\u00e9r\u00e9e.<\/p>\n<p>Pour le Grand Prix \u00e0 venir, au Mugello, on sait d&rsquo;ores et d\u00e9j\u00e0 que <a href=\"https:\/\/fr.motorsport.com\/driver\/luca-marini\/201098\/\" target=\"_blank\" rel=\"noopener\">Luca Marini<\/a> manquera \u00e0 l&rsquo;appel. Lourdement accident dans un test \u00e0 Suzuka, le pilote officiel Honda doit c\u00e9der sa place \u00e0 <a href=\"https:\/\/fr.motorsport.com\/driver\/takaaki-nakagami\/109418\/\" target=\"_blank\" rel=\"noopener\">Takaaki Nakagami<\/a> pour cette \u00e9preuve, alors qu&rsquo;il est rentr\u00e9 depuis peu en Italie. Jorge Mart\u00edn est lui aussi absent, devant toujours soigner ses blessures du mois d&rsquo;avril.<\/p>\n<p>Lire aussi :<\/p>\n<p>Dans cet article<\/p>\n<p>    Germ\u00e1n Garcia Casanova\n<\/p>\n<p>    MotoGP\n<\/p>\n<p>    Danilo Petrucci\n<\/p>\n<p>    Ai Ogura\n<\/p>\n<p>    Trackhouse Racing Team\n<\/p>\n<p>Soyez le premier inform\u00e9 et souscrivez aux alertes mails pour recevoir les infos en temps r\u00e9el<\/p>\n<p>    S&rsquo;abonner aux alertes de news<\/p>\n","protected":false},"excerpt":{"rendered":"Depuis sa blessure le 23 mai pendant les premiers essais du GP de Grande-Bretagne, Ai Ogura doit faire&hellip;\n","protected":false},"author":2,"featured_media":181276,"comment_status":"","ping_status":"","sticky":false,"template":"","format":"standard","meta":{"footnotes":""},"categories":[1413],"tags":[3378,31889,1011,27,31123,1457,1456,1458,31124,60,4084],"class_list":{"0":"post-181275","1":"post","2":"type-post","3":"status-publish","4":"format-standard","5":"has-post-thumbnail","7":"category-moto","8":"tag-ai-ogura","9":"tag-danilo-petrucci","10":"tag-fr","11":"tag-france","12":"tag-gp-ditalie","13":"tag-moto","14":"tag-motocycle","15":"tag-motogp","16":"tag-mugello","17":"tag-sports","18":"tag-trackhouse-racing-team"},"share_on_mastodon":{"url":"https:\/\/pubeurope.com\/@fr\/114694064891689295","error":""},"_links":{"self":[{"href":"https:\/\/www.europesays.com\/fr\/wp-json\/wp\/v2\/posts\/181275","targetHints":{"allow":["GET"]}}],"collection":[{"href":"https:\/\/www.europesays.com\/fr\/wp-json\/wp\/v2\/posts"}],"about":[{"href":"https:\/\/www.europesays.com\/fr\/wp-json\/wp\/v2\/types\/post"}],"author":[{"embeddable":true,"href":"https:\/\/www.europesays.com\/fr\/wp-json\/wp\/v2\/users\/2"}],"replies":[{"embeddable":true,"href":"https:\/\/www.europesays.com\/fr\/wp-json\/wp\/v2\/comments?post=181275"}],"version-history":[{"count":0,"href":"https:\/\/www.europesays.com\/fr\/wp-json\/wp\/v2\/posts\/181275\/revisions"}],"wp:featuredmedia":[{"embeddable":true,"href":"https:\/\/www.europesays.com\/fr\/wp-json\/wp\/v2\/media\/181276"}],"wp:attachment":[{"href":"https:\/\/www.europesays.com\/fr\/wp-json\/wp\/v2\/media?parent=181275"}],"wp:term":[{"taxonomy":"category","embeddable":true,"href":"https:\/\/www.europesays.com\/fr\/wp-json\/wp\/v2\/categories?post=181275"},{"taxonomy":"post_tag","embeddable":true,"href":"https:\/\/www.europesays.com\/fr\/wp-json\/wp\/v2\/tags?post=181275"}],"curies":[{"name":"wp","href":"https:\/\/api.w.org\/{rel}","templated":true}]}}