{"id":181283,"date":"2025-06-16T16:51:09","date_gmt":"2025-06-16T16:51:09","guid":{"rendered":"https:\/\/www.europesays.com\/fr\/181283\/"},"modified":"2025-06-16T16:51:09","modified_gmt":"2025-06-16T16:51:09","slug":"quand-brigitte-lahaie-ironise-sur-son-age","status":"publish","type":"post","link":"https:\/\/www.europesays.com\/fr\/181283\/","title":{"rendered":"quand Brigitte Lahaie ironise sur son \u00e2ge"},"content":{"rendered":"<p><strong>VID\u00c9O &#8211;<\/strong> L\u2019animatrice radio, et ancienne actrice X, \u00e9tait l\u2019invit\u00e9e du \u00abBuzz TV\u00bb ce lundi 16 juin pour \u00e9voquer son ouvrage Utopie et sa passion pour l\u2019\u00e9quitation.<\/p>\n<p class=\"fig-paragraph\">De la radio \u00e0 la litt\u00e9rature. Ce lundi 16 juin,\u00a0<a href=\"http:\/\/tvmag.lefigaro.fr\/programme-tv\/actu-tele\/je-n-ai-jamais-eu-de-problemes-avec-les-hommes-maries-brigitte-lahaie-revele-avoir-vecu-une-relation-intime-avec-johnny-hallyday-20240528\" target=\"_blank\" data-fig-type=\"Article\" rel=\"noopener nofollow\" data-gtm-custom-categorie=\"navigation\" data-gtm-custom-action=\"crossclick\" data-gtm-custom-label=\"Contextuel\" data-gtm-event=\"customEventSPE\" data-fig-domain=\"TVMAG\"><strong>Brigitte Lahaie<\/strong><\/a> \u00a0\u00e9tait invit\u00e9e sur le plateau du \u00abBuzz TV\u00bb pour \u00e9voquer la sortie de son livre Utopia aux \u00e9ditions Mazarine, dans lequel elle raconte la relation fusionnelle entre une cavali\u00e8re et sa jument, personnage \u00e9ponyme et narratrice de ce roman. Un choix qu\u2019elle nous explique\u00a0: \u00abJ\u2019ai os\u00e9, c\u2019est un peu dans ma nature d\u2019oser vivre\u00bb, livre l\u2019auteure. \u00abJ\u2019ose faire les choses diff\u00e9remment, et j\u2019ai trouv\u00e9 que \u00e7a permet peut-\u00eatre de mieux parler de la psychologie des humains&#8230;\u00bb<\/p>\n<p class=\"fig-paragraph\">L\u2019animatrice de Sud Radio poursuit\u00a0: \u00abC\u2019est un animal, qui nous regarde donc avec une fa\u00e7on plus naturelle. (&#8230;) Les chevaux sont tr\u00e8s m\u00e9diums, le cheval ressent l\u2019\u00e9motion, c\u2019est pour \u00e7a qu\u2019on parle d\u2019\u00e9quith\u00e9rapie. Il me paraissait int\u00e9ressant de montrer \u00e0 quel point le cheval r\u00e9v\u00e8le notre propre personnalit\u00e9.\u00bb<\/p>\n<p class=\"fig-body-link\">\n            \u00c0 lire aussi<br \/>\n        <a class=\"fig-body-link__link\" href=\"http:\/\/tvmag.lefigaro.fr\/programme-tv\/actu-tele\/je-n-ai-jamais-eu-de-problemes-avec-les-hommes-maries-brigitte-lahaie-revele-avoir-vecu-une-relation-intime-avec-johnny-hallyday-20240528\" target=\"_blank\" data-fig-type=\"Article\" rel=\"noopener nofollow\" data-gtm-custom-categorie=\"navigation\" data-gtm-custom-action=\"crossclick\" data-gtm-custom-label=\"Contextuel\" data-gtm-event=\"customEventSPE\" data-fig-domain=\"TVMAG\">\u00abJe n\u2019ai jamais eu de probl\u00e8mes avec les hommes mari\u00e9s\u00bb\u00a0: Brigitte Lahaie r\u00e9v\u00e8le avoir v\u00e9cu une relation intime avec Johnny Hallyday<br \/>\n    <\/a>\n<\/p>\n<p class=\"fig-paragraph\">Pour\u00a0<a href=\"http:\/\/tvmag.lefigaro.fr\/programme-tv\/people\/c-est-une-emission-tres-perverse-brigitte-lahaie-fustige-quotidien-20230321\" target=\"_blank\" data-fig-type=\"Article\" rel=\"noopener nofollow\" data-gtm-custom-categorie=\"navigation\" data-gtm-custom-action=\"crossclick\" data-gtm-custom-label=\"Contextuel\" data-gtm-event=\"customEventSPE\" data-fig-domain=\"TVMAG\">Brigitte Lahaie<\/a>, \u00abil n\u2019y a peut-\u00eatre pas d\u2019\u00e9rotisme dans l\u2019\u00e9quitation, mais \u00e7a reste tr\u00e8s sensuel\u00bb, assure-t-elle. \u00abC\u2019est quand m\u00eame une relation au corps. Je disais souvent que mon ex-mari, mon \u00e9poux de l\u2019\u00e9poque n\u2019h\u00e9sitait pas \u00e0 m\u2019acheter un cheval, parce que comme \u00e7a, je ne prendrais pas d\u2019amant\u00a0! Quand on a mont\u00e9 deux ou trois chevaux dans la journ\u00e9e, on n\u2019a pas envie de monter un homme.\u00bb Et de rench\u00e9rir\u00a0: \u00abC\u2019est quand m\u00eame tout le bassin qui fonctionne. D\u2019ailleurs, dans le monde \u00e9questre, les hommes sont assez bons amants. Mettez-vous au cheval\u00a0!\u00bb<\/p>\n<blockquote class=\"fig-quote&#10;    \">\n<p class=\"fig-quote__text\">C\u2019est ridicule de ne pas assumer son \u00e2ge<\/p>\n<p>            Brigitte Lahaie\n    <\/p><\/blockquote>\n<p class=\"fig-paragraph\">Animatrice radio depuis 2011,\u00a0<a href=\"https:\/\/tvmag.lefigaro.fr\/programme-tv\/brigitte-lahaie-j-ai-un-probleme-avec-ces-feministes-qui-n-aiment-pas-les-hommes_62364678-ba69-11ec-9d88-bb8af69c75fd\" target=\"_blank\" data-fig-type=\"Article\" rel=\"noopener nofollow\" data-gtm-custom-categorie=\"navigation\" data-gtm-custom-action=\"crossclick\" data-gtm-custom-label=\"Contextuel\" data-gtm-event=\"customEventSPE\" data-fig-domain=\"TVMAG\">Brigitte Lahaie<\/a>\u00a0a \u00e9galement \u00e9voqu\u00e9 son \u00e2ge et la discrimination que peuvent subir les femmes lorsqu\u2019elles vieillissent dans le milieu de l\u2019audiovisuel. \u00abJ\u2019assume mon \u00e2ge d\u2019abord parce que maintenant, c\u2019est gr\u00e2ce \u00e0 ma parole que je travaille, plus gr\u00e2ce \u00e0 mon physique\u00bb, livre l\u2019ex-visage de RMC. \u00abMais je crois que de toute fa\u00e7on, c\u2019est ridicule de ne pas assumer son \u00e2ge, c\u2019est facile d\u2019aller voir avec Wikip\u00e9dia.\u00bb<\/p>\n<p class=\"fig-paragraph\">D\u2019ailleurs, Brigitte Lahaie le d\u00e9voile ais\u00e9ment. \u00ab\u00c7a m\u2019est totalement \u00e9gal. D\u2019abord, j\u2019ai encore 69 ans, j\u2019y tiens beaucoup, \u00e0 ce qu\u2019on dise que j\u2019ai 69 ans. J\u2019aimerais bien m\u2019arr\u00eater l\u00e0\u00bb, lance\u00a0<a href=\"http:\/\/tvmag.lefigaro.fr\/programme-tv\/actu-tele\/je-n-ai-jamais-eu-de-problemes-avec-les-hommes-maries-brigitte-lahaie-revele-avoir-vecu-une-relation-intime-avec-johnny-hallyday-20240528\" target=\"_blank\" data-fig-type=\"Article\" rel=\"noopener nofollow\" data-gtm-custom-categorie=\"navigation\" data-gtm-custom-action=\"crossclick\" data-gtm-custom-label=\"Contextuel\" data-gtm-event=\"customEventSPE\" data-fig-domain=\"TVMAG\">Brigitte Lahaie<\/a>\u00a0avec un rire, elle qui avait entam\u00e9 sa carri\u00e8re professionnelle dans le milieu des films X. \u00abJe ne me vois pas prendre ma retraite. En revanche, plus on vieillit, plus le temps passe vite. \u00c7a ne m\u2019effraie pas parce que j\u2019ai appris \u00e0 vivre dans le moment pr\u00e9sent. Mais c\u2019est vrai que parfois on se dit \u201cAh, c\u2019\u00e9tait il y a deux ans\u201d, puis on se rend compte que c\u2019\u00e9tait il y a quatre ans.\u00bb<\/p>\n","protected":false},"excerpt":{"rendered":"VID\u00c9O &#8211; L\u2019animatrice radio, et ancienne actrice X, \u00e9tait l\u2019invit\u00e9e du \u00abBuzz TV\u00bb ce lundi 16 juin pour&hellip;\n","protected":false},"author":2,"featured_media":181284,"comment_status":"","ping_status":"","sticky":false,"template":"","format":"standard","meta":{"footnotes":""},"categories":[1359],"tags":[6399,6394,6396,6398,6397,6395,58,59,1011,27,973,6401,6402,1825,252,6400],"class_list":{"0":"post-181283","1":"post","2":"type-post","3":"status-publish","4":"format-standard","5":"has-post-thumbnail","7":"category-people","8":"tag-ce-soir-a-la-tele","9":"tag-ce-soir-tv","10":"tag-ce-soir-tv-canal","11":"tag-ce-soir-tv-canalsat","12":"tag-ce-soir-tv-orange","13":"tag-ce-soir-tv-tnt","14":"tag-divertissement","15":"tag-entertainment","16":"tag-fr","17":"tag-france","18":"tag-people","19":"tag-programme-tele-ce-soir","20":"tag-programme-tv-ce-soir","21":"tag-radio","22":"tag-television","23":"tag-tv-ce-soir-programme-tv"},"share_on_mastodon":{"url":"https:\/\/pubeurope.com\/@fr\/114694080591636913","error":""},"_links":{"self":[{"href":"https:\/\/www.europesays.com\/fr\/wp-json\/wp\/v2\/posts\/181283","targetHints":{"allow":["GET"]}}],"collection":[{"href":"https:\/\/www.europesays.com\/fr\/wp-json\/wp\/v2\/posts"}],"about":[{"href":"https:\/\/www.europesays.com\/fr\/wp-json\/wp\/v2\/types\/post"}],"author":[{"embeddable":true,"href":"https:\/\/www.europesays.com\/fr\/wp-json\/wp\/v2\/users\/2"}],"replies":[{"embeddable":true,"href":"https:\/\/www.europesays.com\/fr\/wp-json\/wp\/v2\/comments?post=181283"}],"version-history":[{"count":0,"href":"https:\/\/www.europesays.com\/fr\/wp-json\/wp\/v2\/posts\/181283\/revisions"}],"wp:featuredmedia":[{"embeddable":true,"href":"https:\/\/www.europesays.com\/fr\/wp-json\/wp\/v2\/media\/181284"}],"wp:attachment":[{"href":"https:\/\/www.europesays.com\/fr\/wp-json\/wp\/v2\/media?parent=181283"}],"wp:term":[{"taxonomy":"category","embeddable":true,"href":"https:\/\/www.europesays.com\/fr\/wp-json\/wp\/v2\/categories?post=181283"},{"taxonomy":"post_tag","embeddable":true,"href":"https:\/\/www.europesays.com\/fr\/wp-json\/wp\/v2\/tags?post=181283"}],"curies":[{"name":"wp","href":"https:\/\/api.w.org\/{rel}","templated":true}]}}