{"id":181289,"date":"2025-06-16T16:54:11","date_gmt":"2025-06-16T16:54:11","guid":{"rendered":"https:\/\/www.europesays.com\/fr\/181289\/"},"modified":"2025-06-16T16:54:11","modified_gmt":"2025-06-16T16:54:11","slug":"avec-le-retour-de-la-guerre-linquietante-proliferation-des-armes-nucleaires","status":"publish","type":"post","link":"https:\/\/www.europesays.com\/fr\/181289\/","title":{"rendered":"Avec le retour de la guerre, l&rsquo;inqui\u00e9tante prolif\u00e9ration des armes nucl\u00e9aires"},"content":{"rendered":"<p>Nucl\u00e9aire partout, dissuasion nulle part. La seule chose que les ogives, bombardiers et autres sous-marins emp\u00eachent, c\u2019est la s\u00e9r\u00e9nit\u00e9 des peuples, qui craignent le pire \u00e0 chaque conflit. Il suffit de regarder du c\u00f4t\u00e9 <a href=\"https:\/\/www.humanite.fr\/monde\/armes-nucleaires\/guerre-israel-iran-derriere-lescalade-les-secrets-et-les-motivations-de-benyamin-netanyahou\" target=\"_blank\" rel=\"noopener\">de l\u2019Iran, dont les infrastructures sont bombard\u00e9es par Isra\u00ebl<\/a>, ou du\u00a0Cachemire, disput\u00e9 par les puissances atomiques que sont l\u2019Inde et le Pakistan. Pas de quoi freiner le bellicisme des dirigeants mondiaux, qui continuent de vouloir s\u2019armer, sous une pression certaine des \u00c9tats-Unis. <\/p>\n<p>La derni\u00e8re proie de Donald Trump est l\u2019Aukus, ce trait\u00e9 regroupant le Royaume-Uni et l\u2019Australie. Cr\u00e9\u00e9 en septembre 2021 pour permettre \u00e0 Canberra d\u2019acqu\u00e9rir huit sous-marins nucl\u00e9aires lanceurs d\u2019engins (SNLE) \u00e0 partir de 2030, cet accord va \u00eatre \u00ab\u00a0r\u00e9examin\u00e9\u00a0\u00bb par Washington, soucieux qu\u2019il soit \u00ab\u00a0compatible avec l\u2019agenda \u201cAmerica first\u201d du pr\u00e9sident\u00a0\u00bb.<\/p>\n<p>Certains r\u00e9publicains voudraient en effet garder les futurs&#8230;<\/p>\n","protected":false},"excerpt":{"rendered":"Nucl\u00e9aire partout, dissuasion nulle part. La seule chose que les ogives, bombardiers et autres sous-marins emp\u00eachent, c\u2019est la&hellip;\n","protected":false},"author":2,"featured_media":181290,"comment_status":"","ping_status":"","sticky":false,"template":"","format":"standard","meta":{"footnotes":""},"categories":[1356],"tags":[58,59,674,1011,27,15077,2403,252,1364,770],"class_list":{"0":"post-181289","1":"post","2":"type-post","3":"status-publish","4":"format-standard","5":"has-post-thumbnail","7":"category-television","8":"tag-divertissement","9":"tag-entertainment","10":"tag-europe","11":"tag-fr","12":"tag-france","13":"tag-nuclu00e9aire","14":"tag-paix","15":"tag-television","16":"tag-tv","17":"tag-u00e9tats-unis"},"share_on_mastodon":{"url":"https:\/\/pubeurope.com\/@fr\/114694092443328861","error":""},"_links":{"self":[{"href":"https:\/\/www.europesays.com\/fr\/wp-json\/wp\/v2\/posts\/181289","targetHints":{"allow":["GET"]}}],"collection":[{"href":"https:\/\/www.europesays.com\/fr\/wp-json\/wp\/v2\/posts"}],"about":[{"href":"https:\/\/www.europesays.com\/fr\/wp-json\/wp\/v2\/types\/post"}],"author":[{"embeddable":true,"href":"https:\/\/www.europesays.com\/fr\/wp-json\/wp\/v2\/users\/2"}],"replies":[{"embeddable":true,"href":"https:\/\/www.europesays.com\/fr\/wp-json\/wp\/v2\/comments?post=181289"}],"version-history":[{"count":0,"href":"https:\/\/www.europesays.com\/fr\/wp-json\/wp\/v2\/posts\/181289\/revisions"}],"wp:featuredmedia":[{"embeddable":true,"href":"https:\/\/www.europesays.com\/fr\/wp-json\/wp\/v2\/media\/181290"}],"wp:attachment":[{"href":"https:\/\/www.europesays.com\/fr\/wp-json\/wp\/v2\/media?parent=181289"}],"wp:term":[{"taxonomy":"category","embeddable":true,"href":"https:\/\/www.europesays.com\/fr\/wp-json\/wp\/v2\/categories?post=181289"},{"taxonomy":"post_tag","embeddable":true,"href":"https:\/\/www.europesays.com\/fr\/wp-json\/wp\/v2\/tags?post=181289"}],"curies":[{"name":"wp","href":"https:\/\/api.w.org\/{rel}","templated":true}]}}