{"id":181293,"date":"2025-06-16T16:56:11","date_gmt":"2025-06-16T16:56:11","guid":{"rendered":"https:\/\/www.europesays.com\/fr\/181293\/"},"modified":"2025-06-16T16:56:11","modified_gmt":"2025-06-16T16:56:11","slug":"cody-rhodes-dans-la-bande-annonce-de-y-a-t-il-un-flic-pour-sauver-le-monde","status":"publish","type":"post","link":"https:\/\/www.europesays.com\/fr\/181293\/","title":{"rendered":"Cody Rhodes dans la bande annonce de \u00a0\u00bbY a-t-il Un Flic Pour Sauver Le Monde ?\u00a0\u00bb"},"content":{"rendered":"<p>\u00a0<\/p>\n<p style=\"text-align: justify;\">Un r\u00f4le au cin\u00e9ma pour Cody Rhodes \u00e9tait gard\u00e9 secret jusqu&rsquo;\u00e0 aujourd&rsquo;hui.<\/p>\n<p style=\"text-align: justify;\">En effet, Cody Rhodes fait une apparition dans la bande annonce du film \u00a0\u00bbThe Naked Gun\u00a0\u00bb. Une s\u00e9rie de films qui poursuit son aventure avec un nouveau film en 2025.<\/p>\n<p style=\"text-align: justify;\">Aussi connu sous le nom de \u00a0\u00bbY a-t-il Un Flic Pour Sauver Le Monde ?\u00a0\u00bb en fran\u00e7ais, Cody Rhodes joue le r\u00f4le d&rsquo;un barman pendant le trailer. Vous pouvez le voir \u00e0 environ 1:23 de la bande annonce.<\/p>\n<p style=\"text-align: justify;\">En anglais :<\/p>\n<\/p>\n<p>\u00a0<\/p>\n<p style=\"text-align: justify;\">En fran\u00e7ais :<\/p>\n<\/p>\n<p style=\"text-align: justify;\">\u00a0<\/p>\n<p style=\"text-align: justify;\">\u00a0\u00bbY a-t-il Un Flic Pour Sauver Le Monde ?\u00a0\u00bb arrivera en France au cin\u00e9ma le 13 ao\u00fbt 2025 et en Am\u00e9rique du Nord le 1er ao\u00fbt 2025.<\/p>\n<p>\u00a0<\/p>\n<p style=\"text-align: right;\">Cr\u00e9dit photo : Paramount<\/p>\n","protected":false},"excerpt":{"rendered":"\u00a0 Un r\u00f4le au cin\u00e9ma pour Cody Rhodes \u00e9tait gard\u00e9 secret jusqu&rsquo;\u00e0 aujourd&rsquo;hui. En effet, Cody Rhodes fait&hellip;\n","protected":false},"author":2,"featured_media":181294,"comment_status":"","ping_status":"","sticky":false,"template":"","format":"standard","meta":{"footnotes":""},"categories":[1354],"tags":[253,7039,7042,650,58,59,2081,1346,1011,27,7041,1360,7040,521,252,1364,2051],"class_list":{"0":"post-181293","1":"post","2":"type-post","3":"status-publish","4":"format-standard","5":"has-post-thumbnail","7":"category-films","8":"tag-acteur","9":"tag-catch","10":"tag-cena","11":"tag-cinema","12":"tag-divertissement","13":"tag-entertainment","14":"tag-film","15":"tag-films","16":"tag-fr","17":"tag-france","18":"tag-john","19":"tag-movies","20":"tag-rock","21":"tag-serie","22":"tag-television","23":"tag-tv","24":"tag-wwe"},"share_on_mastodon":{"url":"https:\/\/pubeurope.com\/@fr\/114694100423044609","error":""},"_links":{"self":[{"href":"https:\/\/www.europesays.com\/fr\/wp-json\/wp\/v2\/posts\/181293","targetHints":{"allow":["GET"]}}],"collection":[{"href":"https:\/\/www.europesays.com\/fr\/wp-json\/wp\/v2\/posts"}],"about":[{"href":"https:\/\/www.europesays.com\/fr\/wp-json\/wp\/v2\/types\/post"}],"author":[{"embeddable":true,"href":"https:\/\/www.europesays.com\/fr\/wp-json\/wp\/v2\/users\/2"}],"replies":[{"embeddable":true,"href":"https:\/\/www.europesays.com\/fr\/wp-json\/wp\/v2\/comments?post=181293"}],"version-history":[{"count":0,"href":"https:\/\/www.europesays.com\/fr\/wp-json\/wp\/v2\/posts\/181293\/revisions"}],"wp:featuredmedia":[{"embeddable":true,"href":"https:\/\/www.europesays.com\/fr\/wp-json\/wp\/v2\/media\/181294"}],"wp:attachment":[{"href":"https:\/\/www.europesays.com\/fr\/wp-json\/wp\/v2\/media?parent=181293"}],"wp:term":[{"taxonomy":"category","embeddable":true,"href":"https:\/\/www.europesays.com\/fr\/wp-json\/wp\/v2\/categories?post=181293"},{"taxonomy":"post_tag","embeddable":true,"href":"https:\/\/www.europesays.com\/fr\/wp-json\/wp\/v2\/tags?post=181293"}],"curies":[{"name":"wp","href":"https:\/\/api.w.org\/{rel}","templated":true}]}}