{"id":18131,"date":"2025-04-11T19:58:09","date_gmt":"2025-04-11T19:58:09","guid":{"rendered":"https:\/\/www.europesays.com\/fr\/18131\/"},"modified":"2025-04-11T19:58:09","modified_gmt":"2025-04-11T19:58:09","slug":"quatre-hommes-mis-en-examen-dans-une-affaire-de-viols-avec-acte-de-torture-et-barbarie","status":"publish","type":"post","link":"https:\/\/www.europesays.com\/fr\/18131\/","title":{"rendered":"Quatre hommes mis en examen dans une affaire de viols avec acte de torture et barbarie"},"content":{"rendered":"<p><strong>viols collectifs &#8211; \u00ab\u00a0Le Monde\u00a0\u00bb et \u00ab\u00a0Le Parisien\u00a0\u00bb ont r\u00e9v\u00e9l\u00e9 ce vendredi qu\u2019un homme de 56 ans a \u00e9t\u00e9 mis en examen pour viols avec actes de torture et barbarie. Il est suspect\u00e9 d\u2019avoir organis\u00e9 des viols collectifs sous couvert d\u2019\u00e9changisme<\/strong><\/p>\n<p>Un nouveau scandale de <a href=\"https:\/\/www.20minutes.fr\/dossier\/violences_sexuelles\" rel=\"nofollow noopener\" target=\"_blank\" data-ylk=\"slk:violences sexuelles;elm:context_link;itc:0;sec:content-canvas\" class=\"link \">violences sexuelles<\/a> est sans doute en train d\u2019\u00e9merger, en <a href=\"https:\/\/www.20minutes.fr\/dossier\/gironde\" rel=\"nofollow noopener\" target=\"_blank\" data-ylk=\"slk:Gironde;elm:context_link;itc:0;sec:content-canvas\" class=\"link \">Gironde<\/a>. Selon les informations du <a href=\"https:\/\/www.lemonde.fr\/societe\/article\/2025\/04\/11\/dans-la-gironde-la-crainte-d-une-affaire-de-viols-collectifs-de-grande-ampleur-c-etait-comme-faire-passer-sa-femme-a-l-abattoir_6594283_3224.html\" rel=\"nofollow noopener\" target=\"_blank\" data-ylk=\"slk:Monde;elm:context_link;itc:0;sec:content-canvas\" class=\"link \">Monde<\/a> et du <a href=\"https:\/\/www.leparisien.fr\/faits-divers\/linquietant-christophe-b-lhomme-a-la-tete-dun-reseau-organise-de-violences-sexuelles-11-04-2025-6SOGKSIVMZEH5A2GFTOJ6TFJ2U.php\" rel=\"nofollow noopener\" target=\"_blank\" data-ylk=\"slk:Parisien;elm:context_link;itc:0;sec:content-canvas\" class=\"link \">Parisien<\/a>, quatre hommes ont \u00e9t\u00e9 mis en examen dans la nuit du mercredi\u00a09 au jeudi 10\u00a0avril et plac\u00e9s en d\u00e9tention provisoire. Christophe B., un responsable de maintenance de 56 ans, pour des viols avec actes de torture et barbarie et trois autres hommes d\u00e9crits comme \u00ab\u00a0chauffeurs, facilitateurs et participants\u00a0\u00bb pour des <a href=\"https:\/\/www.20minutes.fr\/dossier\/violences_sexuelles\" rel=\"nofollow noopener\" target=\"_blank\" data-ylk=\"slk:violences sexuelles;elm:context_link;itc:0;sec:content-canvas\" class=\"link \">violences sexuelles<\/a>.<\/p>\n<p>C\u2019est en novembre\u00a02023 qu\u2019une ancienne compagne de Christophe B. d\u00e9pose plainte contre celui qu\u2019elle a quitt\u00e9 deux mois plus t\u00f4t. Elle raconte qu\u2019il l\u2019a, sous pr\u00e9texte de l\u2019initier \u00e0 l\u2019\u00e9changisme, forc\u00e9e \u00e0 des \u00ab\u00a0relations sexuelles non prot\u00e9g\u00e9es avec plusieurs hommes en m\u00eame temps\u00a0\u00bb et imposer \u00ab\u00a0des p\u00e9n\u00e9trations avec une brosse \u00e0 dents \u00e9lectrique ou des rapports sexuels avec un chien\u00a0\u00bb.<\/p>\n<p>\u00ab\u00a0Des dizaines de vid\u00e9os de potentiels viols collectifs\u00a0\u00bb<\/p>\n<p>Quatre autres anciennes compagnes du principal protagoniste ont t\u00e9moign\u00e9 de rapports impos\u00e9s avec des dizaines d\u2019hommes sans protection, des objets ou des animaux, dans des clubs libertins de Gironde ou de Charente, ou parfois dans la rue.<\/p>\n<p>En juillet\u00a02023, une perquisition au domicile de Christophe B. va permettre aux gendarmes de d\u00e9couvrir des disques durs dans son coffre-fort. Ils contiennent \u00ab\u00a0des dizaines de vid\u00e9os de potentiels viols collectifs qu\u2019il diffusait souvent en direct sur le site libertin aux sept millions d\u2019utilisateurs Wyylde.com\u00a0\u00bb, \u00e9crit Le Monde. Il est(&#8230;)<\/p>\n<p><a href=\"https:\/\/www.20minutes.fr\/faits_divers\/faits-divers-bordeaux\/4148250-20250411-bordeaux-quatre-hommes-mis-examen-affaire-viols-acte-torture-barbarie&quot;\" rel=\"nofollow noopener\" target=\"_blank\" data-ylk=\"slk:Lire la suite sur 20minutes;elm:context_link;itc:0;sec:content-canvas\" class=\"link \">Lire la suite sur 20minutes<\/a><\/p>\n<p>\u00c0 lire aussi :<br \/><a href=\"https:\/\/www.20minutes.fr\/societe\/4142736-20250310-violences-sexuelles-nombre-agressions-femmes-transports-explose\" rel=\"nofollow noopener\" target=\"_blank\" data-ylk=\"slk:Violences sexuelles\u00a0: Le nombre d\u2019agressions de femmes dans les transports explose;elm:context_link;itc:0;sec:content-canvas\" class=\"link \">Violences sexuelles\u00a0: Le nombre d\u2019agressions de femmes dans les transports explose<\/a><br \/><a href=\"https:\/\/www.20minutes.fr\/societe\/4142537-20250308-journee-droits-femmes-collectif-extreme-droite-nemesis-veut-defiler-soutien-bruno-retailleau\" rel=\"nofollow noopener\" target=\"_blank\" data-ylk=\"slk:Journ\u00e9e des droits des femmes\u00a0: Le collectif d\u2019extr\u00eame droite N\u00e9m\u00e9sis veut d\u00e9filer, avec le soutien de Bruno Retailleau;elm:context_link;itc:0;sec:content-canvas\" class=\"link \">Journ\u00e9e des droits des femmes\u00a0: Le collectif d\u2019extr\u00eame droite N\u00e9m\u00e9sis veut d\u00e9filer, avec le soutien de Bruno Retailleau<\/a><\/p>\n","protected":false},"excerpt":{"rendered":"viols collectifs &#8211; \u00ab\u00a0Le Monde\u00a0\u00bb et \u00ab\u00a0Le Parisien\u00a0\u00bb ont r\u00e9v\u00e9l\u00e9 ce vendredi qu\u2019un homme de 56 ans a&hellip;\n","protected":false},"author":2,"featured_media":18132,"comment_status":"","ping_status":"","sticky":false,"template":"","format":"standard","meta":{"footnotes":""},"categories":[2817],"tags":[1111,11,1997,1777,674,1011,27,7243,5553,12,2219,25,7244,799,7242],"class_list":{"0":"post-18131","1":"post","2":"type-post","3":"status-publish","4":"format-standard","5":"has-post-thumbnail","7":"category-bordeaux","8":"tag-actu","9":"tag-actualites","10":"tag-bordeaux","11":"tag-eu","12":"tag-europe","13":"tag-fr","14":"tag-france","15":"tag-le-monde","16":"tag-le-parisien","17":"tag-news","18":"tag-nouvelle-aquitaine","19":"tag-republique-francaise","20":"tag-responsable-de-maintenance","21":"tag-violences-sexuelles","22":"tag-viols-collectifs"},"share_on_mastodon":{"url":"https:\/\/pubeurope.com\/@fr\/114321103516311948","error":""},"_links":{"self":[{"href":"https:\/\/www.europesays.com\/fr\/wp-json\/wp\/v2\/posts\/18131","targetHints":{"allow":["GET"]}}],"collection":[{"href":"https:\/\/www.europesays.com\/fr\/wp-json\/wp\/v2\/posts"}],"about":[{"href":"https:\/\/www.europesays.com\/fr\/wp-json\/wp\/v2\/types\/post"}],"author":[{"embeddable":true,"href":"https:\/\/www.europesays.com\/fr\/wp-json\/wp\/v2\/users\/2"}],"replies":[{"embeddable":true,"href":"https:\/\/www.europesays.com\/fr\/wp-json\/wp\/v2\/comments?post=18131"}],"version-history":[{"count":0,"href":"https:\/\/www.europesays.com\/fr\/wp-json\/wp\/v2\/posts\/18131\/revisions"}],"wp:featuredmedia":[{"embeddable":true,"href":"https:\/\/www.europesays.com\/fr\/wp-json\/wp\/v2\/media\/18132"}],"wp:attachment":[{"href":"https:\/\/www.europesays.com\/fr\/wp-json\/wp\/v2\/media?parent=18131"}],"wp:term":[{"taxonomy":"category","embeddable":true,"href":"https:\/\/www.europesays.com\/fr\/wp-json\/wp\/v2\/categories?post=18131"},{"taxonomy":"post_tag","embeddable":true,"href":"https:\/\/www.europesays.com\/fr\/wp-json\/wp\/v2\/tags?post=18131"}],"curies":[{"name":"wp","href":"https:\/\/api.w.org\/{rel}","templated":true}]}}