{"id":181312,"date":"2025-06-16T17:06:14","date_gmt":"2025-06-16T17:06:14","guid":{"rendered":"https:\/\/www.europesays.com\/fr\/181312\/"},"modified":"2025-06-16T17:06:14","modified_gmt":"2025-06-16T17:06:14","slug":"saint-etienne-avec-les-7-collines-un-festival-demotions-et-de-voyages","status":"publish","type":"post","link":"https:\/\/www.europesays.com\/fr\/181312\/","title":{"rendered":"Saint-\u00c9tienne. Avec Les 7 Collines, un festival d\u2019\u00e9motions et de voyages"},"content":{"rendered":"<p>C\u2019est au Fil, le jeudi 26\u00a0juin d\u00e8s 20 heures, que le Festival des 7\u00a0Collines pose ses valises musicales avec un concert en deux volets.<\/p>\n<p>La premi\u00e8re partie sera assur\u00e9e par Queralt Lahoz. Cette artiste n\u00e9e dans la banlieue de Barcelone est de plus en plus connue hors des fronti\u00e8res hispaniques. Il faut dire que sa musique combine harmonieusement de nombreuses influences. Elle est berc\u00e9e d\u00e8s l\u2019enfance par le bol\u00e9ro et les musiques latino. \u00c0 ces racines, elle m\u00eale peu \u00e0 peu des mouvances soul, rap ou hip-hop qui font un pont entre hier et aujourd\u2019hui.<\/p>\n<p>Laur\u00e9ate du Music Moves&#8230;<\/p>\n","protected":false},"excerpt":{"rendered":"C\u2019est au Fil, le jeudi 26\u00a0juin d\u00e8s 20 heures, que le Festival des 7\u00a0Collines pose ses valises musicales&hellip;\n","protected":false},"author":2,"featured_media":181313,"comment_status":"","ping_status":"","sticky":false,"template":"","format":"standard","meta":{"footnotes":""},"categories":[9653],"tags":[1111,11,2430,1687,7539,1777,674,1011,27,12,25,4001,7538,3140],"class_list":{"0":"post-181312","1":"post","2":"type-post","3":"status-publish","4":"format-standard","5":"has-post-thumbnail","7":"category-saint-etienne","8":"tag-actu","9":"tag-actualites","10":"tag-auvergne-rhone-alpes","11":"tag-culture-loisirs","12":"tag-edition-loire-sud","13":"tag-eu","14":"tag-europe","15":"tag-fr","16":"tag-france","17":"tag-news","18":"tag-republique-francaise","19":"tag-saint-etienne","20":"tag-saint-etienne-ville","21":"tag-spectacle"},"share_on_mastodon":{"url":"https:\/\/pubeurope.com\/@fr\/114694139696512250","error":""},"_links":{"self":[{"href":"https:\/\/www.europesays.com\/fr\/wp-json\/wp\/v2\/posts\/181312","targetHints":{"allow":["GET"]}}],"collection":[{"href":"https:\/\/www.europesays.com\/fr\/wp-json\/wp\/v2\/posts"}],"about":[{"href":"https:\/\/www.europesays.com\/fr\/wp-json\/wp\/v2\/types\/post"}],"author":[{"embeddable":true,"href":"https:\/\/www.europesays.com\/fr\/wp-json\/wp\/v2\/users\/2"}],"replies":[{"embeddable":true,"href":"https:\/\/www.europesays.com\/fr\/wp-json\/wp\/v2\/comments?post=181312"}],"version-history":[{"count":0,"href":"https:\/\/www.europesays.com\/fr\/wp-json\/wp\/v2\/posts\/181312\/revisions"}],"wp:featuredmedia":[{"embeddable":true,"href":"https:\/\/www.europesays.com\/fr\/wp-json\/wp\/v2\/media\/181313"}],"wp:attachment":[{"href":"https:\/\/www.europesays.com\/fr\/wp-json\/wp\/v2\/media?parent=181312"}],"wp:term":[{"taxonomy":"category","embeddable":true,"href":"https:\/\/www.europesays.com\/fr\/wp-json\/wp\/v2\/categories?post=181312"},{"taxonomy":"post_tag","embeddable":true,"href":"https:\/\/www.europesays.com\/fr\/wp-json\/wp\/v2\/tags?post=181312"}],"curies":[{"name":"wp","href":"https:\/\/api.w.org\/{rel}","templated":true}]}}