{"id":181316,"date":"2025-06-16T17:08:17","date_gmt":"2025-06-16T17:08:17","guid":{"rendered":"https:\/\/www.europesays.com\/fr\/181316\/"},"modified":"2025-06-16T17:08:17","modified_gmt":"2025-06-16T17:08:17","slug":"attribution-des-maitrises-doeuvre-pour-un-nouvel-hopital-de-754-me","status":"publish","type":"post","link":"https:\/\/www.europesays.com\/fr\/181316\/","title":{"rendered":"attribution des ma\u00eetrises d&rsquo;\u0153uvre pour un nouvel h\u00f4pital de 754 M\u20ac"},"content":{"rendered":"<p>\nLes signatures, ces derniers mois, de deux march\u00e9s de ma\u00eetrise d&rsquo;\u0153uvre concr\u00e9tisent le projet du nouvel h\u00f4pital de Nancy (Meurthe-et-Moselle). Avec un investissement de 754 M\u20ac HT (hors \u00e9quipements), il s&rsquo;agit du deuxi\u00e8me plus gros chantier d&rsquo;\u00e9tablissement de sant\u00e9 en France, apr\u00e8s celui de Nantes. Le 17 avril dernier, la direction du centre hospitalier r\u00e9gional et universitaire (CHRU) nanc\u00e9ien a paraph\u00e9 le contrat de conception de la future pharmacie interne, avec l&rsquo;agence Ateliers 2\/3\/4\/. Un budget de 10 M\u20ac HT est d\u00e9di\u00e9 \u00e0 la construction de cet ensemble de 4 530 m\u00b2 SP.<\/p>\n<p>\nCelui-ci s&rsquo;inscrit dans une phase pr\u00e9alable de mise \u00e0 niveau des installations logistiques et techniques et de leur regroupement \u00e0 l&rsquo;ouest de l&rsquo;agglom\u00e9ration, sur le site hospitalier du plateau de Brabois. Cette \u00e9tape ouvrira la voie \u00e0 la construction, au m\u00eame endroit, des trois b\u00e2timents principaux du nouvel h\u00f4pital, un ensemble R + 5 de 144 000 m\u00b2 (404 M\u20ac HT), dont la ma\u00eetrise d&rsquo;\u0153uvre a \u00e9t\u00e9 attribu\u00e9e en d\u00e9cembre dernier \u00e0 l&rsquo;agence Michel Beauvais Associ\u00e9s.<\/p>\n<p>\nLa consultation des entreprises est programm\u00e9e au second semestre 2026. Elle conduira \u00e0 retenir trois groupements distincts, chacun en charge de l&rsquo;un de ces futurs b\u00e2timents : le m\u00e9dico-technique, celui d&rsquo;hospitalisation et celui du p\u00f4le femme-m\u00e8re-enfant. Michel Beauvais d\u00e9crit un programme \u00ab innovant \u00bb marqu\u00e9 par des fa\u00e7ades en ossature bois et des planchers mixtes bois-b\u00e9ton, pour une op\u00e9ration qu&rsquo;il estime \u00ab tr\u00e8s optimis\u00e9e \u00bb quant \u00e0 son insertion dans un terrain exigu de 7 ha.<\/p>\n<p>Rationaliser l&rsquo;offre de soins<\/p>\n<p>\nSur le plan fonctionnel, l&rsquo;architecte indique veiller \u00e0 instaurer une nouvelle centralit\u00e9 \u00ab avec un hall unique pour les trois b\u00e2timents \u00bb. La concentration, \u00e0 l&rsquo;horizon 2030, sur le seul site de Brabois de l&rsquo;ensemble des plateaux techniques aujourd&rsquo;hui diss\u00e9min\u00e9s sur sept lieux, poursuit l&rsquo;objectif de rationaliser l&rsquo;offre de soins. Elle se met en place apr\u00e8s des ann\u00e9es de gestation : son amorce remonte \u00e0 2012. \u00ab Nous sommes dans un temps long, \u00e0 l&rsquo;\u00e9chelle hospitali\u00e8re, ce qui t\u00e9moigne du caract\u00e8re exceptionnel de cette op\u00e9ration immobili\u00e8re \u00bb, avait soulign\u00e9 le directeur g\u00e9n\u00e9ral du CHRU, Arnaud Vanneste, en d\u00e9cembre 2024. L&rsquo;entr\u00e9e en phase op\u00e9rationnelle a \u00e9t\u00e9 rendue possible par l&rsquo;enveloppe providentielle de 417 M\u20ac d\u00e9bloqu\u00e9e l&rsquo;an dernier par l&rsquo;Etat suite au S\u00e9gur de la sant\u00e9 de juillet 2020.<\/p>\n<p>\nUn autre enjeu induit mobilise plus particuli\u00e8rement la m\u00e9tropole : la cr\u00e9ation d&rsquo;un nouvel \u00e9changeur sur l&rsquo;autoroute A33 voisine, dans le but de d\u00e9sengorger le parcours d&rsquo;arriv\u00e9e. \u00ab A nouvel h\u00f4pital, nouvel \u00e9changeur \u00bb, r\u00e9sume Mathieu Klein, maire de la Ville, pr\u00e9sident de la m\u00e9tropole du Grand Nancy et du conseil de surveillance du CHRU. \u00ab Cet acc\u00e8s doit permettre aux patients du sud de la Lorraine de rejoindre au mieux l&rsquo;\u00e9tablissement \u00bb, ajoute l&rsquo;\u00e9lu. La balle est dans le camp de la r\u00e9gion Grand Est : sa reprise depuis le 1er janvier de la gestion de l&rsquo;A33, parmi les 525 km de routes nationales et <a title=\"L&#039;actualit\u00e9 BTP des autoroutes\" href=\"https:\/\/www.lemoniteur.fr\/autoroutes\/\" rel=\"noopener\" target=\"\" class=\"lien-contextuel\">autoroutes<\/a> non conc\u00e9d\u00e9es de son territoire, fait d&rsquo;elle le ma\u00eetre d&rsquo;ouvrage de ce projet.<\/p>\n","protected":false},"excerpt":{"rendered":"Les signatures, ces derniers mois, de deux march\u00e9s de ma\u00eetrise d&rsquo;\u0153uvre concr\u00e9tisent le projet du nouvel h\u00f4pital de&hellip;\n","protected":false},"author":2,"featured_media":181317,"comment_status":"","ping_status":"","sticky":false,"template":"","format":"standard","meta":{"footnotes":""},"categories":[9635],"tags":[1111,11,1350,932,1777,674,1011,27,775,2777,31894,3457,1702,12,4916,25],"class_list":{"0":"post-181316","1":"post","2":"type-post","3":"status-publish","4":"format-standard","5":"has-post-thumbnail","7":"category-nancy","8":"tag-actu","9":"tag-actualites","10":"tag-architecture","11":"tag-est","12":"tag-eu","13":"tag-europe","14":"tag-fr","15":"tag-france","16":"tag-grand-est","17":"tag-hopitaux","18":"tag-maitrise-d-uvre","19":"tag-meurthe-et-moselle","20":"tag-nancy","21":"tag-news","22":"tag-projets","23":"tag-republique-francaise"},"share_on_mastodon":{"url":"https:\/\/pubeurope.com\/@fr\/114694147565095786","error":""},"_links":{"self":[{"href":"https:\/\/www.europesays.com\/fr\/wp-json\/wp\/v2\/posts\/181316","targetHints":{"allow":["GET"]}}],"collection":[{"href":"https:\/\/www.europesays.com\/fr\/wp-json\/wp\/v2\/posts"}],"about":[{"href":"https:\/\/www.europesays.com\/fr\/wp-json\/wp\/v2\/types\/post"}],"author":[{"embeddable":true,"href":"https:\/\/www.europesays.com\/fr\/wp-json\/wp\/v2\/users\/2"}],"replies":[{"embeddable":true,"href":"https:\/\/www.europesays.com\/fr\/wp-json\/wp\/v2\/comments?post=181316"}],"version-history":[{"count":0,"href":"https:\/\/www.europesays.com\/fr\/wp-json\/wp\/v2\/posts\/181316\/revisions"}],"wp:featuredmedia":[{"embeddable":true,"href":"https:\/\/www.europesays.com\/fr\/wp-json\/wp\/v2\/media\/181317"}],"wp:attachment":[{"href":"https:\/\/www.europesays.com\/fr\/wp-json\/wp\/v2\/media?parent=181316"}],"wp:term":[{"taxonomy":"category","embeddable":true,"href":"https:\/\/www.europesays.com\/fr\/wp-json\/wp\/v2\/categories?post=181316"},{"taxonomy":"post_tag","embeddable":true,"href":"https:\/\/www.europesays.com\/fr\/wp-json\/wp\/v2\/tags?post=181316"}],"curies":[{"name":"wp","href":"https:\/\/api.w.org\/{rel}","templated":true}]}}