{"id":181328,"date":"2025-06-16T17:15:11","date_gmt":"2025-06-16T17:15:11","guid":{"rendered":"https:\/\/www.europesays.com\/fr\/181328\/"},"modified":"2025-06-16T17:15:11","modified_gmt":"2025-06-16T17:15:11","slug":"tendance-lyon-grenoble-pourquoi-les-prix-de-limmobilier-baissent","status":"publish","type":"post","link":"https:\/\/www.europesays.com\/fr\/181328\/","title":{"rendered":"Tendance. Lyon, Grenoble&#8230; Pourquoi les prix de l&rsquo;immobilier baissent ?"},"content":{"rendered":"<p>La crise de l\u2019immobilier qui s\u2019est install\u00e9e ces derni\u00e8res ann\u00e9es avait habitu\u00e9 les acheteurs \u00e0 observer des prix \u00e0 la baisse dans la plupart des villes de France.<\/p>\n<p>En cause, notamment, la difficult\u00e9 pour les acheteurs d\u2019obtenir un pr\u00eat bancaire et un nombre de logements sur le march\u00e9 qui s\u2019\u00e9tablissait donc \u00e0 un niveau sup\u00e9rieur \u00e0 la demande.<\/p>\n<p>Mais depuis quelques mois, cette tendance \u00e0 la baisse a connu un fort ralentissement dans l\u2019Hexagone et m\u00eame un l\u00e9ger fr\u00e9missement \u00e0 la hausse.<\/p>\n<p>Selon le dernier barom\u00e8tre r\u00e9v\u00e9l\u00e9 par le site Se Loger d\u00e9but juin, les prix \u00e9taient en augmentation d\u20191 % sur l\u2019ensemble du territoire.<\/p>\n<p>Depuis le d\u00e9but de l\u2019ann\u00e9e, cette augmentation s\u2019\u00e9tablit \u00e0 0,6 %. Le site Se Loger appuie sur la stabilit\u00e9 des prix qui s\u2019observe globalement sur le territoire et notamment dans les plus grandes m\u00e9tropoles, o\u00f9 les prix ont recul\u00e9 de 0,1 % entre mai et juin.<\/p>\n<p><strong>Une l\u00e9g\u00e8re baisse, dans certaines villes<\/strong><\/p>\n<p>Cependant, si ces chiffres t\u00e9moignent d\u2019une situation qui n\u2019\u00e9volue que tr\u00e8s peu sur le march\u00e9 de l\u2019immobilier concernant les prix des biens \u00e0 la vente, certaines disparit\u00e9s peuvent s\u2019observer entre les villes, avec des prix qui continuent de s\u2019inscrire \u00e0 la baisse dans certaines r\u00e9gions.<\/p>\n<p>\u00c0 Aix-en-Provence, Dijon, Tours, Clermont-Ferrand, Le Havre ou Grenoble, les prix au m\u00e8tre carr\u00e9 affichent une baisse comprise entre 0,7% et 0,8%.<\/p>\n<p>Une baisse est \u00e9galement observ\u00e9e \u00e0 Nice, Nantes, N\u00eemes ou Lille, o\u00f9 elle atteint 0,5 %. \u00c0 Lyon, le repli des prix au m\u00e8tre carr\u00e9 atteint 0,4 %.<\/p>\n<p><strong>Rattrapage<\/strong><\/p>\n<p>Mais l\u00e0-aussi, les explications peuvent \u00eatre diverses selon les villes, selon le site Se Loger, avec des situations de rattrapage pour Nantes, qui avait connu une tr\u00e8s forte hausse du prix au m\u00e8tre carr\u00e9 apr\u00e8s la crise sanitaire et profite donc actuellement d\u2019un \u00ab\u00a0retour \u00e0 la normale\u00a0\u00bb de ses prix, qui s\u2019observe \u00e9galement \u00e0 Lyon, qui avait vu ses prix grimper ces derni\u00e8res ann\u00e9es.<\/p>\n<p>\u00c0 Lille, en revanche, cette baisse des prix compense une\u00a0\u00ab\u00a0reprise trop rapide\u00a0\u00bb ces derniers mois, alors que les taux de cr\u00e9dit commen\u00e7aient \u00e0 enregistrer une certaine baisse, apr\u00e8s une longe p\u00e9riode d\u2019augmentation.<\/p>\n","protected":false},"excerpt":{"rendered":"La crise de l\u2019immobilier qui s\u2019est install\u00e9e ces derni\u00e8res ann\u00e9es avait habitu\u00e9 les acheteurs \u00e0 observer des prix&hellip;\n","protected":false},"author":2,"featured_media":163708,"comment_status":"","ping_status":"","sticky":false,"template":"","format":"standard","meta":{"footnotes":""},"categories":[9566],"tags":[17656,1111,11,2430,33,1777,674,107,1011,27,2731,1116,10284,1031,3455,12,25,2429],"class_list":{"0":"post-181328","1":"post","2":"type-post","3":"status-publish","4":"format-standard","5":"has-post-thumbnail","7":"category-grenoble","8":"tag-achat-et-vente-immobilier","9":"tag-actu","10":"tag-actualites","11":"tag-auvergne-rhone-alpes","12":"tag-economie","13":"tag-eu","14":"tag-europe","15":"tag-fil-info","16":"tag-fr","17":"tag-france","18":"tag-grenoble","19":"tag-immobilier","20":"tag-location","21":"tag-magazine","22":"tag-magazine-immobilier","23":"tag-news","24":"tag-republique-francaise","25":"tag-rhone"},"share_on_mastodon":{"url":"https:\/\/pubeurope.com\/@fr\/114694175042639106","error":""},"_links":{"self":[{"href":"https:\/\/www.europesays.com\/fr\/wp-json\/wp\/v2\/posts\/181328","targetHints":{"allow":["GET"]}}],"collection":[{"href":"https:\/\/www.europesays.com\/fr\/wp-json\/wp\/v2\/posts"}],"about":[{"href":"https:\/\/www.europesays.com\/fr\/wp-json\/wp\/v2\/types\/post"}],"author":[{"embeddable":true,"href":"https:\/\/www.europesays.com\/fr\/wp-json\/wp\/v2\/users\/2"}],"replies":[{"embeddable":true,"href":"https:\/\/www.europesays.com\/fr\/wp-json\/wp\/v2\/comments?post=181328"}],"version-history":[{"count":0,"href":"https:\/\/www.europesays.com\/fr\/wp-json\/wp\/v2\/posts\/181328\/revisions"}],"wp:featuredmedia":[{"embeddable":true,"href":"https:\/\/www.europesays.com\/fr\/wp-json\/wp\/v2\/media\/163708"}],"wp:attachment":[{"href":"https:\/\/www.europesays.com\/fr\/wp-json\/wp\/v2\/media?parent=181328"}],"wp:term":[{"taxonomy":"category","embeddable":true,"href":"https:\/\/www.europesays.com\/fr\/wp-json\/wp\/v2\/categories?post=181328"},{"taxonomy":"post_tag","embeddable":true,"href":"https:\/\/www.europesays.com\/fr\/wp-json\/wp\/v2\/tags?post=181328"}],"curies":[{"name":"wp","href":"https:\/\/api.w.org\/{rel}","templated":true}]}}