{"id":181330,"date":"2025-06-16T17:17:15","date_gmt":"2025-06-16T17:17:15","guid":{"rendered":"https:\/\/www.europesays.com\/fr\/181330\/"},"modified":"2025-06-16T17:17:15","modified_gmt":"2025-06-16T17:17:15","slug":"ou-en-est-on-avec-le-covid-19","status":"publish","type":"post","link":"https:\/\/www.europesays.com\/fr\/181330\/","title":{"rendered":"O\u00f9 en est-on avec le COVID-19 ?"},"content":{"rendered":"<p class=\"block date\" id=\"dateEtAuteur\">Publi\u00e9 : 18h55  par Dolor\u00e8s  CHARLES <\/p>\n<p><img decoding=\"async\" class=\"\" style=\"width:100%\" src=\"https:\/\/www.europesays.com\/fr\/wp-content\/uploads\/2025\/06\/TEST_COVID_ENFANT_FEV_20221750056713862.jpg\" alt=\"Test enfant COVID\"\/>Le covid refait parler de lui : le nombre de cas est en hausse, depuis quelques semaines, dans l&rsquo;Ouest comme partout en France. Un nouveau variant a aussi \u00e9t\u00e9 d\u00e9tect\u00e9. Le point avec le Professeur Vincent Thibault, chef du laboratoire de virologie du CHU de Rennes. <\/p>\n<p>Difficile de mesure l&rsquo;ampleur de l&rsquo;augmentation du nombre de cas, puisque peu de personnes se font tester, mais Sant\u00e9 publique France confirme la remont\u00e9e du taux de positivit\u00e9, ainsi que l&rsquo;augmentation du nombre de passages aux urgences pour suspicion de covid. Alors \u00e0 quoi faut-il s&rsquo;attendre, pour les semaines qui viennent, et faut-il s&rsquo;inqui\u00e9ter ?\u00a0<\/p>\n<blockquote><p>\nLes personnes \u00e0 risques restent les plus fragiles\n<\/p><\/blockquote>\n<p>Selon le Professeur Thibault du CHU de Rennes, \u00ab\u00a0durant cet \u00e9t\u00e9, si la vague continue, et on avait vu \u00e7a l&rsquo;ann\u00e9e derni\u00e8re il y avait eu une augmentation, et au 15 ao\u00fbt il y avait pas mal de cas diagnostiqu\u00e9s. On peut partir sur cette phase ! Encore une fois, pour une personne qui est bien portante et jeune, il n&rsquo;y a pas de probl\u00e8me a priori. <strong>Les cas s\u00e9v\u00e8res sont extr\u00eamement rares et la plupart du temps, ce sont des personnes, soit \u00e2g\u00e9es, soit avec des comorbidit\u00e9s. <\/strong><\/p>\n<p>Aujourd&rsquo;hui, il est recommand\u00e9 de vacciner les personnes \u00e0 risque et les personnes \u00e2g\u00e9es, puisqu&rsquo;en g\u00e9n\u00e9ral, elles n&rsquo;ont pas \u00e9t\u00e9 revaccin\u00e9es r\u00e9cemment. Et lorsque l&rsquo;on va voir des personnes \u00e2g\u00e9es ou des personnes susceptibles de d\u00e9velopper des formes graves, il est recommand\u00e9 de porter un masque. Enfin pour cet \u00e9t\u00e9, la majorit\u00e9 d&rsquo;entre nous est immunis\u00e9e et ne d\u00e9veloppera pas de formes s\u00e9v\u00e8res.\u00a0\u00bb<\/p>\n<p>Pr Vincent Thibault, chef du laboratoire de virologie du CHU de RennesPr Vincent Thibault, chef du laboratoire de virologie du CHU de Rennes<\/p>\n<p>Cr\u00e9dit : Yann Launay<\/p>\n<p>Le nouveau variant d\u00e9tect\u00e9, le variant NB.1.8.1, serait plus transmissible. Peut-il entra\u00eener une vague massive et les vaccins ant\u00e9rieurs garderont-ils leur efficacit\u00e9, face \u00e0 cette nouvelle souche ?\u00a0\u00ab\u00a0C&rsquo;est la vie du virus, pr\u00e9cise le professeur breton, de s\u00e9lectionner des variants qui vont \u00eatre capables d&rsquo;affecter la population. Sinon, le virus n&rsquo;existerait pas. Effectivement, ce variant a \u00e9t\u00e9 d\u00e9tect\u00e9 comme beaucoup d&rsquo;autres &#8230; Dire s&rsquo;il va avoir un futur prolifique, je ne m&rsquo;avancerai pas \u00e0 faire ce type de pr\u00e9visions.<\/p>\n<blockquote><p>\nPriorit\u00e9 \u00e0 la vaccination\n<\/p><\/blockquote>\n<p><strong>En tout cas, si on est vaccin\u00e9, m\u00eame avec une souche ant\u00e9rieure, on va limiter le risque de d\u00e9velopper des formes s\u00e9v\u00e8res.<\/strong> On sait avec l&rsquo;exp\u00e9rience qu&rsquo;on a sur tous les vaccins qui ont \u00e9t\u00e9 d\u00e9velopp\u00e9s et les diff\u00e9rentes vagues de virus que ces vaccins entra\u00eenent une immunit\u00e9, qui n&rsquo;est pas parfaite contre le virus qui va circuler mais ils apportent un surplus d&rsquo;immunit\u00e9 b\u00e9n\u00e9fique pour bloquer l&rsquo;\u00e9volution s\u00e9v\u00e8re de la maladie.\u00a0\u00bb<\/p>\n<p>Pr Vincent Thibault, chef du laboratoire de virologie du CHU de RennesPr Vincent Thibault, chef du laboratoire de virologie du CHU de Rennes<img decoding=\"async\" class=\"\" style=\"width:100%\" src=\"https:\/\/www.europesays.com\/fr\/wp-content\/uploads\/2025\/06\/Covid_auto_test_negatif1750092775404.jpg\" alt=\"Test\"\/><\/p>\n<p>Cr\u00e9dit : Dolor\u00e8s Charles<\/p>\n<p>On s&rsquo;attendait plut\u00f4t \u00e0 ce que le covid devienne une maladie saisonni\u00e8re d&rsquo;hiver, comme les autres virus respiratoires comme la grippe. <strong>\u00ab\u00a0<\/strong><strong>On s&rsquo;aper\u00e7oit qu&rsquo;on a des vagues \u00e9pid\u00e9miques o\u00f9 le virus se propage relativement bien durant la saison estivale.<\/strong> Il d\u00e9fie un peu tous les dogmes qu&rsquo;on avait en virologie, il faut \u00eatre humble et se remettre en question.<\/p>\n<blockquote><p>\nLe Covid circulera au moment des saisons hivernales\n<\/p><\/blockquote>\n<p>Une des hypoth\u00e8ses, c&rsquo;est qu&rsquo;effectivement une fois que la population va bien \u00eatre adapt\u00e9e \u00e0 ce virus, il circulera au moment des saisons hivernales. Pour l&rsquo;instant, il nous fait mentir et <strong>faire des pr\u00e9vision sur le futur, ce serait malvenu parce que je risque de me tromper !\u00a0\u00bb<\/strong><\/p>\n<p>Pr Vincent Thibault, chef du laboratoire de virologie du CHU de RennesPr Vincent Thibault, chef du laboratoire de virologie du CHU de Rennes <\/p>\n<p>La campagne de vaccination contre le Covid-19 vient d&rsquo;\u00eatre prolong\u00e9e jusqu&rsquo;au 30 juin, et pourrait \u00eatre prolong\u00e9e au-del\u00e0 de cette date, en cas de besoin.<\/p>\n","protected":false},"excerpt":{"rendered":"Publi\u00e9 : 18h55 par Dolor\u00e8s CHARLES Le covid refait parler de lui : le nombre de cas est&hellip;\n","protected":false},"author":2,"featured_media":181331,"comment_status":"","ping_status":"","sticky":false,"template":"","format":"standard","meta":{"footnotes":""},"categories":[2821],"tags":[1111,11,829,4309,4357,1777,674,1011,27,12,584,25],"class_list":{"0":"post-181330","1":"post","2":"type-post","3":"status-publish","4":"format-standard","5":"has-post-thumbnail","7":"category-rennes","8":"tag-actu","9":"tag-actualites","10":"tag-bretagne","11":"tag-chu","12":"tag-covid-19","13":"tag-eu","14":"tag-europe","15":"tag-fr","16":"tag-france","17":"tag-news","18":"tag-rennes","19":"tag-republique-francaise"},"share_on_mastodon":{"url":"https:\/\/pubeurope.com\/@fr\/114694182955050287","error":""},"_links":{"self":[{"href":"https:\/\/www.europesays.com\/fr\/wp-json\/wp\/v2\/posts\/181330","targetHints":{"allow":["GET"]}}],"collection":[{"href":"https:\/\/www.europesays.com\/fr\/wp-json\/wp\/v2\/posts"}],"about":[{"href":"https:\/\/www.europesays.com\/fr\/wp-json\/wp\/v2\/types\/post"}],"author":[{"embeddable":true,"href":"https:\/\/www.europesays.com\/fr\/wp-json\/wp\/v2\/users\/2"}],"replies":[{"embeddable":true,"href":"https:\/\/www.europesays.com\/fr\/wp-json\/wp\/v2\/comments?post=181330"}],"version-history":[{"count":0,"href":"https:\/\/www.europesays.com\/fr\/wp-json\/wp\/v2\/posts\/181330\/revisions"}],"wp:featuredmedia":[{"embeddable":true,"href":"https:\/\/www.europesays.com\/fr\/wp-json\/wp\/v2\/media\/181331"}],"wp:attachment":[{"href":"https:\/\/www.europesays.com\/fr\/wp-json\/wp\/v2\/media?parent=181330"}],"wp:term":[{"taxonomy":"category","embeddable":true,"href":"https:\/\/www.europesays.com\/fr\/wp-json\/wp\/v2\/categories?post=181330"},{"taxonomy":"post_tag","embeddable":true,"href":"https:\/\/www.europesays.com\/fr\/wp-json\/wp\/v2\/tags?post=181330"}],"curies":[{"name":"wp","href":"https:\/\/api.w.org\/{rel}","templated":true}]}}