{"id":181336,"date":"2025-06-16T17:20:09","date_gmt":"2025-06-16T17:20:09","guid":{"rendered":"https:\/\/www.europesays.com\/fr\/181336\/"},"modified":"2025-06-16T17:20:09","modified_gmt":"2025-06-16T17:20:09","slug":"un-hostel-a-acteurs-multiples-pres-du-centre-ville","status":"publish","type":"post","link":"https:\/\/www.europesays.com\/fr\/181336\/","title":{"rendered":"un hostel \u00e0 acteurs multiples pr\u00e8s du centre-ville"},"content":{"rendered":"<p>\nEn construction depuis quelques semaines par l&rsquo;entreprise g\u00e9n\u00e9rale L\u00e9on Grosse charg\u00e9e des travaux hors corps d&rsquo;\u00e9tat techniques, un hostel s&rsquo;installera sur la place de la Gare \u00e0 Strasbourg (<a title=\"L&#039;actualit\u00e9 BTP du d\u00e9partement du Bas-Rhin\" href=\"https:\/\/www.lemoniteur.fr\/bas-rhin\/\" rel=\"noopener\" target=\"\" class=\"lien-contextuel\">Bas-Rhin<\/a>). Ses 1 300 m2 \u00e9taient identifi\u00e9s depuis six ans par leur propri\u00e9taire, le Cr\u00e9dit Mutuel, comme \u00ab un terrain au potentiel incontestable de valorisation \u00bb, souligne Olivier Chambaud, responsable de la fili\u00e8re immobili\u00e8re du groupe bancaire.<\/p>\n<p>Une client\u00e8le de jeunes adultes et familles<\/p>\n<p>\nLes longues ann\u00e9es d&rsquo;\u00e9laboration aboutissent \u00e0 un projet de 18 M\u20ac r\u00e9unissant les promoteurs Kaufman &amp; Broad et Cr\u00e9dit Mutuel Immobilier et les deux investisseurs, la Fonci\u00e8re Alsace <a title=\"\" href=\"https:\/\/www.lemoniteur.fr\/vosges\/\" rel=\"noopener\" target=\"\" class=\"lien-contextuel\">Vosges<\/a> (groupe Cr\u00e9dit Agricole) et la <a title=\"\" href=\"https:\/\/www.lemoniteur.fr\/banque-des-territoires\/\" rel=\"noopener\" target=\"\" class=\"lien-contextuel\">Banque des territoires<\/a>, autour du concept de l&rsquo;exploitant allemand Meininger : un \u00ab h\u00f4tel-auberge \u00bb destin\u00e9 en priorit\u00e9 \u00e0 une client\u00e8le de jeunes adultes et familles, avec des chambres jusqu&rsquo;\u00e0 six lits. Le nouvel immeuble de 3 900 m2 SP sur huit niveaux, dont la livraison est pr\u00e9vue mi-2027, sera habill\u00e9 d&rsquo;un <a title=\"\" href=\"https:\/\/www.lemoniteur.fr\/bardage\/\" rel=\"noopener\" target=\"\" class=\"lien-contextuel\">bardage<\/a> de <a title=\"\" href=\"https:\/\/www.lemoniteur.fr\/zinc\/\" rel=\"noopener\" target=\"\" class=\"lien-contextuel\">zinc<\/a> en attique et de b\u00e9ton en fa\u00e7ade, selon la conception de l&rsquo;agence RHB Architectes.<\/p>\n<p class=\"editoTitleType1 editoTitleType1--lagoon is-uppercase\">S\u00e9lectionn\u00e9 <b>pour vous<\/b><\/p>\n<p><a class=\"editoCardType21__link editoCardType21__containerImage\" href=\"https:\/\/www.lemoniteur.fr\/article\/strasbourg-de-l-opera-au-musee-un-bati-culturel-multirenove.2345992\" data-xiti-name=\"2345992\" target=\"_blank\" rel=\"noopener\"><br \/>\n<img decoding=\"async\" src=\"data:image\/gif;base64,R0lGODdhAQABAPAAAMPDwwAAACwAAAAAAQABAAACAkQBADs=\" data-original=\"\/mediatheque\/3\/4\/2\/002435243_256x170_c.jpg\" alt=\"Strasbourg : de l'op\u00e9ra au mus\u00e9e, un b\u00e2ti culturel multir\u00e9nov\u00e9\"\/><br \/>\n<\/a><\/p>\n","protected":false},"excerpt":{"rendered":"En construction depuis quelques semaines par l&rsquo;entreprise g\u00e9n\u00e9rale L\u00e9on Grosse charg\u00e9e des travaux hors corps d&rsquo;\u00e9tat techniques, un&hellip;\n","protected":false},"author":2,"featured_media":181337,"comment_status":"","ping_status":"","sticky":false,"template":"","format":"standard","meta":{"footnotes":""},"categories":[2820],"tags":[1111,11,1350,2649,2598,932,1777,674,1011,27,775,12,4916,25,640,602],"class_list":{"0":"post-181336","1":"post","2":"type-post","3":"status-publish","4":"format-standard","5":"has-post-thumbnail","7":"category-strasbourg","8":"tag-actu","9":"tag-actualites","10":"tag-architecture","11":"tag-bas-rhin","12":"tag-equipement","13":"tag-est","14":"tag-eu","15":"tag-europe","16":"tag-fr","17":"tag-france","18":"tag-grand-est","19":"tag-news","20":"tag-projets","21":"tag-republique-francaise","22":"tag-strasbourg","23":"tag-tourisme"},"share_on_mastodon":{"url":"https:\/\/pubeurope.com\/@fr\/114694194734705445","error":""},"_links":{"self":[{"href":"https:\/\/www.europesays.com\/fr\/wp-json\/wp\/v2\/posts\/181336","targetHints":{"allow":["GET"]}}],"collection":[{"href":"https:\/\/www.europesays.com\/fr\/wp-json\/wp\/v2\/posts"}],"about":[{"href":"https:\/\/www.europesays.com\/fr\/wp-json\/wp\/v2\/types\/post"}],"author":[{"embeddable":true,"href":"https:\/\/www.europesays.com\/fr\/wp-json\/wp\/v2\/users\/2"}],"replies":[{"embeddable":true,"href":"https:\/\/www.europesays.com\/fr\/wp-json\/wp\/v2\/comments?post=181336"}],"version-history":[{"count":0,"href":"https:\/\/www.europesays.com\/fr\/wp-json\/wp\/v2\/posts\/181336\/revisions"}],"wp:featuredmedia":[{"embeddable":true,"href":"https:\/\/www.europesays.com\/fr\/wp-json\/wp\/v2\/media\/181337"}],"wp:attachment":[{"href":"https:\/\/www.europesays.com\/fr\/wp-json\/wp\/v2\/media?parent=181336"}],"wp:term":[{"taxonomy":"category","embeddable":true,"href":"https:\/\/www.europesays.com\/fr\/wp-json\/wp\/v2\/categories?post=181336"},{"taxonomy":"post_tag","embeddable":true,"href":"https:\/\/www.europesays.com\/fr\/wp-json\/wp\/v2\/tags?post=181336"}],"curies":[{"name":"wp","href":"https:\/\/api.w.org\/{rel}","templated":true}]}}