{"id":181342,"date":"2025-06-16T17:23:12","date_gmt":"2025-06-16T17:23:12","guid":{"rendered":"https:\/\/www.europesays.com\/fr\/181342\/"},"modified":"2025-06-16T17:23:12","modified_gmt":"2025-06-16T17:23:12","slug":"ou-en-sont-les-travaux-de-cette-decheterie-nouvelle-generation","status":"publish","type":"post","link":"https:\/\/www.europesays.com\/fr\/181342\/","title":{"rendered":"o\u00f9 en sont les travaux de cette d\u00e9ch\u00e8terie \u00ab\u00a0nouvelle g\u00e9n\u00e9ration\u00a0\u00bb\u00a0?"},"content":{"rendered":"<p>            Par<br \/>\n        <strong><br \/>\n            <a href=\"https:\/\/actu.fr\/auteur\/laure-gentil\" title=\"Consulter tous les articles de Laure Gentil\" target=\"_blank\" rel=\"noopener\">Laure Gentil<\/a><br \/>\n        <\/strong><\/p>\n<p>        Publi\u00e9 le<\/p>\n<p>            16 juin 2025 \u00e0 18h33        <\/p>\n<p>Il faudra attendre encore un peu pour que les habitants de <strong>La Chapelle-sur-Erdre<\/strong> (Loire-Atlantique) puissent retourner dans leur d\u00e9ch\u00e8terie. <a href=\"https:\/\/actu.fr\/pays-de-la-loire\/la-chapelle-sur-erdre_44035\/pres-de-nantes-cette-dechetterie-va-rester-fermee-pendant-plus-d-un-an_61678557.html\" target=\"_blank\" rel=\"noopener\">Celle-ci, <strong>ferm\u00e9e depuis octobre\u00a02024,<\/strong><\/a> est en train d\u2019\u00eatre modernis\u00e9e pour devenir une d\u00e9ch\u00e8terie \u00ab\u2009nouvelle g\u00e9n\u00e9ration\u2009\u00bb.<\/p>\n<p class=\" wall-content\"><strong>Mais o\u00f9 en sont les travaux\u2009?<\/strong><\/p>\n<p>Faciliter le geste de tri<\/p>\n<p class=\" wall-content\">La d\u00e9ch\u00e8terie prend forme depuis le d\u00e9but des travaux lanc\u00e9s \u00e0 l\u2019automne 2024 et les b\u00e2timents sortent de terre. La livraison est toujours pr\u00e9vue au<strong> premier trimestre 2026<\/strong>, il n\u2019y a pour l\u2019instant pas de retards.<\/p>\n<p class=\" wall-content\">Elle occupera une <strong>surface totale de 5\u2009753 m\u00b2<\/strong>. Son am\u00e9nagement \u00ab\u2009\u00e0 plat\u2009\u00bb permettra \u00ab\u2009d\u2019optimiser le circuit de tri et de parvenir \u00e0 23 flux de d\u00e9chets collect\u00e9s et valoris\u00e9s, contre 14 flux avec l\u2019ancien \u00e9quipement\u2009\u00bb, indique Nantes M\u00e9tropole dans un communiqu\u00e9. Le but \u00e9tant aussi de faciliter \u00ab\u2009le geste de tri pour les usagers\u2009\u00bb.<\/p>\n<p class=\" wall-content\">Elle comprendra\u2009:<\/p>\n<ul class=\" wall-content\">\n<li>un <strong>b\u00e2timent couvert<\/strong> d\u2019une surface d\u2019environ 300 m\u00b2 (bureaux des agents et locaux de vie, local d\u2019outillage, locaux d\u00e9di\u00e9s au r\u00e9emploi, aux d\u00e9chets sensibles et valorisables, pr\u00e9au)\u2009;<\/li>\n<li><strong>230 m\u00b2 de plateformes modulables<\/strong> pour le d\u00e9p\u00f4t des d\u00e9chets verts, des gravats et DEA (meubles)\u2009;<\/li>\n<li>250 m\u00b2 pour les \u00ab\u2009bennes compactrices\u2009\u00bb\u2009;<\/li>\n<li>45 m\u00b2 pour les bornes de point d\u2019apport volontaire pour le verre et le papier.<\/li>\n<\/ul>\n<p>Vid\u00e9os : en ce moment sur Actu<\/p>\n<p class=\" wall-content\">Le toit du b\u00e2timent sera de plus <strong>v\u00e9g\u00e9talis\u00e9<\/strong> pour r\u00e9pondre \u00ab\u2009aux exigences de la transition \u00e9cologique\u2009\u00bb.<\/p>\n<p class=\" wall-content\">Le co\u00fbt du projet est estim\u00e9 \u00e0<strong> 3\u2009361\u2009410\u00a0euros<\/strong> selon Nantes M\u00e9tropole.<\/p>\n<p class=\" wall-content\">Suivez toute l\u2019actualit\u00e9 de vos villes et m\u00e9dias favoris en vous inscrivant \u00e0 <a href=\"https:\/\/moncompte.actu.fr\" title=\"D\u00e9couvez Mon Actu\" rel=\"nofollow noopener\" data-trk=\"{&quot;cta&quot;:{&quot;action&quot;:&quot;https:\\\/\\\/moncompte.actu.fr&quot;,&quot;category&quot;:&quot;mon compte&quot;,&quot;from&quot;:&quot;article footer&quot;,&quot;name&quot;:&quot;Mon actu&quot;,&quot;type&quot;:&quot;cta&quot;}}\" target=\"_blank\">Mon Actu<\/a>.<\/p>\n","protected":false},"excerpt":{"rendered":"Par Laure Gentil Publi\u00e9 le 16 juin 2025 \u00e0 18h33 Il faudra attendre encore un peu pour que&hellip;\n","protected":false},"author":2,"featured_media":181343,"comment_status":"","ping_status":"","sticky":false,"template":"","format":"standard","meta":{"footnotes":""},"categories":[2818],"tags":[1111,11,3008,1777,674,1011,27,766,12,2636,25,104,2086],"class_list":{"0":"post-181342","1":"post","2":"type-post","3":"status-publish","4":"format-standard","5":"has-post-thumbnail","7":"category-nantes","8":"tag-actu","9":"tag-actualites","10":"tag-dechets","11":"tag-eu","12":"tag-europe","13":"tag-fr","14":"tag-france","15":"tag-nantes","16":"tag-news","17":"tag-pays-de-la-loire","18":"tag-republique-francaise","19":"tag-societe","20":"tag-travaux"},"share_on_mastodon":{"url":"https:\/\/pubeurope.com\/@fr\/114694206623210568","error":""},"_links":{"self":[{"href":"https:\/\/www.europesays.com\/fr\/wp-json\/wp\/v2\/posts\/181342","targetHints":{"allow":["GET"]}}],"collection":[{"href":"https:\/\/www.europesays.com\/fr\/wp-json\/wp\/v2\/posts"}],"about":[{"href":"https:\/\/www.europesays.com\/fr\/wp-json\/wp\/v2\/types\/post"}],"author":[{"embeddable":true,"href":"https:\/\/www.europesays.com\/fr\/wp-json\/wp\/v2\/users\/2"}],"replies":[{"embeddable":true,"href":"https:\/\/www.europesays.com\/fr\/wp-json\/wp\/v2\/comments?post=181342"}],"version-history":[{"count":0,"href":"https:\/\/www.europesays.com\/fr\/wp-json\/wp\/v2\/posts\/181342\/revisions"}],"wp:featuredmedia":[{"embeddable":true,"href":"https:\/\/www.europesays.com\/fr\/wp-json\/wp\/v2\/media\/181343"}],"wp:attachment":[{"href":"https:\/\/www.europesays.com\/fr\/wp-json\/wp\/v2\/media?parent=181342"}],"wp:term":[{"taxonomy":"category","embeddable":true,"href":"https:\/\/www.europesays.com\/fr\/wp-json\/wp\/v2\/categories?post=181342"},{"taxonomy":"post_tag","embeddable":true,"href":"https:\/\/www.europesays.com\/fr\/wp-json\/wp\/v2\/tags?post=181342"}],"curies":[{"name":"wp","href":"https:\/\/api.w.org\/{rel}","templated":true}]}}