{"id":181344,"date":"2025-06-16T17:24:15","date_gmt":"2025-06-16T17:24:15","guid":{"rendered":"https:\/\/www.europesays.com\/fr\/181344\/"},"modified":"2025-06-16T17:24:15","modified_gmt":"2025-06-16T17:24:15","slug":"luis-castro-officialise-sur-le-banc-du-fc-nantes-pour-deux-saisons","status":"publish","type":"post","link":"https:\/\/www.europesays.com\/fr\/181344\/","title":{"rendered":"Luis Castro officialis\u00e9 sur le banc du FC Nantes pour deux saisons"},"content":{"rendered":"<p>Le FC Nantes a confirm\u00e9 lundi l&rsquo;arriv\u00e9e, comme entra\u00eeneur, du Portugais Luis Castro pour deux saisons, plus une en option, en provenance de l&rsquo;USL Dunkerque (L2).<\/p>\n<p><a href=\"https:\/\/www.ledauphine.com\/sport\/2025\/06\/11\/nantes-tient-son-nouvel-entraineur-accord-trouve-avec-luis-castro\" target=\"_blank\" rel=\"nofollow noopener\">La semaine derni\u00e8re, les Canaris avaient trouv\u00e9 un accord financier<\/a> pour lib\u00e9rer le technicien des deux ann\u00e9es de contrat qu&rsquo;il lui restait avec l&rsquo;\u00e9quipe nordiste qu&rsquo;il avait amen\u00e9e \u00e0 une 4e place en L2 et \u00e0 une demi-finale de Coupe de France la saison derni\u00e8re.<\/p>\n<p>Alors que Dunkerque r\u00e9clamait initialement 2 millions d&rsquo;euros, les deux clubs s&rsquo;\u00e9taient entendus sur une indemnit\u00e9 de 750 000 euros.<\/p>\n<p>Ce contenu est bloqu\u00e9 car vous n&rsquo;avez pas accept\u00e9 les cookies et autres traceurs.<\/p>\n<p>En cliquant sur \u00ab J\u2019accepte \u00bb, les cookies et autres traceurs seront d\u00e9pos\u00e9s et vous pourrez visualiser les contenus  (<a href=\"\" class=\"consentModule_policy\" target=\"_blank\" title=\"Consulter la politique de protection des donn\u00e9es du fournisseur\">plus d&rsquo;informations<\/a>).<\/p>\n<p>En cliquant sur \u00ab J\u2019accepte tous les cookies \u00bb, vous autorisez des d\u00e9p\u00f4ts de cookies et autres traceurs pour le stockage de vos donn\u00e9es sur nos sites et applications \u00e0 des fins de personnalisation et de ciblage publicitaire.<\/p>\n<p class=\"consentModule_secondaryText\">Vous gardez la possibilit\u00e9 de retirer votre consentement \u00e0 tout moment en consultant notre <a href=\"https:\/\/www.ledauphine.com\/protection-des-donnees\" target=\"_blank\" title=\"Consulter notre politique de protection des donn\u00e9es\" rel=\"nofollow noopener\">politique de protection des donn\u00e9es<\/a>. <br \/>&#13;<br \/>\n            <a href=\"https:\/\/www.ledauphine.com\/sport\/2025\/06\/16\/javascript:Didomi.notice.show()\" class=\"consentModule_cmp\" rel=\"nofollow noopener\" target=\"_blank\">G\u00e9rer mes choix<\/a>&#13;\n        <\/p>\n<p>&#13;<br \/>\n                        J&rsquo;accepte&#13;<br \/>\n            J&rsquo;accepte tous les cookies&#13;\n        <\/p>\n<p>  Une saison 2021-2022 remarquable\u00a0<\/p>\n<p>\u00c2g\u00e9 de 45 ans, Castro n&rsquo;a pas eu de carri\u00e8re de joueur professionnel mais il a fait essentiellement ses gammes aupr\u00e8s d&rsquo;\u00e9quipes de jeunes au Portugal.<\/p>\n<p>Il s&rsquo;\u00e9tait fait surtout remarquer avec les U19 de Benfica avec qui il avait remport\u00e9 le championnat du Portugal, la Youth League &#8212; \u00e9quivalent de la Ligue des champions pour les jeunes &#8212; et la Coupe interncontinentale en 2022.<\/p>\n<p>  ADN offensif<\/p>\n<p>R\u00e9put\u00e9 pour faire pratiquer un jeu offensif et s\u00e9duisant \u00e0 ses \u00e9quipes, Castro aura une lourde t\u00e2che \u00e0 Nantes qui d\u00fb lutter pour se maintenir dans l&rsquo;\u00e9lite lors de quatre des cinq derni\u00e8res saisons.<\/p>\n<p>La saison derni\u00e8re, Nantes avait m\u00eame d\u00fb attendre la derni\u00e8re journ\u00e9e pour \u00eatre certain d&rsquo;\u00e9chapper \u00e0 la rel\u00e9gation, apr\u00e8s une saison marqu\u00e9e par un jeu soporifique <a href=\"https:\/\/www.ledauphine.com\/sport\/2025\/05\/20\/l-entraineur-du-fc-nantes-antoine-kombouare-limoge-apres-une-saison-compliquee\" target=\"_blank\" rel=\"nofollow noopener\">sous la houlette d&rsquo;Antoine Kombouar\u00e9.<\/a><\/p>\n<p>Son exp\u00e9rience dans le d\u00e9veloppement des jeunes joueurs correspond aussi \u00e0 l&rsquo;ADN historique du FC Nantes dont le centre de formation continue de d\u00e9velopper des jeunes prometteurs.<\/p>\n","protected":false},"excerpt":{"rendered":"Le FC Nantes a confirm\u00e9 lundi l&rsquo;arriv\u00e9e, comme entra\u00eeneur, du Portugais Luis Castro pour deux saisons, plus une&hellip;\n","protected":false},"author":2,"featured_media":181345,"comment_status":"","ping_status":"","sticky":false,"template":"","format":"standard","meta":{"footnotes":""},"categories":[2818],"tags":[1111,11,1777,674,107,63,1011,27,329,766,12,2636,25,517,1947],"class_list":{"0":"post-181344","1":"post","2":"type-post","3":"status-publish","4":"format-standard","5":"has-post-thumbnail","7":"category-nantes","8":"tag-actu","9":"tag-actualites","10":"tag-eu","11":"tag-europe","12":"tag-fil-info","13":"tag-football","14":"tag-fr","15":"tag-france","16":"tag-france-monde","17":"tag-nantes","18":"tag-news","19":"tag-pays-de-la-loire","20":"tag-republique-francaise","21":"tag-sport","22":"tag-sport-national"},"share_on_mastodon":{"url":"https:\/\/pubeurope.com\/@fr\/114694210476297223","error":""},"_links":{"self":[{"href":"https:\/\/www.europesays.com\/fr\/wp-json\/wp\/v2\/posts\/181344","targetHints":{"allow":["GET"]}}],"collection":[{"href":"https:\/\/www.europesays.com\/fr\/wp-json\/wp\/v2\/posts"}],"about":[{"href":"https:\/\/www.europesays.com\/fr\/wp-json\/wp\/v2\/types\/post"}],"author":[{"embeddable":true,"href":"https:\/\/www.europesays.com\/fr\/wp-json\/wp\/v2\/users\/2"}],"replies":[{"embeddable":true,"href":"https:\/\/www.europesays.com\/fr\/wp-json\/wp\/v2\/comments?post=181344"}],"version-history":[{"count":0,"href":"https:\/\/www.europesays.com\/fr\/wp-json\/wp\/v2\/posts\/181344\/revisions"}],"wp:featuredmedia":[{"embeddable":true,"href":"https:\/\/www.europesays.com\/fr\/wp-json\/wp\/v2\/media\/181345"}],"wp:attachment":[{"href":"https:\/\/www.europesays.com\/fr\/wp-json\/wp\/v2\/media?parent=181344"}],"wp:term":[{"taxonomy":"category","embeddable":true,"href":"https:\/\/www.europesays.com\/fr\/wp-json\/wp\/v2\/categories?post=181344"},{"taxonomy":"post_tag","embeddable":true,"href":"https:\/\/www.europesays.com\/fr\/wp-json\/wp\/v2\/tags?post=181344"}],"curies":[{"name":"wp","href":"https:\/\/api.w.org\/{rel}","templated":true}]}}