{"id":181354,"date":"2025-06-16T17:29:11","date_gmt":"2025-06-16T17:29:11","guid":{"rendered":"https:\/\/www.europesays.com\/fr\/181354\/"},"modified":"2025-06-16T17:29:11","modified_gmt":"2025-06-16T17:29:11","slug":"lille-decouvrez-le-bar-restaurant-les-augustins-une-brasserie-chic-nichee-dans-une-ancienne-banque","status":"publish","type":"post","link":"https:\/\/www.europesays.com\/fr\/181354\/","title":{"rendered":"Lille. D\u00e9couvrez le bar-restaurant Les Augustins, une brasserie chic nich\u00e9e dans une ancienne banque"},"content":{"rendered":"<p>            Par<br \/>\n        <strong><br \/>\n            <a href=\"https:\/\/actu.fr\/auteur\/hervine-mahaud\" title=\"Consulter tous les articles de Hervine Mahaud\" target=\"_blank\" rel=\"noopener\">Hervine Mahaud<\/a><br \/>\n        <\/strong><\/p>\n<p>        Publi\u00e9 le<\/p>\n<p>            16 juin 2025 \u00e0 18h42        <\/p>\n<p data-end=\"545\"><b data-end=\"306\">\u00c0 deux pas de la <a href=\"https:\/\/actu.fr\/tag\/gare-lille-flandres\" target=\"_blank\" rel=\"noopener\">gare Lille-Flandres<\/a><\/b>, un lieu insolite et \u00e9l\u00e9gant attire les regards : <b>l\u2019h\u00f4tel Oceania Les Augustins<\/b>, ouvert \u00e0 la fin du mois de mai 2025 apr\u00e8s plus de deux ans de travaux. Mais ce qui vaut aussi le d\u00e9tour, ce sont son <b data-end=\"459\">restaurant et son bar<\/b>, <b>ouverts \u00e0 tous<\/b>, voyageurs de passage comme Lillois en qu\u00eate d\u2019un lieu hors du temps.<\/p>\n<p>Une brasserie chic et locale, port\u00e9e par le chef Jayson Cl\u00e9ment<\/p>\n<p data-end=\"904\" class=\" wall-content\"><a href=\"https:\/\/actu.fr\/hauts-de-france\/lille_59350\/a-lille-la-banque-scalbert-dupont-va-etre-transformee-en-hotel-4-etoiles_52007342.html\" target=\"_blank\" rel=\"noopener\">Install\u00e9 dans l\u2019ancienne banque Scalbert Dupont<\/a>, <b data-end=\"701\">le restaurant Les Augustins<\/b> joue la carte du charme et de la convivialit\u00e9. Aux fourneaux, le chef <b data-end=\"796\">Jayson Cl\u00e9ment<\/b>, 32 ans, signe une cuisine g\u00e9n\u00e9reuse et sinc\u00e8re, <b data-end=\"903\">inspir\u00e9e des classiques fran\u00e7ais et des sp\u00e9cialit\u00e9s r\u00e9gionales<\/b>.<\/p>\n<p>    <img   decoding=\"async\" loading=\"lazy\" class=\"size-large\" src=\"https:\/\/www.europesays.com\/fr\/wp-content\/uploads\/2025\/06\/b1753cc61c486ffc53cc61c4841f83v-960x640.jpg\" alt=\"bar restaurant hotel oceania les augustins lille 1\" width=\"960\" height=\"640\"\/><br \/>\n    Le chef Jayson Cl\u00e9ment a travaill\u00e9 dans des \u00e9tablissements vari\u00e9s, de l\u2019estaminet au semi-gastro, pour devenir un v\u00e9ritable couteau suisse en cuisine. \u00a9Hervine Mahaud<\/p>\n<p data-end=\"1327\" class=\" wall-content\">Form\u00e9 dans plusieurs maisons r\u00e9put\u00e9es de la m\u00e9tropole, de <b data-end=\"1003\">la Ferme aux Oies <\/b>\u00e0 <a href=\"https:\/\/actu.fr\/hauts-de-france\/marcq-en-baroeul_59378\" target=\"_blank\" rel=\"noopener\">Marcq-en-Bar\u0153ul<\/a> au <a href=\"https:\/\/actu.fr\/hauts-de-france\/lille_59350\/dj-sets-bar-rooftop-profitez-soirees-mama-shelter-lille-11-aout_26193320.html\" target=\"_blank\" rel=\"noopener\">Mama Shelter<\/a>\u00a0en passant par le <a href=\"https:\/\/actu.fr\/hauts-de-france\/lille_59350\/lille-le-restaurant-babe-lance-son-banquet-un-buffet-a-volonte-avec-sa-ripaille-a-lancienne_61010396.html\" target=\"_blank\" rel=\"noopener\">Babe<\/a>, il propose aujourd\u2019hui une carte mijot\u00e9e avec c\u0153ur, fid\u00e8le \u00e0 ses souvenirs d\u2019enfance. Sa carbonnade flamande, longuement cuite \u00e0 la fleur de bi\u00e8re, en est l\u2019une des signatures.<\/p>\n<p data-end=\"1327\" class=\" wall-content\">\u00ab\u00a0J\u2019ai appris la cuisine avec ma grand-m\u00e8re. Elle m\u2019a transmis le go\u00fbt des choses bien faites, des plats qu\u2019on laisse mijoter\u2026 Aujourd\u2019hui, je n\u2019ai qu\u2019une envie : que les clients se sentent ici comme \u00e0 la maison, avec une cuisine qui fait du bien, sans triche, mais toujours avec du go\u00fbt\u00a0\u00bb, confie le chef.<\/p>\n<p>    <img   decoding=\"async\" loading=\"lazy\" class=\"size-large\" src=\"https:\/\/www.europesays.com\/fr\/wp-content\/uploads\/2025\/06\/92210cc61c48619210cc61c481d210v-960x640.jpg\" alt=\"bar restaurant hotel oceania les augustins lille\" width=\"960\" height=\"640\"\/><br \/>\n    Tartare de thon rouge avec avocat fondant, mangue acidul\u00e9e et chips de parmesan. \u00a9Hervine Mahaud<\/p>\n<p data-end=\"1573\" class=\" wall-content\"><b data-end=\"1444\">Chaque plat est fait maison, avec une vraie attention au go\u00fbt, aux saisons, et \u00e0 la lutte contre le gaspillage.<\/b> Le midi, une formule compl\u00e8te \u00e0 21 \u20ac (plat, dessert, caf\u00e9, entr\u00e9e surprise offerte) s\u2019adresse aux actifs press\u00e9s mais gourmands.<\/p>\n<p data-end=\"1573\" class=\" wall-content\">La carte se renouvelle tout au long de l\u2019ann\u00e9e. Pour cet \u00e9t\u00e9, on retrouve, par exemple, des asperges vertes fondantes en entr\u00e9e, un filet de bar de ligne ou un vitello tonnato pour les plats. Apr\u00e8s un plateau de fromages du Nord, les gourmands pourront se rafraichir avec un dessert \u00e0 la rhubarbe confite.<\/p>\n<p>    <img   decoding=\"async\" loading=\"lazy\" class=\"size-large\" src=\"https:\/\/www.europesays.com\/fr\/wp-content\/uploads\/2025\/06\/89bb1cc61c486ffbb1cc61c4834cb1v-960x640.jpg\" alt=\"bar restaurant hotel oceania les augustins lille 1\" width=\"960\" height=\"640\"\/><br \/>\n    Le vitello tonnato (quasi de veau) avec sauce antiboise onctueuse, noisettes grill\u00e9es et c\u00e2prons croquants. \u00a9Hervine Mahaud<\/p>\n<p data-end=\"1573\" class=\" wall-content\">Comptez entre 11 et 14 \u20ac pour une entr\u00e9e, entre 16 et 22 \u20ac pour un plat de poisson ou v\u00e9g\u00e9tarien, entre 23 et 54 \u20ac pour les viandes, et enfin de 7 \u00e0 10 \u20ac pour les desserts.<\/p>\n<p data-end=\"1573\" class=\" wall-content\">Le restaurant va aussi, \u00e0 partir de la rentr\u00e9e, proposer des brunchs. Avis aux amateurs !<\/p>\n<p>Un bar spectaculaire, entre histoire et modernit\u00e9<\/p>\n<p data-end=\"1849\" class=\" wall-content\">Le lieu ne serait pas complet sans son <b data-end=\"1687\">bar lounge<\/b>, nich\u00e9 sous une <b data-end=\"1730\">superbe verri\u00e8re ovale<\/b>. En \u00e9cho aux anciens guichets de banque, le comptoir tout en rondeurs invite \u00e0 la d\u00e9tente, du go\u00fbter au dernier verre.<\/p>\n<p>    <img   decoding=\"async\" loading=\"lazy\" class=\"size-large\" src=\"https:\/\/www.europesays.com\/fr\/wp-content\/uploads\/2025\/06\/7c408cc61c48641508cc61c4865508v-960x640.jpg\" alt=\"bar restaurant hotel oceania les augustins lille 1\" width=\"960\" height=\"640\"\/><br \/>\n    Le bar de l\u2019h\u00f4tel reprend la forme ovale de la somptueuse verri\u00e8re. \u00a9Hervine Mahaud<\/p>\n<p data-end=\"2145\" class=\" wall-content\">L\u2019endroit est aussi id\u00e9al pour une pause entre deux trains qu\u2019un ap\u00e9ro prolong\u00e9 entre amis. Au programme : <b data-end=\"2051\">bi\u00e8res locales \u00e0 la pression<\/b>, <b data-end=\"2066\">jus frais<\/b>, <b data-end=\"2087\">caf\u00e9s gourmands<\/b> et <b data-end=\"2114\">cocktails signature<\/b> imagin\u00e9s par le chef barman Nicolas Perez, <a href=\"https:\/\/actu.fr\/hauts-de-france\/lille_59350\/decouvrez-mesa-lincroyable-bar-restaurant-avec-rooftop-qui-vient-douvrir-a-lille_60896599.html\" target=\"_blank\" rel=\"noopener\">un ancien de Mesa<\/a>. On se laissera surprendre par le <b>Sarros\u00e9<\/b>, avec de l\u2019eau de vie d\u2019abricot, bergamote, sarrasin, vermouth blanc et soda.\u00a0<\/p>\n<p data-end=\"2145\" class=\" wall-content\">\n<p>    <img   decoding=\"async\" loading=\"lazy\" class=\"size-large\" src=\"https:\/\/www.europesays.com\/fr\/wp-content\/uploads\/2025\/06\/d8c98cc61c4865dc98cc61c4891d98v-960x640.jpg\" alt=\"bar restaurant hotel oceania les augustins lille 1\" width=\"960\" height=\"640\"\/><br \/>\n    Fauteuils moelleux et ambiance chic au bar de l\u2019h\u00f4tel. \u00a9Hervine Mahaud<\/p>\n<p>Infos pratiques : Bar-restaurant de l\u2019h\u00f4tel Oceania Les Augustins, 37 rue du Molinel \u00e0 Lille. Le restaurant est ouvert du lundi au dimanche, de 12h \u00e0 14h et de 19h \u00e0 22h. Le bar est ouvert du lundi au mercredi de 16h30 \u00e0 23h, et du jeudi au dimanche jusqu\u2019\u00e0 minuit. Plus d\u2019infos <a href=\"https:\/\/www.oceaniahotels.com\/oceania-les-augustins-lille\/restaurant-bar\" target=\"_blank\" rel=\"noopener\">en cliquant ici<\/a>.<\/p>\n<p class=\" wall-content\">Suivez toute l\u2019actualit\u00e9 de vos villes et m\u00e9dias favoris en vous inscrivant \u00e0 <a href=\"https:\/\/moncompte.actu.fr\" title=\"D\u00e9couvez Mon Actu\" rel=\"nofollow noopener\" data-trk=\"{&quot;cta&quot;:{&quot;action&quot;:&quot;https:\\\/\\\/moncompte.actu.fr&quot;,&quot;category&quot;:&quot;mon compte&quot;,&quot;from&quot;:&quot;article footer&quot;,&quot;name&quot;:&quot;Mon actu&quot;,&quot;type&quot;:&quot;cta&quot;}}\" target=\"_blank\">Mon Actu<\/a>.<\/p>\n","protected":false},"excerpt":{"rendered":"Par Hervine Mahaud Publi\u00e9 le 16 juin 2025 \u00e0 18h42 \u00c0 deux pas de la gare Lille-Flandres, un&hellip;\n","protected":false},"author":2,"featured_media":181355,"comment_status":"","ping_status":"","sticky":false,"template":"","format":"standard","meta":{"footnotes":""},"categories":[2815],"tags":[1111,11,33,1777,674,1011,27,1661,811,1307,12,3147,25,1340],"class_list":{"0":"post-181354","1":"post","2":"type-post","3":"status-publish","4":"format-standard","5":"has-post-thumbnail","7":"category-lille","8":"tag-actu","9":"tag-actualites","10":"tag-economie","11":"tag-eu","12":"tag-europe","13":"tag-fr","14":"tag-france","15":"tag-gastronomie","16":"tag-hauts-de-france","17":"tag-lille","18":"tag-news","19":"tag-nouveaux-commerces","20":"tag-republique-francaise","21":"tag-restaurant"},"share_on_mastodon":{"url":"https:\/\/pubeurope.com\/@fr\/114694230880551493","error":""},"_links":{"self":[{"href":"https:\/\/www.europesays.com\/fr\/wp-json\/wp\/v2\/posts\/181354","targetHints":{"allow":["GET"]}}],"collection":[{"href":"https:\/\/www.europesays.com\/fr\/wp-json\/wp\/v2\/posts"}],"about":[{"href":"https:\/\/www.europesays.com\/fr\/wp-json\/wp\/v2\/types\/post"}],"author":[{"embeddable":true,"href":"https:\/\/www.europesays.com\/fr\/wp-json\/wp\/v2\/users\/2"}],"replies":[{"embeddable":true,"href":"https:\/\/www.europesays.com\/fr\/wp-json\/wp\/v2\/comments?post=181354"}],"version-history":[{"count":0,"href":"https:\/\/www.europesays.com\/fr\/wp-json\/wp\/v2\/posts\/181354\/revisions"}],"wp:featuredmedia":[{"embeddable":true,"href":"https:\/\/www.europesays.com\/fr\/wp-json\/wp\/v2\/media\/181355"}],"wp:attachment":[{"href":"https:\/\/www.europesays.com\/fr\/wp-json\/wp\/v2\/media?parent=181354"}],"wp:term":[{"taxonomy":"category","embeddable":true,"href":"https:\/\/www.europesays.com\/fr\/wp-json\/wp\/v2\/categories?post=181354"},{"taxonomy":"post_tag","embeddable":true,"href":"https:\/\/www.europesays.com\/fr\/wp-json\/wp\/v2\/tags?post=181354"}],"curies":[{"name":"wp","href":"https:\/\/api.w.org\/{rel}","templated":true}]}}