{"id":181358,"date":"2025-06-16T17:31:10","date_gmt":"2025-06-16T17:31:10","guid":{"rendered":"https:\/\/www.europesays.com\/fr\/181358\/"},"modified":"2025-06-16T17:31:10","modified_gmt":"2025-06-16T17:31:10","slug":"un-enfant-chute-de-2-etages-a-marseille-et-sen-tire-sans-une-egratignure","status":"publish","type":"post","link":"https:\/\/www.europesays.com\/fr\/181358\/","title":{"rendered":"Un enfant chute de 2 \u00e9tages \u00e0 Marseille et s&rsquo;en tire sans une \u00e9gratignure"},"content":{"rendered":"<p>Il a grimp\u00e9 sur un banc, puis sur la rambarde, avant de basculer et de dispara\u00eetre soudainement du balcon du troisi\u00e8me \u00e9tage de l\u2019appartement familial. Cet enfant de trois ans a fait une chute de plusieurs m\u00e8tres, dimanche en fin d\u2019apr\u00e8s-midi, dans un immeuble de l\u2019all\u00e9e de Saint-Cyr, dans le 10e arrondissement de <a href=\"https:\/\/www.laprovence.com\/bouches-du-rhone\/marseille-13055\" target=\"_blank\" rel=\"noopener\">Marseille<\/a>.<\/p>\n<p>Hospitalis\u00e9 par pr\u00e9caution<\/p>\n<p>Mais il s\u2019en est tir\u00e9 avec une belle frayeur, surtout pour ses parents. Le miracle ne tenait qu\u2019\u00e0 un canap\u00e9, install\u00e9 sur une autre terrasse situ\u00e9e au premier \u00e9tage de l\u2019immeuble. L\u2019enfant aventureux est en effet tomb\u00e9 sur le sofa install\u00e9 sur un autre balcon, deux \u00e9tages plus bas.<\/p>\n<p>Les marins-pompiers ont \u00e9t\u00e9 imm\u00e9diatement alert\u00e9s et ont auscult\u00e9 le bambin, qui ne pr\u00e9sentait aucune blessure apparente. Il a toutefois \u00e9t\u00e9 transport\u00e9 \u00e0 <a href=\"https:\/\/www.laprovence.com\/article\/region\/1745457836281415\/marseille-a-la-timone-2-000-soignants-face-a-la-disparition-annoncee-de-leur-parking\" target=\"_blank\" rel=\"noopener\">l\u2019h\u00f4pital de la Timone<\/a> par pr\u00e9caution afin d\u2019effectuer des examens de contr\u00f4le.<\/p>\n","protected":false},"excerpt":{"rendered":"Il a grimp\u00e9 sur un banc, puis sur la rambarde, avant de basculer et de dispara\u00eetre soudainement du&hellip;\n","protected":false},"author":2,"featured_media":181359,"comment_status":"","ping_status":"","sticky":false,"template":"","format":"standard","meta":{"footnotes":""},"categories":[2814],"tags":[17,1111,11,837,847,21116,1777,674,274,1011,27,884,12,882,25,24236,4561,19455],"class_list":{"0":"post-181358","1":"post","2":"type-post","3":"status-publish","4":"format-standard","5":"has-post-thumbnail","7":"category-marseille","8":"tag-17","9":"tag-actu","10":"tag-actualites","11":"tag-chute","12":"tag-enfant","13":"tag-etages","14":"tag-eu","15":"tag-europe","16":"tag-faits-divers-justice","17":"tag-fr","18":"tag-france","19":"tag-marseille","20":"tag-news","21":"tag-provence-alpes-cote-dazur","22":"tag-republique-francaise","23":"tag-sen","24":"tag-sans","25":"tag-tire"},"share_on_mastodon":{"url":"https:\/\/pubeurope.com\/@fr\/114694237970996796","error":""},"_links":{"self":[{"href":"https:\/\/www.europesays.com\/fr\/wp-json\/wp\/v2\/posts\/181358","targetHints":{"allow":["GET"]}}],"collection":[{"href":"https:\/\/www.europesays.com\/fr\/wp-json\/wp\/v2\/posts"}],"about":[{"href":"https:\/\/www.europesays.com\/fr\/wp-json\/wp\/v2\/types\/post"}],"author":[{"embeddable":true,"href":"https:\/\/www.europesays.com\/fr\/wp-json\/wp\/v2\/users\/2"}],"replies":[{"embeddable":true,"href":"https:\/\/www.europesays.com\/fr\/wp-json\/wp\/v2\/comments?post=181358"}],"version-history":[{"count":0,"href":"https:\/\/www.europesays.com\/fr\/wp-json\/wp\/v2\/posts\/181358\/revisions"}],"wp:featuredmedia":[{"embeddable":true,"href":"https:\/\/www.europesays.com\/fr\/wp-json\/wp\/v2\/media\/181359"}],"wp:attachment":[{"href":"https:\/\/www.europesays.com\/fr\/wp-json\/wp\/v2\/media?parent=181358"}],"wp:term":[{"taxonomy":"category","embeddable":true,"href":"https:\/\/www.europesays.com\/fr\/wp-json\/wp\/v2\/categories?post=181358"},{"taxonomy":"post_tag","embeddable":true,"href":"https:\/\/www.europesays.com\/fr\/wp-json\/wp\/v2\/tags?post=181358"}],"curies":[{"name":"wp","href":"https:\/\/api.w.org\/{rel}","templated":true}]}}