{"id":181362,"date":"2025-06-16T17:33:09","date_gmt":"2025-06-16T17:33:09","guid":{"rendered":"https:\/\/www.europesays.com\/fr\/181362\/"},"modified":"2025-06-16T17:33:09","modified_gmt":"2025-06-16T17:33:09","slug":"rhone-le-controleur-general-stephane-gouezec-va-prendre-la-tete-des-pompiers-du-rhone","status":"publish","type":"post","link":"https:\/\/www.europesays.com\/fr\/181362\/","title":{"rendered":"Rh\u00f4ne. Le contr\u00f4leur g\u00e9n\u00e9ral St\u00e9phane Gouezec va prendre la t\u00eate des pompiers du Rh\u00f4ne"},"content":{"rendered":"<p>Le contr\u00f4leur g\u00e9n\u00e9ral Emmanuel Clavaud, directeur d\u00e9partemental des services d\u2019incendie et de secours du Rh\u00f4ne (SDMIS), quitte ses fonctions le 1er\u00a0juillet, apr\u00e8s trois ans \u00e0 ce poste. Il va <a href=\"https:\/\/www.leprogres.fr\/defense-guerre-conflit\/2025\/03\/20\/le-chef-des-pompiers-va-rejoindre-l-etat-major-de-la-securite-civile-et-de-la-gestion-de-crise\" target=\"_blank\" rel=\"nofollow noopener\">rejoindre l\u2019\u00e9tat-major de la s\u00e9curit\u00e9 civile et de la gestion des crises<\/a>, dont il prendra le commandement le 15\u00a0septembre.<\/p>\n<p>Le nom de son successeur dans le Rh\u00f4ne a \u00e9t\u00e9 d\u00e9voil\u00e9 ce lundi, par voie de communiqu\u00e9. Le contr\u00f4leur g\u00e9n\u00e9ral St\u00e9phane Gouezec va prendre la t\u00eate du SDMIS \u00e0 compter du 15\u00a0ao\u00fbt. \u00ab\u00a0Ce recrutement est le r\u00e9sultat d\u2019un processus de s\u00e9lection\u00a0\u00bb entre la pr\u00e9fecture, la M\u00e9tropole de Lyon, le D\u00e9partement et le conseil d\u2019administration du SDMIS.<\/p>\n<p>St\u00e9phane Gouezec a dirig\u00e9 les pompiers des Deux-S\u00e8vres de 2017 \u00e0 2021 puis les pompiers de Seine-Maritime ces derni\u00e8res ann\u00e9es. Il a \u00e9t\u00e9 d\u00e9cor\u00e9 il y a quelques semaines de la L\u00e9gion d\u2019honneur.<\/p>\n","protected":false},"excerpt":{"rendered":"Le contr\u00f4leur g\u00e9n\u00e9ral Emmanuel Clavaud, directeur d\u00e9partemental des services d\u2019incendie et de secours du Rh\u00f4ne (SDMIS), quitte ses&hellip;\n","protected":false},"author":2,"featured_media":181363,"comment_status":"","ping_status":"","sticky":false,"template":"","format":"standard","meta":{"footnotes":""},"categories":[1889],"tags":[1111,11,2430,2757,1777,674,274,1011,27,2428,2756,12,25,2429],"class_list":{"0":"post-181362","1":"post","2":"type-post","3":"status-publish","4":"format-standard","5":"has-post-thumbnail","7":"category-lyon","8":"tag-actu","9":"tag-actualites","10":"tag-auvergne-rhone-alpes","11":"tag-edition-lyon-villeurbanne","12":"tag-eu","13":"tag-europe","14":"tag-faits-divers-justice","15":"tag-fr","16":"tag-france","17":"tag-lyon","18":"tag-lyon-bassin","19":"tag-news","20":"tag-republique-francaise","21":"tag-rhone"},"share_on_mastodon":{"url":"https:\/\/pubeurope.com\/@fr\/114694245764456341","error":""},"_links":{"self":[{"href":"https:\/\/www.europesays.com\/fr\/wp-json\/wp\/v2\/posts\/181362","targetHints":{"allow":["GET"]}}],"collection":[{"href":"https:\/\/www.europesays.com\/fr\/wp-json\/wp\/v2\/posts"}],"about":[{"href":"https:\/\/www.europesays.com\/fr\/wp-json\/wp\/v2\/types\/post"}],"author":[{"embeddable":true,"href":"https:\/\/www.europesays.com\/fr\/wp-json\/wp\/v2\/users\/2"}],"replies":[{"embeddable":true,"href":"https:\/\/www.europesays.com\/fr\/wp-json\/wp\/v2\/comments?post=181362"}],"version-history":[{"count":0,"href":"https:\/\/www.europesays.com\/fr\/wp-json\/wp\/v2\/posts\/181362\/revisions"}],"wp:featuredmedia":[{"embeddable":true,"href":"https:\/\/www.europesays.com\/fr\/wp-json\/wp\/v2\/media\/181363"}],"wp:attachment":[{"href":"https:\/\/www.europesays.com\/fr\/wp-json\/wp\/v2\/media?parent=181362"}],"wp:term":[{"taxonomy":"category","embeddable":true,"href":"https:\/\/www.europesays.com\/fr\/wp-json\/wp\/v2\/categories?post=181362"},{"taxonomy":"post_tag","embeddable":true,"href":"https:\/\/www.europesays.com\/fr\/wp-json\/wp\/v2\/tags?post=181362"}],"curies":[{"name":"wp","href":"https:\/\/api.w.org\/{rel}","templated":true}]}}