{"id":181364,"date":"2025-06-16T17:34:20","date_gmt":"2025-06-16T17:34:20","guid":{"rendered":"https:\/\/www.europesays.com\/fr\/181364\/"},"modified":"2025-06-16T17:34:20","modified_gmt":"2025-06-16T17:34:20","slug":"lyon-6e-lecole-de-musique-allegretto-dans-le-tempo-depuis-pres-de-40-ans","status":"publish","type":"post","link":"https:\/\/www.europesays.com\/fr\/181364\/","title":{"rendered":"Lyon 6e. L\u2019\u00e9cole de musique Allegretto dans le tempo depuis pr\u00e8s de 40 ans"},"content":{"rendered":"<p>Vous avez envie de d\u00e9couvrir la musique, de vous perfectionner dans la pratique d\u2019un instrument, ou m\u00eame de participer \u00e0 un groupe de rock\u00a0? Sous la baguette de Christelle Pouille Berger, tout est devenu possible. Rencontre avec une directrice investie.<\/p>\n<p>\u00ab\u00a0J\u2019ai pris la direction de l\u2019\u00e9cole il y a trois ans, avec une devise\u00a0: \u201cla musique, ensemble\u00a0!\u201d. Et un moteur\u00a0: au-del\u00e0 des cours, faire participer chacun de nos adh\u00e9rents \u00e0 des temps de&#8230;<\/p>\n","protected":false},"excerpt":{"rendered":"Vous avez envie de d\u00e9couvrir la musique, de vous perfectionner dans la pratique d\u2019un instrument, ou m\u00eame de&hellip;\n","protected":false},"author":2,"featured_media":181365,"comment_status":"","ping_status":"","sticky":false,"template":"","format":"standard","meta":{"footnotes":""},"categories":[1889],"tags":[1111,11,2430,1687,2757,1777,674,1011,27,2428,14926,2802,873,12,25],"class_list":{"0":"post-181364","1":"post","2":"type-post","3":"status-publish","4":"format-standard","5":"has-post-thumbnail","7":"category-lyon","8":"tag-actu","9":"tag-actualites","10":"tag-auvergne-rhone-alpes","11":"tag-culture-loisirs","12":"tag-edition-lyon-villeurbanne","13":"tag-eu","14":"tag-europe","15":"tag-fr","16":"tag-france","17":"tag-lyon","18":"tag-lyon-6e","19":"tag-lyon-6e-arrondissement","20":"tag-musique","21":"tag-news","22":"tag-republique-francaise"},"share_on_mastodon":{"url":"https:\/\/pubeurope.com\/@fr\/114694249967973354","error":""},"_links":{"self":[{"href":"https:\/\/www.europesays.com\/fr\/wp-json\/wp\/v2\/posts\/181364","targetHints":{"allow":["GET"]}}],"collection":[{"href":"https:\/\/www.europesays.com\/fr\/wp-json\/wp\/v2\/posts"}],"about":[{"href":"https:\/\/www.europesays.com\/fr\/wp-json\/wp\/v2\/types\/post"}],"author":[{"embeddable":true,"href":"https:\/\/www.europesays.com\/fr\/wp-json\/wp\/v2\/users\/2"}],"replies":[{"embeddable":true,"href":"https:\/\/www.europesays.com\/fr\/wp-json\/wp\/v2\/comments?post=181364"}],"version-history":[{"count":0,"href":"https:\/\/www.europesays.com\/fr\/wp-json\/wp\/v2\/posts\/181364\/revisions"}],"wp:featuredmedia":[{"embeddable":true,"href":"https:\/\/www.europesays.com\/fr\/wp-json\/wp\/v2\/media\/181365"}],"wp:attachment":[{"href":"https:\/\/www.europesays.com\/fr\/wp-json\/wp\/v2\/media?parent=181364"}],"wp:term":[{"taxonomy":"category","embeddable":true,"href":"https:\/\/www.europesays.com\/fr\/wp-json\/wp\/v2\/categories?post=181364"},{"taxonomy":"post_tag","embeddable":true,"href":"https:\/\/www.europesays.com\/fr\/wp-json\/wp\/v2\/tags?post=181364"}],"curies":[{"name":"wp","href":"https:\/\/api.w.org\/{rel}","templated":true}]}}