{"id":181367,"date":"2025-06-16T17:36:18","date_gmt":"2025-06-16T17:36:18","guid":{"rendered":"https:\/\/www.europesays.com\/fr\/181367\/"},"modified":"2025-06-16T17:36:18","modified_gmt":"2025-06-16T17:36:18","slug":"la-circulation-saturee-ce-lundi-soir","status":"publish","type":"post","link":"https:\/\/www.europesays.com\/fr\/181367\/","title":{"rendered":"la circulation satur\u00e9e ce lundi soir"},"content":{"rendered":"<p>            Par<br \/>\n        <strong><br \/>\n            <a href=\"https:\/\/actu.fr\/auteur\/joel-nandjui\" title=\"Consulter tous les articles de Joel Nandjui\" target=\"_blank\" rel=\"noopener\">Joel Nandjui<\/a><br \/>\n        <\/strong><\/p>\n<p>        Publi\u00e9 le<\/p>\n<p>            16 juin 2025 \u00e0 18h23        <\/p>\n<p>La journ\u00e9e se termine comme <a href=\"https:\/\/actu.fr\/ile-de-france\/paris_75056\/circulation-ardue-sur-les-routes-de-paris-et-d-ile-de-france-en-raison-d-intenses-embouteillages_62776423.html\" target=\"_blank\" rel=\"noopener\">elle a commenc\u00e9<\/a> : dans les bouchons. En ce d\u00e9but de soir\u00e9e, les automobilistes connaissent des difficult\u00e9s de circulation importante sur le r\u00e9seau routier \u00e0 <a href=\"https:\/\/actu.fr\/paris\/dernieres-actus\" target=\"_blank\" rel=\"noopener\">Paris<\/a> et \u00cele-de-France. Le site <a href=\"https:\/\/www.sytadin.fr\/sys\/barometre_bouchon.jsp.html\" target=\"_blank\" rel=\"noopener\">Sytadin.fr<\/a> annonce 374 kilom\u00e8tres d\u2019embouteillages sur l\u2019ensemble des axes. L\u2019une des causes de cette pagaille\u00a0 : le <a href=\"https:\/\/actu.fr\/ile-de-france\/le-bourget_93013\/salon-du-bourget-israel-accuse-les-organisateurs-d-avoir-ferme-ses-pavillons-juste-avant-l-ouverture_62777464.html\" target=\"_blank\" rel=\"noopener\">Salon du Bourget<\/a>, qui s\u2019est ouvert aujourd\u2019hui et qui se terminera le dimanche 22 juin. L\u2019A1 et l\u2019A86 sont les deux autoroutes qui seront les plus touch\u00e9es par l\u2019organisation du SIAE cette semaine.<\/p>\n<p>Des fermetures sur certains axes pr\u00e9vues \u00e0 partir de 21\u2009heures<\/p>\n<p class=\" wall-content\">\u00c0 18\u2009heures, les principaux ralentissements concernent l\u2019axe entre <strong>La Courneuve et porte de la Chapelle<\/strong> sur l\u2019autoroute A1\u00a0et l\u2019A4 entre <strong>Saint-Maurice (Val-de-Marne) et Coll\u00e9gien (Seine-et-Marne).<\/strong> Sur l\u2019A6b, un accident entre une moto et un poids lourd contribue \u00e0 ce cafouillage.<\/p>\n<p>    <img   decoding=\"async\" loading=\"lazy\" src=\"https:\/\/www.europesays.com\/fr\/wp-content\/uploads\/2025\/06\/travaux-1-960x640.png\" alt=\"Listes des secteurs concern\u00e9s par les fermetures nocturnes.\" width=\"960\" height=\"640\"\/><br \/>\n    Listes des secteurs concern\u00e9s par les fermetures nocturnes. (\u00a9\u00a9Capture d\u2019\u00e9cran Sytadin.fr)<\/p>\n<p class=\" wall-content\">\u00c0 noter qu\u2019\u00e0 partir de 21 heures et jusqu\u2019\u00e0 six heures mardi 17 juin, des travaux d\u2019entretien et de s\u00e9curit\u00e9 sont pr\u00e9vus dans certains secteurs du r\u00e9seau. Des fermetures en d\u00e9couleront et entra\u00eeneront des conditions de circulation difficiles, ajoute Sytadin.<\/p>\n<p class=\" wall-content\">Suivez toute l\u2019actualit\u00e9 de vos villes et m\u00e9dias favoris en vous inscrivant \u00e0 <a href=\"https:\/\/moncompte.actu.fr\" title=\"D\u00e9couvez Mon Actu\" rel=\"nofollow noopener\" data-trk=\"{&quot;cta&quot;:{&quot;action&quot;:&quot;https:\\\/\\\/moncompte.actu.fr&quot;,&quot;category&quot;:&quot;mon compte&quot;,&quot;from&quot;:&quot;article footer&quot;,&quot;name&quot;:&quot;Mon actu&quot;,&quot;type&quot;:&quot;cta&quot;}}\" target=\"_blank\">Mon Actu<\/a>.<\/p>\n","protected":false},"excerpt":{"rendered":"Par Joel Nandjui Publi\u00e9 le 16 juin 2025 \u00e0 18h23 La journ\u00e9e se termine comme elle a commenc\u00e9&hellip;\n","protected":false},"author":2,"featured_media":181368,"comment_status":"","ping_status":"","sticky":false,"template":"","format":"standard","meta":{"footnotes":""},"categories":[1592],"tags":[1111,11,3542,1777,674,1011,27,662,803,12,626,25,104,2803],"class_list":{"0":"post-181367","1":"post","2":"type-post","3":"status-publish","4":"format-standard","5":"has-post-thumbnail","7":"category-ile-de-france","8":"tag-actu","9":"tag-actualites","10":"tag-circulation","11":"tag-eu","12":"tag-europe","13":"tag-fr","14":"tag-france","15":"tag-ile-de-france","16":"tag-info-trafic","17":"tag-news","18":"tag-paris","19":"tag-republique-francaise","20":"tag-societe","21":"tag-transport"},"share_on_mastodon":{"url":"https:\/\/pubeurope.com\/@fr\/114694257949254030","error":""},"_links":{"self":[{"href":"https:\/\/www.europesays.com\/fr\/wp-json\/wp\/v2\/posts\/181367","targetHints":{"allow":["GET"]}}],"collection":[{"href":"https:\/\/www.europesays.com\/fr\/wp-json\/wp\/v2\/posts"}],"about":[{"href":"https:\/\/www.europesays.com\/fr\/wp-json\/wp\/v2\/types\/post"}],"author":[{"embeddable":true,"href":"https:\/\/www.europesays.com\/fr\/wp-json\/wp\/v2\/users\/2"}],"replies":[{"embeddable":true,"href":"https:\/\/www.europesays.com\/fr\/wp-json\/wp\/v2\/comments?post=181367"}],"version-history":[{"count":0,"href":"https:\/\/www.europesays.com\/fr\/wp-json\/wp\/v2\/posts\/181367\/revisions"}],"wp:featuredmedia":[{"embeddable":true,"href":"https:\/\/www.europesays.com\/fr\/wp-json\/wp\/v2\/media\/181368"}],"wp:attachment":[{"href":"https:\/\/www.europesays.com\/fr\/wp-json\/wp\/v2\/media?parent=181367"}],"wp:term":[{"taxonomy":"category","embeddable":true,"href":"https:\/\/www.europesays.com\/fr\/wp-json\/wp\/v2\/categories?post=181367"},{"taxonomy":"post_tag","embeddable":true,"href":"https:\/\/www.europesays.com\/fr\/wp-json\/wp\/v2\/tags?post=181367"}],"curies":[{"name":"wp","href":"https:\/\/api.w.org\/{rel}","templated":true}]}}