{"id":181369,"date":"2025-06-16T17:37:11","date_gmt":"2025-06-16T17:37:11","guid":{"rendered":"https:\/\/www.europesays.com\/fr\/181369\/"},"modified":"2025-06-16T17:37:11","modified_gmt":"2025-06-16T17:37:11","slug":"il-commet-une-agression-et-sempale-sur-une-grille-en-tentant-dechapper-a-la-police","status":"publish","type":"post","link":"https:\/\/www.europesays.com\/fr\/181369\/","title":{"rendered":"Il commet une agression et s\u2019empale sur une grille en tentant d\u2019\u00e9chapper \u00e0 la police"},"content":{"rendered":"<p>Son refus d\u2019obtemp\u00e9rer pourrait bien lui co\u00fbter la vie. Selon <a href=\"https:\/\/www.leparisien.fr\/faits-divers\/paris-un-voleur-sempale-sur-une-grille-en-fuyant-la-police-15-06-2025-IMJMXLRMM5CHTPCIIDUULGA5JQ.php\" rel=\"nofollow noopener\" target=\"_blank\" class=\"color-ultramarine c-link\">Le Parisien<\/a>, un jeune homme soup\u00e7onn\u00e9 de vol avec violence se trouve entre la vie et la mort apr\u00e8s avoir tent\u00e9 de fuir la police\u00a0dans le 9e\u00a0arrondissement de <a href=\"https:\/\/www.20minutes.fr\/paris\/\" class=\"color-ultramarine c-link\" target=\"_blank\" rel=\"noopener\">Paris<\/a> ce samedi.<\/p>\n<p>Pronostic vital engag\u00e9<\/p>\n<p>D\u2019apr\u00e8s nos confr\u00e8res, le suspect s\u2019est gri\u00e8vement bless\u00e9 au petit matin\u00a0apr\u00e8s avoir chut\u00e9 d\u2019un <a href=\"https:\/\/www.20minutes.fr\/dossier\/immeuble\" class=\"color-ultramarine c-link\" target=\"_blank\" rel=\"noopener\">immeuble<\/a> en tentant d\u2019\u00e9chapper aux autorit\u00e9s. Il se trouvait sur\u00a0un toit du quartier de Pigalle lorsqu\u2019il a fait une chute violente et s\u2019est empal\u00e9 sur une grille. Gri\u00e8vement bless\u00e9 \u00e0 l\u2019abdomen, il a \u00e9t\u00e9 \u00e9vacu\u00e9 en urgence absolue vers l\u2019<a href=\"https:\/\/www.20minutes.fr\/dossier\/hopital\" class=\"color-ultramarine c-link\" target=\"_blank\" rel=\"noopener\">h\u00f4pital<\/a> Georges-Pompidou. Son pronostic vital est engag\u00e9.<\/p>\n<p>Selon le quotidien francilien, tout a commenc\u00e9 vers 6h40. Un homme l\u00e9g\u00e8rement ivre regagnait son domicile du boulevard de Clichy\u00a0quand il a \u00e9t\u00e9 pris \u00e0 partie par trois jeunes individus. Ces derniers l\u2019auraient violemment agress\u00e9 pour lui d\u00e9rober son <a href=\"https:\/\/www.20minutes.fr\/dossier\/telephone\" class=\"color-ultramarine c-link\" target=\"_blank\" rel=\"noopener\">t\u00e9l\u00e9phone<\/a>, son portefeuille et ses \u00e9couteurs. Aussit\u00f4t avertie, une\u00a0patrouille de la BAC s\u2019est alors lanc\u00e9e aux trousses des trois voleurs.<\/p>\n<p>Deux autres suspects interpell\u00e9s<\/p>\n<p>Leur intervention s\u2019est sold\u00e9e par l\u2019interpellation de deux des agresseurs, sur lesquels a \u00e9t\u00e9 retrouv\u00e9e une partie du butin. Le troisi\u00e8me homme, lui, avait pris la <a href=\"https:\/\/www.20minutes.fr\/dossier\/fuite\" class=\"color-ultramarine c-link\" target=\"_blank\" rel=\"noopener\">fuite<\/a> \u00e0 travers le passage Alfred-Stevens. Il s\u2019\u00e9tait ensuite introduit dans un immeuble puis\u00a0avait\u00a0grimp\u00e9 jusqu\u2019\u00e0 la toiture avant de glisser et de chuter lourdement en contrebas.<\/p>\n<\/p>\n<p>L\u00e9g\u00e8rement bless\u00e9e, la <a href=\"https:\/\/www.20minutes.fr\/dossier\/victime\" class=\"color-ultramarine c-link\" target=\"_blank\" rel=\"noopener\">victime<\/a> de l\u2019agression\u00a0a \u00e9t\u00e9 soign\u00e9e sur place par les pompiers. Quant aux deux suspects arr\u00eat\u00e9s, ils ont \u00e9t\u00e9 plac\u00e9s en garde \u00e0 vue pour vol avec <a href=\"https:\/\/www.20minutes.fr\/monde\/violences\/\" class=\"color-ultramarine c-link\" target=\"_blank\" rel=\"noopener\">violences<\/a> en r\u00e9union. L\u2019enqu\u00eate, men\u00e9e par les policiers du 9e\u00a0arrondissement, devra d\u00e9terminer les circonstances exactes de cette affaire \u00e0 l\u2019issue dramatique.<\/p>\n","protected":false},"excerpt":{"rendered":"Son refus d\u2019obtemp\u00e9rer pourrait bien lui co\u00fbter la vie. Selon Le Parisien, un jeune homme soup\u00e7onn\u00e9 de vol&hellip;\n","protected":false},"author":2,"featured_media":181370,"comment_status":"","ping_status":"","sticky":false,"template":"","format":"standard","meta":{"footnotes":""},"categories":[1888],"tags":[1111,1928,47,11,1927,1120,1777,674,118,1011,27,662,12,1926,626,1925,1072,25,10912],"class_list":{"0":"post-181369","1":"post","2":"type-post","3":"status-publish","4":"format-standard","5":"has-post-thumbnail","7":"category-paris","8":"tag-actu","9":"tag-actu-paris","10":"tag-actualite","11":"tag-actualites","12":"tag-actualites-paris","13":"tag-agression","14":"tag-eu","15":"tag-europe","16":"tag-faits-divers","17":"tag-fr","18":"tag-france","19":"tag-ile-de-france","20":"tag-news","21":"tag-news-paris","22":"tag-paris","23":"tag-paris-news","24":"tag-police","25":"tag-republique-francaise","26":"tag-voleur"},"share_on_mastodon":{"url":"https:\/\/pubeurope.com\/@fr\/114694261557198280","error":""},"_links":{"self":[{"href":"https:\/\/www.europesays.com\/fr\/wp-json\/wp\/v2\/posts\/181369","targetHints":{"allow":["GET"]}}],"collection":[{"href":"https:\/\/www.europesays.com\/fr\/wp-json\/wp\/v2\/posts"}],"about":[{"href":"https:\/\/www.europesays.com\/fr\/wp-json\/wp\/v2\/types\/post"}],"author":[{"embeddable":true,"href":"https:\/\/www.europesays.com\/fr\/wp-json\/wp\/v2\/users\/2"}],"replies":[{"embeddable":true,"href":"https:\/\/www.europesays.com\/fr\/wp-json\/wp\/v2\/comments?post=181369"}],"version-history":[{"count":0,"href":"https:\/\/www.europesays.com\/fr\/wp-json\/wp\/v2\/posts\/181369\/revisions"}],"wp:featuredmedia":[{"embeddable":true,"href":"https:\/\/www.europesays.com\/fr\/wp-json\/wp\/v2\/media\/181370"}],"wp:attachment":[{"href":"https:\/\/www.europesays.com\/fr\/wp-json\/wp\/v2\/media?parent=181369"}],"wp:term":[{"taxonomy":"category","embeddable":true,"href":"https:\/\/www.europesays.com\/fr\/wp-json\/wp\/v2\/categories?post=181369"},{"taxonomy":"post_tag","embeddable":true,"href":"https:\/\/www.europesays.com\/fr\/wp-json\/wp\/v2\/tags?post=181369"}],"curies":[{"name":"wp","href":"https:\/\/api.w.org\/{rel}","templated":true}]}}