{"id":181371,"date":"2025-06-16T17:38:12","date_gmt":"2025-06-16T17:38:12","guid":{"rendered":"https:\/\/www.europesays.com\/fr\/181371\/"},"modified":"2025-06-16T17:38:12","modified_gmt":"2025-06-16T17:38:12","slug":"castaner-rouvre-les-portes-de-sa-boutique-phare-a-paris","status":"publish","type":"post","link":"https:\/\/www.europesays.com\/fr\/181371\/","title":{"rendered":"Casta\u00f1er rouvre les portes de sa boutique phare \u00e0 Paris"},"content":{"rendered":"<p class=\"article-content col-md-8 offset-md-1\">\n                                La marque catalane de chaussures ouvre les portes de son magasin phare r\u00e9nov\u00e9 dans le centre de Paris. La boutique, situ\u00e9e au 264 rue Saint-Honor\u00e9, a rouvert ses portes apr\u00e8s un processus de transformation, en accord avec l&rsquo;\u00e9volution conceptuelle et esth\u00e9tique de la marque.<\/p>\n<p><img decoding=\"async\" class=\"news-image\" style=\"width:100%;\" src=\"https:\/\/www.europesays.com\/fr\/wp-content\/uploads\/2025\/06\/ee87.jpg\" alt=\"Int\u00e9rieur de la boutique phare r\u00e9nov\u00e9e de la marque de chaussures catalane \u00e0 Paris.\" loading=\"lazy\"\/>Int\u00e9rieur de la boutique phare r\u00e9nov\u00e9e de la marque de chaussures catalane \u00e0 Paris. &#8211; Casta\u00f1er<\/p>\n<p class=\"col-md-8 offset-md-1 article-content--texte\">\u00ab\u00a0La r\u00e9ouverture \u00e0 Paris avec cette nouvelle approche repr\u00e9sente une \u00e9volution dans la fa\u00e7on dont nous nous connectons avec nos clients. Cette ville a toujours \u00e9t\u00e9 essentielle pour nous, et avec cet espace r\u00e9nov\u00e9, nous voulons rendre hommage \u00e0 notre histoire en regardant vers l&rsquo;avenir avec authenticit\u00e9 et attention\u00a0\u00bb, a expliqu\u00e9 la famille fondatrice de l&rsquo;entreprise sp\u00e9cialis\u00e9e dans les espadrilles.<\/p>\n<p>La boutique, situ\u00e9e \u00e0 quelques m\u00e8tres du mus\u00e9e du Louvre, a \u00e9t\u00e9 modernis\u00e9e avec une palette de couleurs caract\u00e9ris\u00e9e par des tons chauds, par l&rsquo;utilisation de textures organiques et de mat\u00e9riaux naturels, dans une inspiration m\u00e9diterran\u00e9enne minimaliste. L&rsquo;espace r\u00e9nov\u00e9 propose toutes les nouveaut\u00e9s de Casta\u00f1er, ainsi que quelques r\u00e9interpr\u00e9tations de ses mod\u00e8les classiques les plus remarquables.<\/p>\n<p class=\"col-md-8 offset-md-1 article-content--texte\">Avec cette ouverture, la marque catalane renforce sa pr\u00e9sence dans l&rsquo;Hexagone, o\u00f9 elle a ouvert en avril dernier les portes d&rsquo;une boutique \u00e9ph\u00e9m\u00e8re dans la Traverse du Marbrier, au centre de la ville de Saint-Tropez, \u00e9galement con\u00e7u selon le nouveau concept de boutique Casta\u00f1er. Cette image a \u00e9galement \u00e9t\u00e9 appliqu\u00e9e dans ses magasins de Barcelone, Madrid, Malaga, S\u00e9ville et Rome.<\/p>\n<p>L&rsquo;entreprise espagnole fond\u00e9e en 1927 par Luis Casta\u00f1er et son cousin Tom\u00e1s Serra est aujourd&rsquo;hui g\u00e9r\u00e9e par la soci\u00e9t\u00e9 familiale Espadrilles Banyoles, S.L., qui appartient \u00e0 la famille Casta\u00f1er. Elle est aujourd&rsquo;hui pr\u00e9sente sur plus de 20 march\u00e9s gr\u00e2ce \u00e0 un r\u00e9seau commercial compos\u00e9 d&rsquo;une trentaine de boutiques en propre et de plus de 900 points de vente multimarques.<\/p>\n<p>Selon ses derni\u00e8res donn\u00e9es financi\u00e8res, Casta\u00f1er a cl\u00f4tur\u00e9 son exercice 2024 avec un chiffre d&rsquo;affaires total de 30,8 millions d&rsquo;euros, soutenu principalement par sa strat\u00e9gie d&rsquo;expansion nationale et internationale et la bonne performance de son canal de vente en ligne.\n                            <\/p>\n<p>\n                                Cet article est une traduction automatique.<br \/>\n                                    <a href=\"https:\/\/es.fashionnetwork.com\/news\/Castaner-reabre-las-puertas-de-su-tienda-insignia-en-paris,1740721.html\" rel=\"nofollow noopener\" target=\"_blank\">Cliquez ici<\/a> pour consulter l&rsquo;article d&rsquo;origine.\n                            <\/p>\n<p>\n                                Tous droits de reproduction et de repr\u00e9sentation r\u00e9serv\u00e9s.<br \/>\u00a9 2025 FashionNetwork.com\n                            <\/p>\n","protected":false},"excerpt":{"rendered":"La marque catalane de chaussures ouvre les portes de son magasin phare r\u00e9nov\u00e9 dans le centre de Paris.&hellip;\n","protected":false},"author":2,"featured_media":181372,"comment_status":"","ping_status":"","sticky":false,"template":"","format":"standard","meta":{"footnotes":""},"categories":[1888],"tags":[1111,1928,11,1927,2424,537,2423,1777,674,1011,27,2425,985,12,1926,2298,626,1925,2426,2427,25,2421,30548,2422],"class_list":{"0":"post-181371","1":"post","2":"type-post","3":"status-publish","4":"format-standard","5":"has-post-thumbnail","7":"category-paris","8":"tag-actu","9":"tag-actu-paris","10":"tag-actualites","11":"tag-actualites-paris","12":"tag-beaute","13":"tag-contact","14":"tag-cosmetiques","15":"tag-eu","16":"tag-europe","17":"tag-fr","18":"tag-france","19":"tag-luxe","20":"tag-mode","21":"tag-news","22":"tag-news-paris","23":"tag-parfum","24":"tag-paris","25":"tag-paris-news","26":"tag-professionnel","27":"tag-professionnels","28":"tag-republique-francaise","29":"tag-reseau","30":"tag-saint-honore","31":"tag-textile"},"share_on_mastodon":{"url":"https:\/\/pubeurope.com\/@fr\/114694265886456336","error":""},"_links":{"self":[{"href":"https:\/\/www.europesays.com\/fr\/wp-json\/wp\/v2\/posts\/181371","targetHints":{"allow":["GET"]}}],"collection":[{"href":"https:\/\/www.europesays.com\/fr\/wp-json\/wp\/v2\/posts"}],"about":[{"href":"https:\/\/www.europesays.com\/fr\/wp-json\/wp\/v2\/types\/post"}],"author":[{"embeddable":true,"href":"https:\/\/www.europesays.com\/fr\/wp-json\/wp\/v2\/users\/2"}],"replies":[{"embeddable":true,"href":"https:\/\/www.europesays.com\/fr\/wp-json\/wp\/v2\/comments?post=181371"}],"version-history":[{"count":0,"href":"https:\/\/www.europesays.com\/fr\/wp-json\/wp\/v2\/posts\/181371\/revisions"}],"wp:featuredmedia":[{"embeddable":true,"href":"https:\/\/www.europesays.com\/fr\/wp-json\/wp\/v2\/media\/181372"}],"wp:attachment":[{"href":"https:\/\/www.europesays.com\/fr\/wp-json\/wp\/v2\/media?parent=181371"}],"wp:term":[{"taxonomy":"category","embeddable":true,"href":"https:\/\/www.europesays.com\/fr\/wp-json\/wp\/v2\/categories?post=181371"},{"taxonomy":"post_tag","embeddable":true,"href":"https:\/\/www.europesays.com\/fr\/wp-json\/wp\/v2\/tags?post=181371"}],"curies":[{"name":"wp","href":"https:\/\/api.w.org\/{rel}","templated":true}]}}