{"id":181373,"date":"2025-06-16T17:39:10","date_gmt":"2025-06-16T17:39:10","guid":{"rendered":"https:\/\/www.europesays.com\/fr\/181373\/"},"modified":"2025-06-16T17:39:10","modified_gmt":"2025-06-16T17:39:10","slug":"paris-en-colere-contre-les-terrasses-estivales-40-associations-de-riverains-sen-prennent-a-la-ville","status":"publish","type":"post","link":"https:\/\/www.europesays.com\/fr\/181373\/","title":{"rendered":"Paris\u00a0: en col\u00e8re contre les terrasses estivales, 40 associations de riverains s\u2019en prennent \u00e0 la Ville"},"content":{"rendered":"<p class=\"paragraph text_align_left\">La col\u00e8re grimpe chez les associations de riverains parisiennes. Ce lundi, quarante d\u2019entre elles ont publi\u00e9 un texte commun dans lequel elles d\u00e9noncent plusieurs \u00ab mensonges \u00bb de la Ville de <a href=\"https:\/\/www.leparisien.fr\/paris-75\/\" target=\"_self\" rel=\"nofollow noopener\">Paris<\/a> sur le br\u00fblant sujet des terrasses estivales, <a href=\"https:\/\/www.leparisien.fr\/paris-75\/a-paris-les-terrasses-estivales-autorisees-jusqua-23-heures-cet-ete-05-06-2025-FOXGDTMFB5HXZF2UQ3DZG37J2I.php\" target=\"_self\" rel=\"nofollow noopener\">qui pourront rester ouvertes jusqu\u2019\u00e0 23 heures cet \u00e9t\u00e9<\/a>.<\/p>\n<p class=\"paragraph text_align_left\">Dans le texte, notamment port\u00e9 par le collectif Trudaine, tr\u00e8s actif sur la question, les associations ciblent la Ville sur les raisons qui l\u2019ont pouss\u00e9e \u00e0 permettre l\u2019ouverture des <a href=\"https:\/\/www.leparisien.fr\/paris-75\/elles-font-partie-de-la-culture-cest-le-grand-retour-des-terrasses-a-paris-05-04-2025-WOOTBQEV2VEKRAI4WVJFIMWJP4.php\" target=\"_self\" rel=\"nofollow noopener\">terrasses estivales<\/a> une heure de plus, notamment les difficult\u00e9s que conna\u00eet le secteur de la restauration \u00e0 Paris.<\/p>\n<p class=\"paragraph text_align_left\">Elles \u00e9crivent notamment qu\u2019\u00ab un des rares secteurs en augmentation est celui des bars et restaurants \u00bb, en citant l\u2019Atelier parisien d\u2019urbanisme (Apur). Sur le sujet, l\u2019\u00e9tude la plus r\u00e9cente date de janvier 2024, et fait \u00e9tat d\u2019une <a href=\"https:\/\/www.apur.org\/fr\/nos-travaux\/commerces-paris-2023\" target=\"_self\" rel=\"nofollow noopener\">l\u00e9g\u00e8re augmentation du nombre d\u2019adresses<\/a> dans la capitale, de l\u2019ordre de 1,2 % entre 2020 et 2023, contre 4,3 % entre 2017 et 2020. Dans le m\u00eame temps, la chambre de commerce et d\u2019industrie (CCI) d\u2019\u00cele-de-France faisait \u00e9tat des <a href=\"https:\/\/www.cci-paris-idf.fr\/sites\/default\/files\/2023-02\/enjeux-241.pdf\" target=\"_self\" rel=\"nofollow noopener\">difficult\u00e9s du secteur<\/a> \u00e0 la sortie de la crise sanitaire.<\/p>\n<p class=\"paragraph text_align_left\">\u00ab Contrairement \u00e0 certaines id\u00e9es re\u00e7ues, Paris n\u2019est pas devenue une immense terrasse g\u00e9ante. En moyenne, seule une demande sur quatre aboutit \u00bb, r\u00e9torque la Ville de Paris. Qui souligne, tout de m\u00eame, que \u00ab les terrasses font partie de l\u2019ADN \u00bb de la capitale.<\/p>\n<p class=\"paragraph text_align_left\">Autre chiffre relev\u00e9 par les collectifs, celui tir\u00e9 <a href=\"https:\/\/www.ifop.com\/publication\/les-terrasses-et-les-parisiens-un-attachement-sans-faille\/\" target=\"_self\" rel=\"nofollow noopener\">d\u2019un sondage de l\u2019Ifop<\/a> en partenariat avec le Groupement des h\u00f4teliers et restaurations de France (GHR) et qui indiquait en mars 2024 que seules 3 % des personnes qui se rendent en terrasses le font \u00ab apr\u00e8s le d\u00eener, en soir\u00e9e \u00bb. Une mani\u00e8re pour les signataires du texte d\u2019appuyer leur argument : personne ne veut de ces terrasses tardives, qui \u00e9taient d\u2019ailleurs autoris\u00e9es <a href=\"https:\/\/www.leparisien.fr\/paris-75\/terrasses-estivales-a-paris-et-si-la-fermeture-a-minuit-se-prolongeait-apres-les-jo-14-05-2024-ETH2CYLBSBHEHMXNJX4L7QJH5Q.php\" target=\"_self\" rel=\"nofollow noopener\">jusqu\u2019\u00e0 minuit<\/a> pendant l\u2019\u00e9t\u00e9 olympique.<\/p>\n<blockquote class=\"twitter-tweet\">\n<p lang=\"fr\" dir=\"ltr\">\u203c\ufe0f\u2600\ufe0fTerrasses estivales \u2600\ufe0f\u203c\ufe0f<br \/>Stop aux mensonges de la mairie de Paris  disent 40 associations de riverains <a href=\"https:\/\/t.co\/o2SstKzwms\" rel=\"nofollow\">pic.twitter.com\/o2SstKzwms<\/a><\/p>\n<p>\u2014 Collectif Trudaine (@CTrudaine) <a href=\"https:\/\/twitter.com\/CTrudaine\/status\/1934499468990197973?ref_src=twsrc%5Etfw\" rel=\"nofollow noopener\" target=\"_blank\">June 16, 2025<\/a><\/p><\/blockquote>\n<p class=\"paragraph text_align_left\">\u00ab Plus que la mesure en elle-m\u00eame, c\u2019est la m\u00e9thode que nous contestons. Elle a \u00e9t\u00e9 discut\u00e9e de fa\u00e7on unilat\u00e9rale avec des collectifs et des syndicats professionnels et les riverains ont \u00e9t\u00e9 exclus. Il y a une exasp\u00e9ration g\u00e9n\u00e9ralis\u00e9e parce qu\u2019on n\u2019est pas dans un dialogue constructif \u00bb, d\u00e9nonce Bertrand Lukacs, \u00e0 l\u2019initiative de ce manifeste, bien conscient que \u00ab le mot mensonge est tr\u00e8s fort \u00bb.<\/p>\n<p class=\"paragraph text_align_left\">La Ville de Paris assure au contraire avoir men\u00e9 de nombreuses discussions \u00e0 ce sujet. \u00ab Nous sommes attach\u00e9s \u00e0 la concertation avec les riverains. Leur implication sera renforc\u00e9e dans les comit\u00e9s locaux bruit \u00bb, promet-elle. Tout en rappelant qu\u2019\u00ab une large concertation a d\u00e9j\u00e0 eu lieu lors de la r\u00e9vision du r\u00e8glement. 238 associations, collectifs et syndicats y ont particip\u00e9. \u00bb<\/p>\n<p class=\"paragraph text_align_left\">Dans leur texte, les 40 associations de riverains s\u2019inqui\u00e8tent aussi <a href=\"https:\/\/www.leparisien.fr\/paris-75\/incivilites-a-paris-les-terrasses-estivales-encore-dans-le-collimateur-des-riverains-et-de-la-police-20-07-2023-RWXZJ5BGKNEPXMZTZ6Q36D7ISM.php\" target=\"_self\" rel=\"nofollow noopener\">du bruit que cette ouverture tardive pourrait engendrer<\/a>. La mairie de Paris, qui n\u2019a pas r\u00e9pondu \u00e0 nos sollicitations, \u00ab devient <a href=\"https:\/\/www.leparisien.fr\/paris-75\/on-prefere-les-voitures-aux-terrasses-a-paris-des-riverains-excedes-par-les-bruits-festifs-02-11-2024-PVCVFA37IJD75PNAKHAXQT3SYA.php\" target=\"_self\" rel=\"nofollow noopener\">le plus grand pollueur sonore nocturne<\/a> de Paris \u00bb, \u00e9crivent-elles, chiffrant \u00e0 150 000 \u00ab le nombre d\u2019habitants de Paris qui auront des troubles de l\u2019endormissement et du sommeil avec toutes les cons\u00e9quences connues sur leur sant\u00e9 \u00bb.<\/p>\n<p><script async src=\"https:\/\/platform.twitter.com\/widgets.js\" charset=\"utf-8\"><\/script><\/p>\n","protected":false},"excerpt":{"rendered":"La col\u00e8re grimpe chez les associations de riverains parisiennes. Ce lundi, quarante d\u2019entre elles ont publi\u00e9 un texte&hellip;\n","protected":false},"author":2,"featured_media":181374,"comment_status":"","ping_status":"","sticky":false,"template":"","format":"standard","meta":{"footnotes":""},"categories":[1888],"tags":[11,1777,674,1011,27,1944,12,626,25],"class_list":{"0":"post-181373","1":"post","2":"type-post","3":"status-publish","4":"format-standard","5":"has-post-thumbnail","7":"category-paris","8":"tag-actualites","9":"tag-eu","10":"tag-europe","11":"tag-fr","12":"tag-france","13":"tag-ma-ville","14":"tag-news","15":"tag-paris","16":"tag-republique-francaise"},"share_on_mastodon":{"url":"https:\/\/pubeurope.com\/@fr\/114694269439517586","error":""},"_links":{"self":[{"href":"https:\/\/www.europesays.com\/fr\/wp-json\/wp\/v2\/posts\/181373","targetHints":{"allow":["GET"]}}],"collection":[{"href":"https:\/\/www.europesays.com\/fr\/wp-json\/wp\/v2\/posts"}],"about":[{"href":"https:\/\/www.europesays.com\/fr\/wp-json\/wp\/v2\/types\/post"}],"author":[{"embeddable":true,"href":"https:\/\/www.europesays.com\/fr\/wp-json\/wp\/v2\/users\/2"}],"replies":[{"embeddable":true,"href":"https:\/\/www.europesays.com\/fr\/wp-json\/wp\/v2\/comments?post=181373"}],"version-history":[{"count":0,"href":"https:\/\/www.europesays.com\/fr\/wp-json\/wp\/v2\/posts\/181373\/revisions"}],"wp:featuredmedia":[{"embeddable":true,"href":"https:\/\/www.europesays.com\/fr\/wp-json\/wp\/v2\/media\/181374"}],"wp:attachment":[{"href":"https:\/\/www.europesays.com\/fr\/wp-json\/wp\/v2\/media?parent=181373"}],"wp:term":[{"taxonomy":"category","embeddable":true,"href":"https:\/\/www.europesays.com\/fr\/wp-json\/wp\/v2\/categories?post=181373"},{"taxonomy":"post_tag","embeddable":true,"href":"https:\/\/www.europesays.com\/fr\/wp-json\/wp\/v2\/tags?post=181373"}],"curies":[{"name":"wp","href":"https:\/\/api.w.org\/{rel}","templated":true}]}}