{"id":181377,"date":"2025-06-16T17:41:12","date_gmt":"2025-06-16T17:41:12","guid":{"rendered":"https:\/\/www.europesays.com\/fr\/181377\/"},"modified":"2025-06-16T17:41:12","modified_gmt":"2025-06-16T17:41:12","slug":"les-echanges-de-prisonniers-se-poursuivent-entre-la-russie-et-lukraine-alors-que-la-campagne-militaire-russe-sintensifie","status":"publish","type":"post","link":"https:\/\/www.europesays.com\/fr\/181377\/","title":{"rendered":"Les \u00e9changes de prisonniers se poursuivent entre la Russie et l&rsquo;Ukraine alors que la campagne militaire russe s&rsquo;intensifie"},"content":{"rendered":"<p><strong>La correspondante et journaliste Mar\u00eda Senovilla, collaboratrice d&rsquo;Atalayar, a analys\u00e9 dans l&rsquo;\u00e9mission \u00ab De cara al mundo \u00bb sur Onda Madrid la poursuite des \u00e9changes de prisonniers entre la Russie et l&rsquo;Ukraine.<\/strong><\/p>\n<p>Elle a \u00e9galement \u00e9voqu\u00e9 le soutien des pays occidentaux \u00e0 l&rsquo;Ukraine.<\/p>\n<p><strong>Les \u00e9changes de prisonniers se poursuivent. C&rsquo;est au moins un soulagement pour de nombreuses familles, n&rsquo;est-ce pas ?<\/strong><\/p>\n<p>Ces \u00e9changes massifs de prisonniers de guerre se poursuivent sans aucun doute, conform\u00e9ment \u00e0 l&rsquo;accord conclu lors du deuxi\u00e8me cycle de n\u00e9gociations entre l&rsquo;Ukraine et la Russie en Turquie.<\/p>\n<p>Cette semaine, les prisonniers ukrainiens malades ou gravement bless\u00e9s sont rentr\u00e9s chez eux, ainsi que ceux \u00e2g\u00e9s de moins de 25 ans. Bien que peu d&rsquo;images aient \u00e9t\u00e9 diffus\u00e9es, 6 000 corps de soldats tomb\u00e9s au combat auraient \u00e9galement \u00e9t\u00e9 \u00e9chang\u00e9s. Cette derni\u00e8re mesure, qui consiste \u00e0 r\u00e9cup\u00e9rer les corps, est \u00e9galement vitale pour les familles dont les proches ont \u00e9t\u00e9 d\u00e9clar\u00e9s disparus au combat, car la r\u00e9cup\u00e9ration du corps permet de les d\u00e9clarer officiellement morts et, ce qui est plus important pour la plupart des familles, de faire leur deuil et de leur dire adieu.<\/p>\n<p>D&rsquo;apr\u00e8s ce que m&rsquo;ont racont\u00e9 de nombreuses familles dont des proches ont disparu au combat, dans certains cas, leurs propres camarades leur ont confirm\u00e9 les avoir vus tomber au combat, mais comme leur corps n&rsquo;a pas \u00e9t\u00e9 retrouv\u00e9, beaucoup de ces familles continuent de s&rsquo;accrocher \u00e0 l&rsquo;espoir et, dans de nombreux cas, ne peuvent pas avancer dans leur vie.<\/p>\n<p>Ainsi, \u00e9tant donn\u00e9 que ces corps font \u00e9galement partie des \u00e9changes, je ne sais pas si le mot \u00ab espoir \u00bb est appropri\u00e9 pour les familles, mais cela leur permet au moins de faire leur deuil et de tourner une page importante.<\/p>\n<p><strong>Pendant ce temps, la Russie m\u00e8ne une offensive estivale qui a d\u00e9j\u00e0 commenc\u00e9, avec des attaques massives contre des villes ukrainiennes, notamment \u00e0 l&rsquo;aide de drones et de missiles, ainsi que sur les fronts.<\/strong><\/p>\n<p>Oui, elle est tr\u00e8s active. La Russie a d&rsquo;ailleurs battu cette semaine un record de ces attaques massives combin\u00e9es dans lesquelles elle utilise des drones et des missiles. Cette fois-ci, il s&rsquo;agit de pas moins de 479 drones Shahed et d&rsquo;autres types de drones suicides, auxquels s&rsquo;ajoutent les missiles balistiques et hypersoniques habituellement utilis\u00e9s dans ce type d&rsquo;attaques, le tout en une seule nuit. Il s&rsquo;agit de la plus grande offensive depuis le d\u00e9but de l&rsquo;invasion de l&rsquo;Ukraine.<\/p>\n<p>Elle a eu lieu il y a trois jours. Kiev et Odessa ont \u00e9t\u00e9 les plus touch\u00e9es dans la nuit de mardi, et parmi les cibles figuraient un h\u00f4pital maternel, des services d&rsquo;urgence, des dizaines et des dizaines de logements civils et m\u00eame la cath\u00e9drale Sainte-Sophie, ici dans la capitale, qui n&rsquo;est pas d\u00e9truite, mais qui a subi des dommages. Ce n&rsquo;est pas la seule attaque russe \u00e0 d\u00e9plorer cette semaine, car le Kremlin continue de s&rsquo;acharner une fois de plus sur la ville de Kharkiv, la deuxi\u00e8me plus grande ville d&rsquo;Ukraine, situ\u00e9e au nord-ouest, tout pr\u00e8s de la fronti\u00e8re russe. Elle a subi plusieurs attaques au cours de la semaine derni\u00e8re, qui ont fait 15 morts et pr\u00e8s de 100 bless\u00e9s au total.<\/p>\n<p>Il convient de souligner que, depuis plusieurs mois d\u00e9j\u00e0, la Russie ne se donne m\u00eame plus la peine de dissimuler que ses objectifs dans ces villes sont directement les infrastructures civiles. Elle attaque des endroits o\u00f9 il n&rsquo;y a aucune base militaire, aucun bureau militaire, rien, aucune institution li\u00e9e au minist\u00e8re de la D\u00e9fense ou \u00e0 l&rsquo;arm\u00e9e qui pourrait justifier le lancement de drones vers certains endroits. Ce sont des endroits o\u00f9 aucune bombe ne devrait tomber si Poutine respectait un minimum le droit international.\u00a0<\/p>\n<p><img decoding=\"async\" width=\"1200\" height=\"675\" alt=\"Militares ucranianos de la 211\u00aa Brigada de Puentes de Pontones de las Fuerzas Armadas de Ucrania colocan alambre de p\u00faas como parte de un nuevo sistema de fortificaci\u00f3n, en medio del ataque de Rusia a Ucrania, en la regi\u00f3n de Kharkiv, Ucrania, el 14 de febrero de 2025 - REUTERS\/ SOFIIA GATILOVA\" src=\"https:\/\/www.europesays.com\/fr\/wp-content\/uploads\/2025\/06\/2025021811203411801.jpg\" loading=\"lazy\"  \/><br \/>\nDes militaires ukrainiens de la 211e brigade de pontons des Forces arm\u00e9es ukrainiennes placent des barbel\u00e9s dans le cadre d&rsquo;un nouveau syst\u00e8me de fortification, dans le contexte de l&rsquo;attaque russe contre l&rsquo;Ukraine, dans la r\u00e9gion de Kharkiv, en Ukraine, le 14 f\u00e9vrier 2025 &#8211; <strong>REUTERS\/ SOFIIA GATILOVA<\/strong><\/p>\n<p><strong>Pendant ce temps, l&rsquo;Ukraine continue de b\u00e9n\u00e9ficier du soutien des pays occidentaux, en l&rsquo;occurrence l&rsquo;Allemagne, qui promet une aide de 8,9 milliards d&rsquo;euros et la r\u00e9union du ministre de la D\u00e9fense \u00e0 Rome, ce qui constitue \u00e9galement un nouveau coup de pouce et, surtout, le maintien du soutien \u00e0 l&rsquo;Ukraine et au pr\u00e9sident Zelensky.<\/strong><\/p>\n<p>Oui, il semble enfin y avoir des avanc\u00e9es dans cette voie. Le ministre allemand de la D\u00e9fense, Boris Pistorius, s&rsquo;est rendu dans la capitale ukrainienne, o\u00f9 il a rencontr\u00e9 le pr\u00e9sident Zelensky et o\u00f9 il a fait des d\u00e9clarations tr\u00e8s fermes sur la n\u00e9cessit\u00e9 de continuer \u00e0 soutenir et \u00e0 aider l&rsquo;Ukraine avec des fonds et une aide militaire. Un paquet total de 8,9 milliards d&rsquo;euros a \u00e9t\u00e9 convenu, dont 7 milliards avaient d\u00e9j\u00e0 \u00e9t\u00e9 convenus au pr\u00e9alable, mais 1,9 milliard suppl\u00e9mentaire a \u00e9t\u00e9 ajout\u00e9 apr\u00e8s la r\u00e9union entre le ministre allemand de la D\u00e9fense et le pr\u00e9sident ukrainien. Cette visite a eu lieu un jour apr\u00e8s la r\u00e9union des ministres des Affaires \u00e9trang\u00e8res de l&rsquo;Union europ\u00e9enne \u00e0 Rome, qui \u00e9taient pr\u00eats \u00e0 accro\u00eetre la pression sur la Russie avec de nouvelles sanctions visant les secteurs de l&rsquo;\u00e9nergie et bancaire.<\/p>\n<p>Ils veulent toucher Poutine au portefeuille et, parall\u00e8lement, am\u00e9liorer la coop\u00e9ration industrielle dans le secteur de la d\u00e9fense avec l&rsquo;Ukraine. Cela n\u00e9cessiterait une augmentation des d\u00e9penses de d\u00e9fense dans l&rsquo;Union europ\u00e9enne qui, apr\u00e8s le retrait quasi total des \u00c9tats-Unis, resterait le principal fournisseur d&rsquo;armes de l&rsquo;Ukraine, surtout pour l&rsquo;ann\u00e9e prochaine, voire au-del\u00e0. Le secr\u00e9taire g\u00e9n\u00e9ral de l&rsquo;OTAN, Mark Rutte, qui \u00e9tait \u00e9galement pr\u00e9sent \u00e0 cette r\u00e9union \u00e0 Rome, a appuy\u00e9 cette id\u00e9e par des d\u00e9clarations tr\u00e8s fermes sur la n\u00e9cessit\u00e9 d&rsquo;augmenter les d\u00e9penses de d\u00e9fense en Europe.<\/p>\n<p>Non seulement pour soutenir l&rsquo;Ukraine, mais aussi pour l&rsquo;avenir, l&rsquo;Allemagne et le Royaume-Uni sont actuellement les pays qui tentent de prendre la t\u00eate de ce soutien pour tout ce qui concerne l&rsquo;envoi d&rsquo;armes et l&rsquo;industrie de la d\u00e9fense, mais aussi pour l&rsquo;autod\u00e9fense de l&rsquo;Europe, compte tenu du voisin que nous avons, \u00e0 savoir la Russie, qui est d\u00e9j\u00e0 en train de s&rsquo;ing\u00e9rer dans nos affaires, m\u00eame si elle ne bombarde pas d&rsquo;autres pays europ\u00e9ens, mais elle est d\u00e9j\u00e0 en train de s&rsquo;ing\u00e9rer et de mener d&rsquo;autres types d&rsquo;attaques. Un jour, nous devrons parler de la cyberguerre, de la cyberd\u00e9fense et de tout ce dans quoi nous sommes d\u00e9j\u00e0 impliqu\u00e9s, m\u00eame si cela n&rsquo;est pas autant m\u00e9diatis\u00e9. Et l&rsquo;actuelle chef de la diplomatie de l&rsquo;Union europ\u00e9enne, Kaja Kallas, a assur\u00e9 que cet engagement de l&rsquo;Europe en faveur de la d\u00e9fense est plus fort que jamais et a \u00e9galement soulign\u00e9 l&rsquo;importance du programme de r\u00e9armement, ce programme \u00e9valu\u00e9 \u00e0 800 milliards d&rsquo;euros pour l&rsquo;Union europ\u00e9enne, sur lequel on travaille actuellement.<\/p>\n<p><strong>Si nous ne disposons pas des ressources ad\u00e9quates pour nous d\u00e9fendre, eh bien, nous subissons les cons\u00e9quences, avec des probl\u00e8mes \u00e0 l&rsquo;a\u00e9roport d&rsquo;Heathrow, des coupures d&rsquo;\u00e9lectricit\u00e9 ou d&rsquo;autres \u00e9v\u00e9nements \u00e9tranges. Mais bon, ce sont l\u00e0 d&rsquo;autres questions.<\/strong><\/p>\n<p>Qui font \u00e9galement partie de la d\u00e9fense de l&rsquo;Europe. Il ne s&rsquo;agit pas seulement de fabriquer des missiles pour les envoyer en Ukraine. Il est \u00e9galement important d&rsquo;en parler.<\/p>\n","protected":false},"excerpt":{"rendered":"La correspondante et journaliste Mar\u00eda Senovilla, collaboratrice d&rsquo;Atalayar, a analys\u00e9 dans l&rsquo;\u00e9mission \u00ab De cara al mundo \u00bb&hellip;\n","protected":false},"author":2,"featured_media":24815,"comment_status":"","ping_status":"","sticky":false,"template":"","format":"standard","meta":{"footnotes":""},"categories":[1591],"tags":[11,1779,1887,1577,12,8940,1885,1886,132,8941,14749],"class_list":{"0":"post-181377","1":"post","2":"type-post","3":"status-publish","4":"format-standard","5":"has-post-thumbnail","7":"category-russie","8":"tag-actualites","9":"tag-european-union","10":"tag-federation-de-russie","11":"tag-l","12":"tag-news","13":"tag-rusia","14":"tag-russia","15":"tag-russian-federation","16":"tag-russie","17":"tag-ucrania","18":"tag-union-europea"},"share_on_mastodon":{"url":"https:\/\/pubeurope.com\/@fr\/114694277283160031","error":""},"_links":{"self":[{"href":"https:\/\/www.europesays.com\/fr\/wp-json\/wp\/v2\/posts\/181377","targetHints":{"allow":["GET"]}}],"collection":[{"href":"https:\/\/www.europesays.com\/fr\/wp-json\/wp\/v2\/posts"}],"about":[{"href":"https:\/\/www.europesays.com\/fr\/wp-json\/wp\/v2\/types\/post"}],"author":[{"embeddable":true,"href":"https:\/\/www.europesays.com\/fr\/wp-json\/wp\/v2\/users\/2"}],"replies":[{"embeddable":true,"href":"https:\/\/www.europesays.com\/fr\/wp-json\/wp\/v2\/comments?post=181377"}],"version-history":[{"count":0,"href":"https:\/\/www.europesays.com\/fr\/wp-json\/wp\/v2\/posts\/181377\/revisions"}],"wp:featuredmedia":[{"embeddable":true,"href":"https:\/\/www.europesays.com\/fr\/wp-json\/wp\/v2\/media\/24815"}],"wp:attachment":[{"href":"https:\/\/www.europesays.com\/fr\/wp-json\/wp\/v2\/media?parent=181377"}],"wp:term":[{"taxonomy":"category","embeddable":true,"href":"https:\/\/www.europesays.com\/fr\/wp-json\/wp\/v2\/categories?post=181377"},{"taxonomy":"post_tag","embeddable":true,"href":"https:\/\/www.europesays.com\/fr\/wp-json\/wp\/v2\/tags?post=181377"}],"curies":[{"name":"wp","href":"https:\/\/api.w.org\/{rel}","templated":true}]}}