{"id":181378,"date":"2025-06-16T17:42:12","date_gmt":"2025-06-16T17:42:12","guid":{"rendered":"https:\/\/www.europesays.com\/fr\/181378\/"},"modified":"2025-06-16T17:42:12","modified_gmt":"2025-06-16T17:42:12","slug":"40-des-48-passagers-rapatries-en-ukraine-en-train","status":"publish","type":"post","link":"https:\/\/www.europesays.com\/fr\/181378\/","title":{"rendered":"40 des 48 passagers rapatri\u00e9s en Ukraine en train"},"content":{"rendered":"<p>Le car impliqu\u00e9 dans l\u2019accident transportait 58 passagers, majoritairement des adolescents ukrainiens venus rencontrer les \u00e9l\u00e8ves d\u2019un lyc\u00e9e agricole du Morbihan.<\/p>\n<p class=\"fig-paragraph\">Quarante personnes qui se trouvaient dans le car scolaire qui s&rsquo;est renvers\u00e9 vendredi dans la Sarthe,\u00a0<a href=\"http:\/\/www.lefigaro.fr\/actualite-france\/sarthe-4-morts-dans-l-accident-d-un-autocar-qui-transportait-des-ukrainiens-20250613\" data-fig-type=\"NewsFlash\" data-gtm-custom-categorie=\"navigation\" data-gtm-custom-action=\"crossclick\" data-gtm-custom-label=\"Contextuel\" data-gtm-event=\"customEventSPE\" data-fig-domain=\"LEFIGARO\" target=\"_blank\" rel=\"noopener\">faisant quatre morts<\/a>, ont \u00e9t\u00e9 rapatri\u00e9es lundi en train vers l&rsquo;Ukraine, a annonc\u00e9 la pr\u00e9fecture de la Sarthe. \u00abNeuf passagers sont toujours hospitalis\u00e9s, dont trois demeurent en soins critiques. Ils b\u00e9n\u00e9ficient des meilleurs soins et d&rsquo;un accompagnement de proximit\u00e9\u00bb, a indiqu\u00e9 la pr\u00e9fecture dans un communiqu\u00e9.<\/p>\n<p class=\"fig-paragraph\">Lundi, \u00ab\u00e0 16h26, en lien avec les autorit\u00e9s consulaires ukrainiennes et la SNCF, les services de l&rsquo;\u00c9tat ont organis\u00e9 le rapatriement par voie ferroviaire de 40 impliqu\u00e9s en direction de l&rsquo;Ukraine\u00bb, a pr\u00e9cis\u00e9 la pr\u00e9fecture. Le car transportait 58 passagers, pour la plupart des adolescents ukrainiens en voyage scolaire. L&rsquo;accident est survenu sur l&rsquo;autoroute A81, \u00e0 hauteur de la commune de Degr\u00e9 et a caus\u00e9 la mort de quatre personnes, toutes \u00abmajeures\u00bb, avait pr\u00e9cis\u00e9 le pr\u00e9fet de la Sarthe Emmanuel Aubry.<\/p>\n<p>Un chauffeur mis en examen<\/p>\n<p class=\"fig-paragraph\">Les adolescents \u00e0 bord du bus \u00e9taient \u00e2g\u00e9s de 15 \u00e0 17 ans et venaient de rencontrer des \u00e9l\u00e8ves du lyc\u00e9e agricole La Touche de Plo\u00ebrmel (Morbihan), avait indiqu\u00e9 \u00e0 l&rsquo;AFP l&rsquo;ambassade de l&rsquo;Ukraine en France. L&rsquo;autocar avait quitt\u00e9 en matin\u00e9e Plo\u00ebrmel pour rentrer \u00e0 Kitsman, dans l&rsquo;ouest de l&rsquo;Ukraine, d&rsquo;o\u00f9 sont originaires ces adolescents, avait-elle pr\u00e9cis\u00e9.<\/p>\n<p class=\"fig-paragraph\">Dimanche, un des deux chauffeurs de l&rsquo;autocar\u00a0<a href=\"http:\/\/www.lefigaro.fr\/flash-actu\/accident-de-car-mortel-dans-la-sarthe-un-chauffeur-ukrainien-mis-en-examen-pour-homicides-involontaires-20250615\" data-fig-type=\"NewsFlash\" data-gtm-custom-categorie=\"navigation\" data-gtm-custom-action=\"crossclick\" data-gtm-custom-label=\"Contextuel\" data-gtm-event=\"customEventSPE\" data-fig-domain=\"LEFIGARO\" target=\"_blank\" rel=\"noopener\">a \u00e9t\u00e9 mis en examen<\/a>\u00a0notamment pour homicides involontaires, selon la procureure de Paris Laure Beccuau. Les deux chauffeurs ukrainiens avaient \u00e9t\u00e9 plac\u00e9s en garde \u00e0 vue dans le cadre d&rsquo;une enqu\u00eate de flagrance ouverte par le parquet du Mans. \u00abLes d\u00e9pistages d&rsquo;alcool\u00e9mie et de recherche de stup\u00e9fiants r\u00e9alis\u00e9s sur leur personne apparaissaient n\u00e9gatifs\u00bb, avait pr\u00e9cis\u00e9 la procureure dans un communiqu\u00e9 dimanche.<\/p>\n","protected":false},"excerpt":{"rendered":"Le car impliqu\u00e9 dans l\u2019accident transportait 58 passagers, majoritairement des adolescents ukrainiens venus rencontrer les \u00e9l\u00e8ves d\u2019un lyc\u00e9e&hellip;\n","protected":false},"author":2,"featured_media":181379,"comment_status":"","ping_status":"","sticky":false,"template":"","format":"standard","meta":{"footnotes":""},"categories":[1590],"tags":[4376,1111,47,11,1109,1112,1777,674,118,1108,107,1106,1107,27,1110,1114,14,12,1113,316,25849,220],"class_list":{"0":"post-181378","1":"post","2":"type-post","3":"status-publish","4":"format-standard","5":"has-post-thumbnail","7":"category-ukraine","8":"tag-accident-de-la-route","9":"tag-actu","10":"tag-actualite","11":"tag-actualites","12":"tag-breves","13":"tag-depeches","14":"tag-eu","15":"tag-europe","16":"tag-faits-divers","17":"tag-fil","18":"tag-fil-info","19":"tag-flash","20":"tag-flash-actu","21":"tag-france","22":"tag-informations","23":"tag-infos","24":"tag-international","25":"tag-news","26":"tag-nouvelles","27":"tag-politique","28":"tag-sarthe","29":"tag-ukraine"},"share_on_mastodon":{"url":"https:\/\/pubeurope.com\/@fr\/114694281200355014","error":""},"_links":{"self":[{"href":"https:\/\/www.europesays.com\/fr\/wp-json\/wp\/v2\/posts\/181378","targetHints":{"allow":["GET"]}}],"collection":[{"href":"https:\/\/www.europesays.com\/fr\/wp-json\/wp\/v2\/posts"}],"about":[{"href":"https:\/\/www.europesays.com\/fr\/wp-json\/wp\/v2\/types\/post"}],"author":[{"embeddable":true,"href":"https:\/\/www.europesays.com\/fr\/wp-json\/wp\/v2\/users\/2"}],"replies":[{"embeddable":true,"href":"https:\/\/www.europesays.com\/fr\/wp-json\/wp\/v2\/comments?post=181378"}],"version-history":[{"count":0,"href":"https:\/\/www.europesays.com\/fr\/wp-json\/wp\/v2\/posts\/181378\/revisions"}],"wp:featuredmedia":[{"embeddable":true,"href":"https:\/\/www.europesays.com\/fr\/wp-json\/wp\/v2\/media\/181379"}],"wp:attachment":[{"href":"https:\/\/www.europesays.com\/fr\/wp-json\/wp\/v2\/media?parent=181378"}],"wp:term":[{"taxonomy":"category","embeddable":true,"href":"https:\/\/www.europesays.com\/fr\/wp-json\/wp\/v2\/categories?post=181378"},{"taxonomy":"post_tag","embeddable":true,"href":"https:\/\/www.europesays.com\/fr\/wp-json\/wp\/v2\/tags?post=181378"}],"curies":[{"name":"wp","href":"https:\/\/api.w.org\/{rel}","templated":true}]}}