{"id":181380,"date":"2025-06-16T17:43:17","date_gmt":"2025-06-16T17:43:17","guid":{"rendered":"https:\/\/www.europesays.com\/fr\/181380\/"},"modified":"2025-06-16T17:43:17","modified_gmt":"2025-06-16T17:43:17","slug":"lue-prete-a-accepter-sous-conditions-un-droit-de-douane-unique-de-10-de-la-part-des-usa-rapporte-handelsblatt","status":"publish","type":"post","link":"https:\/\/www.europesays.com\/fr\/181380\/","title":{"rendered":"L&rsquo;UE pr\u00eate \u00e0 accepter sous conditions un droit de douane unique de 10% de la part des USA rapporte Handelsblatt"},"content":{"rendered":"<p>\n                                        <b>Par<\/b><br \/>\n                                        <br \/>Reuters\n                                    <\/p>\n<p>\n                                    <b>Publi\u00e9 le<\/b><br \/>\n                                    <\/p>\n<p>                                        16 juin 2025<\/p>\n<p class=\"article-content col-md-8 offset-md-1\">\n                                Les n\u00e9gociateurs de Bruxelles esp\u00e8rent qu&rsquo;en proposant aux Etats-Unis d&rsquo;accepter un tarif douanier de 10% sur l&rsquo;ensemble des exportations de l&rsquo;Union europ\u00e9enne (UE), ils pourront \u00e9viter l&rsquo;instauration de droits de douane plus \u00e9lev\u00e9s sur des produits comme les voitures, les m\u00e9dicaments et l&rsquo;\u00e9lectronique, rapporte lundi le quotidien \u00e9conomique allemand Handelsblatt.<\/p>\n<p><img decoding=\"async\" class=\"news-image\" style=\"width:100%;max-width:800px;\" src=\"https:\/\/www.europesays.com\/fr\/wp-content\/uploads\/2025\/06\/4a15.jpg\" alt=\"\" loading=\"lazy\"\/> Reuters<\/p>\n<p>Citant des n\u00e9gociateurs europ\u00e9ens de haut rang, le journal indique que l&rsquo;offre faite aux n\u00e9gociateurs am\u00e9ricains ne serait pr\u00e9sent\u00e9e que sous certaines conditions et ne serait pas consid\u00e9r\u00e9e comme permanente.<\/p>\n<p>Handelsblatt ajoute que l&rsquo;UE est, en retour, pr\u00eate \u00e0 r\u00e9duire ses droits de douane sur les v\u00e9hicules fabriqu\u00e9s aux \u00c9tats-Unis, et \u00e0 \u00e9ventuellement modifier certains obstacles techniques ou juridiques afin de faciliter la vente de voitures am\u00e9ricaines en Europe.<\/p>\n<p class=\"col-md-8 offset-md-1 article-content--texte\">L&rsquo;UE propose \u00e9galement d&rsquo;interdire les achats de gaz naturel russe, ce qui pourrait accro\u00eetre la demande pour les producteurs am\u00e9ricains.<\/p>\n<p>La Commission europ\u00e9enne n&rsquo;a pas r\u00e9pondu dans l&rsquo;imm\u00e9diat \u00e0 une demande de commentaire.<\/p>\n<p>(Reportage Ludwig Burger, version fran\u00e7aise elena Smirnova, \u00e9dit\u00e9 par Sophie Louet)\n                            <\/p>\n<p>\n                                \u00a9 Thomson Reuters 2025 All rights reserved.\n                            <\/p>\n","protected":false},"excerpt":{"rendered":"Par Reuters Publi\u00e9 le 16 juin 2025 Les n\u00e9gociateurs de Bruxelles esp\u00e8rent qu&rsquo;en proposant aux Etats-Unis d&rsquo;accepter un&hellip;\n","protected":false},"author":2,"featured_media":181381,"comment_status":"","ping_status":"","sticky":false,"template":"","format":"standard","meta":{"footnotes":""},"categories":[1589],"tags":[11,2424,537,2423,73,1866,2425,985,12,2298,2426,2427,2421,2422,1864,1865,1863,308],"class_list":{"0":"post-181380","1":"post","2":"type-post","3":"status-publish","4":"format-standard","5":"has-post-thumbnail","7":"category-etats-unis","8":"tag-actualites","9":"tag-beaute","10":"tag-contact","11":"tag-cosmetiques","12":"tag-etats-unis","13":"tag-etats-unis-damerique","14":"tag-luxe","15":"tag-mode","16":"tag-news","17":"tag-parfum","18":"tag-professionnel","19":"tag-professionnels","20":"tag-reseau","21":"tag-textile","22":"tag-united-states","23":"tag-united-states-of-america","24":"tag-us","25":"tag-usa"},"share_on_mastodon":{"url":"https:\/\/pubeurope.com\/@fr\/114694285186056916","error":""},"_links":{"self":[{"href":"https:\/\/www.europesays.com\/fr\/wp-json\/wp\/v2\/posts\/181380","targetHints":{"allow":["GET"]}}],"collection":[{"href":"https:\/\/www.europesays.com\/fr\/wp-json\/wp\/v2\/posts"}],"about":[{"href":"https:\/\/www.europesays.com\/fr\/wp-json\/wp\/v2\/types\/post"}],"author":[{"embeddable":true,"href":"https:\/\/www.europesays.com\/fr\/wp-json\/wp\/v2\/users\/2"}],"replies":[{"embeddable":true,"href":"https:\/\/www.europesays.com\/fr\/wp-json\/wp\/v2\/comments?post=181380"}],"version-history":[{"count":0,"href":"https:\/\/www.europesays.com\/fr\/wp-json\/wp\/v2\/posts\/181380\/revisions"}],"wp:featuredmedia":[{"embeddable":true,"href":"https:\/\/www.europesays.com\/fr\/wp-json\/wp\/v2\/media\/181381"}],"wp:attachment":[{"href":"https:\/\/www.europesays.com\/fr\/wp-json\/wp\/v2\/media?parent=181380"}],"wp:term":[{"taxonomy":"category","embeddable":true,"href":"https:\/\/www.europesays.com\/fr\/wp-json\/wp\/v2\/categories?post=181380"},{"taxonomy":"post_tag","embeddable":true,"href":"https:\/\/www.europesays.com\/fr\/wp-json\/wp\/v2\/tags?post=181380"}],"curies":[{"name":"wp","href":"https:\/\/api.w.org\/{rel}","templated":true}]}}