{"id":181382,"date":"2025-06-16T17:44:09","date_gmt":"2025-06-16T17:44:09","guid":{"rendered":"https:\/\/www.europesays.com\/fr\/181382\/"},"modified":"2025-06-16T17:44:09","modified_gmt":"2025-06-16T17:44:09","slug":"newdad-annonce-2025-royaume-uni-irlande-et-tour-europeen","status":"publish","type":"post","link":"https:\/\/www.europesays.com\/fr\/181382\/","title":{"rendered":"Newdad annonce 2025 Royaume-Uni, Irlande et Tour europ\u00e9en"},"content":{"rendered":"<p class=\"ai-optimize-6 ai-optimize-introduction\">Newdad a annonc\u00e9 les d\u00e9tails d&rsquo;une tourn\u00e9e 2025 UK, Irlande et europ\u00e9enne.<\/p>\n<p class=\"ai-optimize-9\">Suite \u00e0 l&rsquo;\u00e9mission intime de London du groupe irlandais pour leur tout nouvel EP \u00ab\u00a0 Safe \u00a0\u00bb en mai, Newdad devrait se lancer dans une tourn\u00e9e compl\u00e8te plus tard cette ann\u00e9e.<\/p>\n<p class=\"ai-optimize-13\">D\u00e9butant en Norv\u00e8ge le 2 octobre, le groupe voyagera \u00e0 travers l&rsquo;Allemagne, l&rsquo;Italie, la France et d&rsquo;autres pays europ\u00e9ens. Ils atterriront ensuite au Royaume-Uni le 18 octobre \u00e0 Manchester&rsquo;s Academy 2, o\u00f9 ils joueront \u00e9galement des villes comme Glasgow, Sheffield et Brighton.<\/p>\n<p class=\"ai-optimize-14\">Apr\u00e8s un \u00e9norme arr\u00eat au O2 Kentish Forum de Londres, Newdad jouera une s\u00e9rie de spectacles de retour en Irlande. S&rsquo;arr\u00eatant au 3Olympia de Dublin le 31 octobre, ils joueront ensuite Cyprus Avenue de Cork le 1er novembre avec un spectacle de ville natale \u00e0 la Loisure de Galway, avant d&rsquo;arrondir avec un spectacle final au Mandela Hall de Belfast.<\/p>\n<p class=\"ai-optimize-15\">Le groupe a dit qu&rsquo;ils \u00ab\u00a0ne peuvent pas attendre pour se remettre en tourn\u00e9e\u00a0\u00bb sur les r\u00e9seaux sociaux, ajoutant: \u00ab\u00a0Nous pouvons jouer un tas de nouvelles villes auxquelles nous n&rsquo;avons jamais \u00e9t\u00e9 auparavant, ce qui est si excitant !!\u00a0\u00bb<\/p>\n<p class=\"ai-optimize-16\">Les billets seront mis en vente \u00e0 10h ce jeudi (19 juin) \u2013 Obtenez vos billets pour les spectacles britanniques ici, les spectacles internationaux ici et voyez les dates compl\u00e8tes ci-dessous.<\/p>\n<blockquote class=\"twitter-tweet\" data-width=\"550\" data-dnt=\"true\">\n<p lang=\"en\" dir=\"ltr\">Nous avons h\u00e2te de retourner en tourn\u00e9e au Royaume-Uni, en Irlande et en Europe !!<\/p>\n<p>Nous pouvons jouer un tas de nouvelles villes dans lesquelles nous n&rsquo;avons jamais \u00e9t\u00e9 auparavant, ce qui est si excitant !!<\/p>\n<p>Billets en vente le jeudi 19 juin \u00e0 10h ou inscrivez-vous \u00e0 notre liste de diffusion pour l&rsquo;acc\u00e8s \u00e0 la pr\u00e9vente<\/p>\n<p>  https:\/\/t.co\/fzojxl9xco <a rel=\"nofollow\" href=\"https:\/\/t.co\/3FHiu7m3A2\">pic.twitter.com\/3fhiu7m3a2<\/a><\/p>\n<p>\u2013 newdad (@newdad) <a rel=\"nofollow noopener\" href=\"https:\/\/twitter.com\/NewDad\/status\/1933449501261320606?ref_src=twsrc%5Etfw\" target=\"_blank\">13 juin 2025<\/a><\/p>\n<\/blockquote>\n<p><strong>La tourn\u00e9e de Newdad 2025 Royaume-Uni, Irlande et UE est:<\/strong><\/p>\n<p class=\"ai-optimize-10\" data-start=\"140\" data-end=\"965\"><strong>OCTOBRE<\/strong><br data-start=\"151\" data-end=\"154\"\/><strong>2 \u2013 Norv\u00e8ge, Oslo \u2013 John Dee<\/strong><br data-start=\"181\" data-end=\"184\"\/><strong>3 \u2013 Su\u00e8de, Stockholm \u2013 Nalen Klubb<\/strong><br data-start=\"219\" data-end=\"222\"\/><strong>5 \u2013 Danemark, Copenhague \u2013 Vega Small Room<\/strong><br data-start=\"263\" data-end=\"266\"\/><strong>6 \u2013 Allemagne, Hambourg \u2013 Nochtspeicher<\/strong><br data-start=\"302\" data-end=\"305\"\/><strong>7 \u2013 Allemagne, Berlin \u2013 Lido<\/strong><br data-start=\"331\" data-end=\"334\"\/><strong>9 \u2013 Italie, Milan \u2013 Arci Bellezza<\/strong><br data-start=\"366\" data-end=\"369\"\/><strong>10 \u2013 Suisse, Zurich \u2013 Bogen F<\/strong><br data-start=\"403\" data-end=\"406\"\/><strong>11 \u2013 France, Paris \u2013 La Maroquinerie<\/strong><br data-start=\"442\" data-end=\"445\"\/><strong>13 \u2013 Belgique, Bruxelles \u2013 Botanique<\/strong><br data-start=\"479\" data-end=\"482\"\/><strong>14 \u2013 Pays-Bas, Amsterdam \u2013 Melkweg Old Hall<\/strong><br data-start=\"528\" data-end=\"531\"\/><strong>15 \u2013 France, Lille \u2013 L&rsquo;Aeronef<\/strong><br data-start=\"561\" data-end=\"564\"\/><strong>18 \u2013 Royaume-Uni, Manchester \u2013 Academy 2<\/strong><br data-start=\"607\" data-end=\"610\"\/><strong>19 \u2013 Royaume-Uni, Sheffield \u2013 The Foundry<\/strong><br data-start=\"654\" data-end=\"657\"\/><strong>20 \u2013 Royaume-Uni, Glasgow \u2013 SWG3 TV Studio<\/strong><br data-start=\"702\" data-end=\"705\"\/><strong>22 \u2013 Royaume-Uni, Bristol \u2013 Bristol Electric<\/strong><br data-start=\"752\" data-end=\"755\"\/><strong>23 \u2013 Royaume-Uni, Cardiff \u2013 Tramshed<\/strong><br data-start=\"794\" data-end=\"797\"\/><strong>24 \u2013 Royaume-Uni, Birmingham \u2013 Xoyo<\/strong><br data-start=\"835\" data-end=\"838\"\/><strong>26 \u2013 Royaume-Uni, Brighton \u2013 Craie<\/strong><br data-start=\"875\" data-end=\"878\"\/><strong>28 \u2013 Royaume-Uni, Londres \u2013 O2 Forum Kentish Town<\/strong><br data-start=\"929\" data-end=\"932\"\/><strong>31 \u2013 Irlande, Dublin \u2013 3OLYmpia<\/strong><\/p>\n<p class=\"ai-optimize-11\" data-start=\"967\" data-end=\"1098\"><strong>NOVEMBRE<\/strong><br data-start=\"979\" data-end=\"982\"\/><strong>1 \u2013 Irlande, Cork \u2013 Avenue Chypre<\/strong><br data-start=\"1015\" data-end=\"1018\"\/><strong>2 \u2013 Irlande, Galway \u2013 Loisurerie<\/strong><br data-start=\"1051\" data-end=\"1054\"\/><strong>4 \u2013 Royaume-Uni, Belfast \u2013 Mandela Hall<\/strong><\/p>\n<p class=\"ai-optimize-17\" data-start=\"967\" data-end=\"1098\">La tourn\u00e9e suit le premier album du groupe &lsquo;Madra&rsquo;, qui a chut\u00e9 l&rsquo;ann\u00e9e derni\u00e8re et a \u00e9t\u00e9 nomm\u00e9 l&rsquo;un des ZikNationLes 100 meilleurs albums de l&rsquo;ann\u00e9e.<\/p>\n<p class=\"ai-optimize-18\" data-start=\"967\" data-end=\"1098\">ZikNation a donn\u00e9 au record de quatre \u00e9toiles, \u00e9crivant: \u00ab\u00a0\u00a0\u00bb Madra \u00ab\u00a0est le son d&rsquo;un groupe qui a compt\u00e9 avec d&rsquo;o\u00f9 ils viennent et l&rsquo;ont utilis\u00e9 pour cartographier o\u00f9 ils vont. Ils vous verront probablement au sommet.\u00a0\u00bb<\/p>\n<p class=\"ai-optimize-19\" data-start=\"967\" data-end=\"1098\">La chanteuse principale Julie Dawson a \u00e9galement publi\u00e9 son propre album solo, disant ZikNation Sa propre musique \u00e9tait \u00abd\u00e9finitivement plus de pop-avertisseur, mais toujours avec tous ces sons de guitare et de basse lourds. Il y a beaucoup plus de sons de synth\u00e9.<\/p>\n<p><script async src=\"https:\/\/platform.twitter.com\/widgets.js\" charset=\"utf-8\"><\/script><\/p>\n","protected":false},"excerpt":{"rendered":"Newdad a annonc\u00e9 les d\u00e9tails d&rsquo;une tourn\u00e9e 2025 UK, Irlande et europ\u00e9enne. Suite \u00e0 l&rsquo;\u00e9mission intime de London&hellip;\n","protected":false},"author":2,"featured_media":6228,"comment_status":"","ping_status":"","sticky":false,"template":"","format":"standard","meta":{"footnotes":""},"categories":[1588],"tags":[11,2562,1777,674,13378,516,31895,12,473,1853,1873,3584,1851,1850,1852],"class_list":{"0":"post-181382","1":"post","2":"type-post","3":"status-publish","4":"format-standard","5":"has-post-thumbnail","7":"category-royaume-uni","8":"tag-actualites","9":"tag-annonce","10":"tag-eu","11":"tag-europe","12":"tag-europeen","13":"tag-irlande","14":"tag-newdad","15":"tag-news","16":"tag-royaume-uni","17":"tag-royaume-uni-de-grande-bretagne-et-dirlande-du-nord","18":"tag-royaumeuni","19":"tag-tour","20":"tag-uk","21":"tag-united-kingdom","22":"tag-united-kingdom-of-great-britain-and-northern-ireland"},"share_on_mastodon":{"url":"https:\/\/pubeurope.com\/@fr\/114694289067807291","error":""},"_links":{"self":[{"href":"https:\/\/www.europesays.com\/fr\/wp-json\/wp\/v2\/posts\/181382","targetHints":{"allow":["GET"]}}],"collection":[{"href":"https:\/\/www.europesays.com\/fr\/wp-json\/wp\/v2\/posts"}],"about":[{"href":"https:\/\/www.europesays.com\/fr\/wp-json\/wp\/v2\/types\/post"}],"author":[{"embeddable":true,"href":"https:\/\/www.europesays.com\/fr\/wp-json\/wp\/v2\/users\/2"}],"replies":[{"embeddable":true,"href":"https:\/\/www.europesays.com\/fr\/wp-json\/wp\/v2\/comments?post=181382"}],"version-history":[{"count":0,"href":"https:\/\/www.europesays.com\/fr\/wp-json\/wp\/v2\/posts\/181382\/revisions"}],"wp:featuredmedia":[{"embeddable":true,"href":"https:\/\/www.europesays.com\/fr\/wp-json\/wp\/v2\/media\/6228"}],"wp:attachment":[{"href":"https:\/\/www.europesays.com\/fr\/wp-json\/wp\/v2\/media?parent=181382"}],"wp:term":[{"taxonomy":"category","embeddable":true,"href":"https:\/\/www.europesays.com\/fr\/wp-json\/wp\/v2\/categories?post=181382"},{"taxonomy":"post_tag","embeddable":true,"href":"https:\/\/www.europesays.com\/fr\/wp-json\/wp\/v2\/tags?post=181382"}],"curies":[{"name":"wp","href":"https:\/\/api.w.org\/{rel}","templated":true}]}}