{"id":181383,"date":"2025-06-16T17:45:08","date_gmt":"2025-06-16T17:45:08","guid":{"rendered":"https:\/\/www.europesays.com\/fr\/181383\/"},"modified":"2025-06-16T17:45:08","modified_gmt":"2025-06-16T17:45:08","slug":"lol-sinteresse-a-un-defenseur-suedois-venu-dallemagne","status":"publish","type":"post","link":"https:\/\/www.europesays.com\/fr\/181383\/","title":{"rendered":"l\u2019OL s\u2019int\u00e9resse \u00e0 un d\u00e9fenseur su\u00e9dois venu d&rsquo;Allemagne"},"content":{"rendered":"<p itemprop=\"description\"><strong>Un joueur su\u00e9dois \u00e9voluant en Allemagne dans le viseur de l\u2019OL pour renforcer la d\u00e9fense.<\/strong><\/p>\n<p>Le mercato \u00e0 peine rouvert, la cellule de recrutement de l\u2019OL est sur tous les fronts. Alors que l\u2019OL cherche des renforts d\u00e9fensifs, le club rhodanien a dans son viseur <strong>Eric Smith<\/strong>.\u00a0<\/p>\n<p>Le d\u00e9fenseur su\u00e9dois de 28 ans \u00e9volue actuellement au FC St-Pauli, quatorzi\u00e8me de Bundesliga. Il a d\u2019abord \u00e9volu\u00e9 \u00e0 La Gantoise \u00e0 Norrk\u00f6ping avant d\u2019\u00eatre pr\u00eat\u00e9 \u00e0 plusieurs club. Il a finalement \u00e9t\u00e9 transf\u00e9r\u00e9 vers FC St-Pauli en 2021 pour 0,6 million d\u2019euros.<\/p>\n<p>Selon le site Transfermarket, Eric Smith a une valeur estim\u00e9e \u00e0 5 millions d\u2019euros. Pour l\u2019instant, aucune offre n\u2019a \u00e9t\u00e9 r\u00e9alis\u00e9e de la part de l\u2019OL au FC St-Pauli. Mais, il pourrait \u00eatre le premier renfort du mercato lyonnais.<\/p>\n<p>S&rsquo;il signe, Eric Smith s&rsquo;inscrira-t-il davantage dans la lign\u00e9e de son pr\u00e9d\u00e9cesseur su\u00e9dois \u00e0 l&rsquo;OL <strong>Amin Sarr<\/strong>, ou celle de <strong>Kim K\u00e4llstr\u00f6m<\/strong> ?<\/p>\n","protected":false},"excerpt":{"rendered":"Un joueur su\u00e9dois \u00e9voluant en Allemagne dans le viseur de l\u2019OL pour renforcer la d\u00e9fense. Le mercato \u00e0&hellip;\n","protected":false},"author":2,"featured_media":181384,"comment_status":"","ping_status":"","sticky":false,"template":"","format":"standard","meta":{"footnotes":""},"categories":[1587],"tags":[1111,11,672,2813,1109,1804,1805,1112,1803,1777,674,2257,1801,1922,1110,1114,2851,12,241,1802,517],"class_list":{"0":"post-181383","1":"post","2":"type-post","3":"status-publish","4":"format-standard","5":"has-post-thumbnail","7":"category-allemagne","8":"tag-actu","9":"tag-actualites","10":"tag-allemagne","11":"tag-article","12":"tag-breves","13":"tag-bundesrepublik-deutschland","14":"tag-de","15":"tag-depeches","16":"tag-deutschland","17":"tag-eu","18":"tag-europe","19":"tag-foot","20":"tag-germany","21":"tag-info","22":"tag-informations","23":"tag-infos","24":"tag-lyonfoot","25":"tag-news","26":"tag-ol","27":"tag-republique-federale-dallemagne","28":"tag-sport"},"share_on_mastodon":{"url":"https:\/\/pubeurope.com\/@fr\/114694293136221632","error":""},"_links":{"self":[{"href":"https:\/\/www.europesays.com\/fr\/wp-json\/wp\/v2\/posts\/181383","targetHints":{"allow":["GET"]}}],"collection":[{"href":"https:\/\/www.europesays.com\/fr\/wp-json\/wp\/v2\/posts"}],"about":[{"href":"https:\/\/www.europesays.com\/fr\/wp-json\/wp\/v2\/types\/post"}],"author":[{"embeddable":true,"href":"https:\/\/www.europesays.com\/fr\/wp-json\/wp\/v2\/users\/2"}],"replies":[{"embeddable":true,"href":"https:\/\/www.europesays.com\/fr\/wp-json\/wp\/v2\/comments?post=181383"}],"version-history":[{"count":0,"href":"https:\/\/www.europesays.com\/fr\/wp-json\/wp\/v2\/posts\/181383\/revisions"}],"wp:featuredmedia":[{"embeddable":true,"href":"https:\/\/www.europesays.com\/fr\/wp-json\/wp\/v2\/media\/181384"}],"wp:attachment":[{"href":"https:\/\/www.europesays.com\/fr\/wp-json\/wp\/v2\/media?parent=181383"}],"wp:term":[{"taxonomy":"category","embeddable":true,"href":"https:\/\/www.europesays.com\/fr\/wp-json\/wp\/v2\/categories?post=181383"},{"taxonomy":"post_tag","embeddable":true,"href":"https:\/\/www.europesays.com\/fr\/wp-json\/wp\/v2\/tags?post=181383"}],"curies":[{"name":"wp","href":"https:\/\/api.w.org\/{rel}","templated":true}]}}