{"id":181391,"date":"2025-06-16T17:49:11","date_gmt":"2025-06-16T17:49:11","guid":{"rendered":"https:\/\/www.europesays.com\/fr\/181391\/"},"modified":"2025-06-16T17:49:11","modified_gmt":"2025-06-16T17:49:11","slug":"le-retablissement-du-reseau-mobile-espere-lundi-soir-pour-tous-les-clients","status":"publish","type":"post","link":"https:\/\/www.europesays.com\/fr\/181391\/","title":{"rendered":"le r\u00e9tablissement du r\u00e9seau mobile esp\u00e9r\u00e9 lundi soir pour tous les clients"},"content":{"rendered":"<p class=\"article-p mdl\">Une panne d&rsquo;envergure a coup\u00e9 le r\u00e9seau mobile de nombreux abonn\u00e9s de SFR une bonne partie de la journ\u00e9e ce lundi 16 juin. L&rsquo;op\u00e9rateur au carr\u00e9 rouge a confirm\u00e9 \u00e0 RTL qu&rsquo;il \u00e9tait en proie \u00e0 un incident technique depuis la mi-journ\u00e9e. De nombreux clients de l&rsquo;entreprise ne peuvent plus se connecter \u00e0 la 4G ou la 5G depuis la fin de la matin\u00e9e. Le r\u00e9seau est aussi indisponible pour les appels. Des probl\u00e8mes sont \u00e9galement signal\u00e9s chez Red by SFR, La Poste Mobile et chez les op\u00e9rateurs virtuels comme Prixtel qui utilisent le r\u00e9seau de SFR.<\/p>\n<p class=\"article-p mdl\">D&rsquo;apr\u00e8s les t\u00e9moignages remont\u00e9s par les utilisateurs, la panne, qui dure d\u00e9sormais depuis plusieurs heures, rev\u00eat une dimension nationale. Des perturbations sont signal\u00e9es dans de nombreuses villes du pays (Paris, Lyon, Marseille, Rennes, Toulouse, Bordeaux, Tours, Dijon&#8230;). \u00ab\u00a0La panne touche les utilisateurs de fa\u00e7on al\u00e9atoire\u00a0\u00bb, indique SFR \u00e0 RTL. Plus de 10.000 rapports d&rsquo;incidents \u00e9taient recens\u00e9s \u00e0 la mi-journ\u00e9e sur le site sp\u00e9cialis\u00e9\u00a0<a class=\"link\" href=\"https:\/\/downdetector.fr\/statut\/sfr\/\" target=\"_blank\" rel=\"noopener\">Down Detector.<\/a>\u00a0La plateforme\u00a0<a class=\"link\" href=\"https:\/\/www.zoneadsl.com\/reseau\/pannes?utm_source=twitter&amp;utm_medium=tweet&amp;utm_campaign=pannes&amp;utm_content=france\" target=\"_blank\" rel=\"noopener\">ZoneADSL\u00a0<\/a>avait pour sa part relev\u00e9 plus de 5.000 pannes sur les r\u00e9seaux mobile et fixe de SFR.<\/p>\n<p class=\"article-p mdl\">SFR a rapidement indiqu\u00e9 \u00e0 RTL qu&rsquo;il travaillait \u00e0 la r\u00e9solution du probl\u00e8me avant d&rsquo;apporter plus de pr\u00e9cisions en fin d&rsquo;apr\u00e8s-midi. \u00ab\u00a0Nous rencontrons depuis midi ce jour des dysfonctionnements cons\u00e9quents sur notre r\u00e9seau mobile. Ils se traduisent par des d\u00e9connexions al\u00e9atoires pour nos clients sur tout le territoire\u00a0\u00bb, a expliqu\u00e9 l&rsquo;op\u00e9rateur. Plusieurs op\u00e9rations men\u00e9es par les \u00e9quipes techniques de l&rsquo;entreprise \u00ab\u00a0sur des \u00e9quipements de coeur de r\u00e9seau\u00a0\u00bb ont permis de r\u00e9tablir une partie des services. Un retour \u00e0 la normale pour l&rsquo;ensemble des clients est esp\u00e9r\u00e9 dans la soir\u00e9e. L&rsquo;op\u00e9rateur pr\u00e9sente \u00ab\u00a0toutes [ses] excuses pour cet incident ind\u00e9pendant de [sa] volont\u00e9\u00a0\u00bb.<\/p>\n<p class=\"article-p mdl\">Cette panne intervient dans un contexte sensible pour SFR, propri\u00e9t\u00e9 d&rsquo;Altice France, qui fait l&rsquo;objet de rumeurs concernant sa mise en vente. Selon Bloomberg, le groupe envisage une cession de l&rsquo;op\u00e9rateur, valoris\u00e9 \u00e0 hauteur de 30 milliards d&rsquo;euros. Altice France est entr\u00e9 depuis f\u00e9vrier dans un processus de restructuration de sa dette apr\u00e8s un accord conclu avec ses cr\u00e9anciers.<\/p>\n<p>    La r\u00e9daction vous recommande<\/p>\n<p class=\"s-newsletter__title\">\n                L\u2019actualit\u00e9 par la r\u00e9daction de RTL dans votre bo\u00eete mail.\n            <\/p>\n<p class=\"s-newsletter__subtitle\">\n                Gr\u00e2ce \u00e0 votre compte RTL abonnez-vous \u00e0 la newsletter RTL info pour suivre toute l&rsquo;actualit\u00e9 au quotidien\n            <\/p>\n<p>\n                                    Lire la suite\n                                <\/p>\n","protected":false},"excerpt":{"rendered":"Une panne d&rsquo;envergure a coup\u00e9 le r\u00e9seau mobile de nombreux abonn\u00e9s de SFR une bonne partie de la&hellip;\n","protected":false},"author":2,"featured_media":181392,"comment_status":"","ping_status":"","sticky":false,"template":"","format":"standard","meta":{"footnotes":""},"categories":[2],"tags":[11,107,1011,27,12,25,740,319,963],"class_list":{"0":"post-181391","1":"post","2":"type-post","3":"status-publish","4":"format-standard","5":"has-post-thumbnail","7":"category-actualites","8":"tag-actualites","9":"tag-fil-info","10":"tag-fr","11":"tag-france","12":"tag-news","13":"tag-republique-francaise","14":"tag-sfr","15":"tag-telephone","16":"tag-telephonie"},"share_on_mastodon":{"url":"https:\/\/pubeurope.com\/@fr\/114694308767861037","error":""},"_links":{"self":[{"href":"https:\/\/www.europesays.com\/fr\/wp-json\/wp\/v2\/posts\/181391","targetHints":{"allow":["GET"]}}],"collection":[{"href":"https:\/\/www.europesays.com\/fr\/wp-json\/wp\/v2\/posts"}],"about":[{"href":"https:\/\/www.europesays.com\/fr\/wp-json\/wp\/v2\/types\/post"}],"author":[{"embeddable":true,"href":"https:\/\/www.europesays.com\/fr\/wp-json\/wp\/v2\/users\/2"}],"replies":[{"embeddable":true,"href":"https:\/\/www.europesays.com\/fr\/wp-json\/wp\/v2\/comments?post=181391"}],"version-history":[{"count":0,"href":"https:\/\/www.europesays.com\/fr\/wp-json\/wp\/v2\/posts\/181391\/revisions"}],"wp:featuredmedia":[{"embeddable":true,"href":"https:\/\/www.europesays.com\/fr\/wp-json\/wp\/v2\/media\/181392"}],"wp:attachment":[{"href":"https:\/\/www.europesays.com\/fr\/wp-json\/wp\/v2\/media?parent=181391"}],"wp:term":[{"taxonomy":"category","embeddable":true,"href":"https:\/\/www.europesays.com\/fr\/wp-json\/wp\/v2\/categories?post=181391"},{"taxonomy":"post_tag","embeddable":true,"href":"https:\/\/www.europesays.com\/fr\/wp-json\/wp\/v2\/tags?post=181391"}],"curies":[{"name":"wp","href":"https:\/\/api.w.org\/{rel}","templated":true}]}}