{"id":181405,"date":"2025-06-16T17:57:08","date_gmt":"2025-06-16T17:57:08","guid":{"rendered":"https:\/\/www.europesays.com\/fr\/181405\/"},"modified":"2025-06-16T17:57:08","modified_gmt":"2025-06-16T17:57:08","slug":"lancien-premier-ministre-francois-fillon-aimerait-que-la-formule-1-arrive-au-mans","status":"publish","type":"post","link":"https:\/\/www.europesays.com\/fr\/181405\/","title":{"rendered":"L&rsquo;ancien Premier ministre Fran\u00e7ois Fillon aimerait que la Formule 1 arrive au Mans"},"content":{"rendered":"<p>            Par<br \/>\n        <strong><br \/>\n            <a href=\"https:\/\/actu.fr\/auteur\/aurelien-burban\" title=\"Consulter tous les articles de Aur\u00e9lien Burban\" target=\"_blank\" rel=\"noopener\">Aur\u00e9lien Burban<\/a><br \/>\n        <\/strong><\/p>\n<p>        Publi\u00e9 le<\/p>\n<p>            16 juin 2025 \u00e0 19h43        <\/p>\n<p>\u00ab\u00a0C\u2019est un sujet sensible pour moi.\u00a0\u00bb Dans une <a href=\"https:\/\/www.parismatch.com\/actu\/politique\/francois-fillon-les-24-heures-du-mans-font-partie-de-ma-vie-252752\" target=\"_blank\" rel=\"noopener\">interview <\/a>accord\u00e9 \u00e0 Paris Match, <a href=\"https:\/\/actu.fr\/tag\/francois-fillon\" target=\"_blank\" rel=\"noopener\">Fran\u00e7ois Fillon<\/a>, ancien Premier ministre originaire de <a href=\"https:\/\/actu.fr\/pays-de-la-loire\/sarthe_72\" target=\"_blank\" rel=\"noopener\">Sabl\u00e9-sur-Sarthe<\/a>, \u00e9voque son souhait de voir la<b> Formule 1<\/b> d\u00e9barquer au <b>Mans<\/b>.<\/p>\n<p>Fran\u00e7ois Fillon a tent\u00e9 de faire venir la Formule 1 au Mans<\/p>\n<p class=\" wall-content\">Comme il l\u2019affirme dans ces lignes : \u00ab\u00a0Dans les ann\u00e9es 1990, j\u2019ai pos\u00e9 la candidature du <a href=\"https:\/\/actu.fr\/le-mans\/\" target=\"_blank\" rel=\"noopener\">Mans<\/a> pour accueillir le <b>Grand Prix de France<\/b>. \u00c0 l\u2019\u00e9poque, je me suis <b>heurt\u00e9 \u00e0 l\u2019ACO (Automobile club de l\u2019Ouest)<\/b> qui ne souhaitait pas faire venir la F1 au Mans. La raison de cette opposition \u00e9tait le risque de voir la Formule 1 cannibaliser les 24 Heures et l\u2019endurance.\u00a0\u00bb<\/p>\n<p class=\" wall-content\">Ainsi, l\u2019homme politique, fr\u00e8re de l\u2019actuel pr\u00e9sident de l\u2019ACO, Pierre Fillon, \u00e9voque un hic, et non des moindres, dans une possibilit\u00e9 de faire venir des monoplaces sur le circuit Bugatti. \u00ab\u00a0Le mod\u00e8le \u00e9conomique de la F1 qui interdit aux organisateurs de rentabiliser l\u2019\u00e9v\u00e9nement \u00e9tait une autre raison de cette opposition. L\u2019ACO est profitable notamment gr\u00e2ce aux <a href=\"https:\/\/actu.fr\/tag\/24-heures-du-mans\" target=\"_blank\" rel=\"noopener\">24 Heures du Mans<\/a>. Elle ne le serait pas si elle devait assumer le co\u00fbt exig\u00e9 par Liberty Media pour l\u2019organisation d\u2019un grand prix.\u00a0\u00bb<\/p>\n<p>\u00ab\u00a0Je trouve anormal que la France n\u2019accueille plus de Grand Prix sur son territoire\u00a0\u00bb<\/p>\n<p class=\" wall-content\">Cette situation est incompr\u00e9hensible pour Fran\u00e7ois Fillon : \u00ab\u00a0Je trouve anormal cependant que la France, qui est l\u2019un des trois pays \u00e0 l\u2019origine du sport <a href=\"https:\/\/actu.fr\/tag\/automobile\" target=\"_blank\" rel=\"noopener\">automobile<\/a>, n\u2019accueille plus de Grand Prix sur son territoire.\u00a0\u00bb<\/p>\n<p>Vid\u00e9os : en ce moment sur Actu<\/p>\n<p class=\" wall-content\">Il d\u00e9nonce m\u00eame la politique de Liberty Media : \u00ab\u00a0C\u2019est le fruit d\u2019une organisation \u00e9conomique profond\u00e9ment injuste qui fait supporter aux contribuables les co\u00fbts des \u00e9preuves alors qu\u2019un fonds d\u2019investissement engrange les b\u00e9n\u00e9fices sans partage. D\u2019autres sports comme le <a href=\"https:\/\/actu.fr\/sports\/football\" target=\"_blank\" rel=\"noopener\">football<\/a> ont su trouver une r\u00e9partition plus juste. Il serait temps de contraindre la Formule 1 \u00e0 suivre la m\u00eame \u00e9volution.\u00a0\u00bb<\/p>\n<p class=\" wall-content\">Suivez toute l\u2019actualit\u00e9 de vos villes et m\u00e9dias favoris en vous inscrivant \u00e0 <a href=\"https:\/\/moncompte.actu.fr\" title=\"D\u00e9couvez Mon Actu\" rel=\"nofollow noopener\" data-trk=\"{&quot;cta&quot;:{&quot;action&quot;:&quot;https:\\\/\\\/moncompte.actu.fr&quot;,&quot;category&quot;:&quot;mon compte&quot;,&quot;from&quot;:&quot;article footer&quot;,&quot;name&quot;:&quot;Mon actu&quot;,&quot;type&quot;:&quot;cta&quot;}}\" target=\"_blank\">Mon Actu<\/a>.<\/p>\n","protected":false},"excerpt":{"rendered":"Par Aur\u00e9lien Burban Publi\u00e9 le 16 juin 2025 \u00e0 19h43 \u00ab\u00a0C\u2019est un sujet sensible pour moi.\u00a0\u00bb Dans une&hellip;\n","protected":false},"author":2,"featured_media":181406,"comment_status":"","ping_status":"","sticky":false,"template":"","format":"standard","meta":{"footnotes":""},"categories":[1412],"tags":[10312,646,1451,1452,1453,1454,1455,1011,27,3090,104,60],"class_list":{"0":"post-181405","1":"post","2":"type-post","3":"status-publish","4":"format-standard","5":"has-post-thumbnail","7":"category-f1","8":"tag-24-heures-du-mans","9":"tag-automobile","10":"tag-f1","11":"tag-formula-1","12":"tag-formula1","13":"tag-formule-1","14":"tag-formule1","15":"tag-fr","16":"tag-france","17":"tag-francois-fillon","18":"tag-societe","19":"tag-sports"},"share_on_mastodon":{"url":"https:\/\/pubeurope.com\/@fr\/114694340150046191","error":""},"_links":{"self":[{"href":"https:\/\/www.europesays.com\/fr\/wp-json\/wp\/v2\/posts\/181405","targetHints":{"allow":["GET"]}}],"collection":[{"href":"https:\/\/www.europesays.com\/fr\/wp-json\/wp\/v2\/posts"}],"about":[{"href":"https:\/\/www.europesays.com\/fr\/wp-json\/wp\/v2\/types\/post"}],"author":[{"embeddable":true,"href":"https:\/\/www.europesays.com\/fr\/wp-json\/wp\/v2\/users\/2"}],"replies":[{"embeddable":true,"href":"https:\/\/www.europesays.com\/fr\/wp-json\/wp\/v2\/comments?post=181405"}],"version-history":[{"count":0,"href":"https:\/\/www.europesays.com\/fr\/wp-json\/wp\/v2\/posts\/181405\/revisions"}],"wp:featuredmedia":[{"embeddable":true,"href":"https:\/\/www.europesays.com\/fr\/wp-json\/wp\/v2\/media\/181406"}],"wp:attachment":[{"href":"https:\/\/www.europesays.com\/fr\/wp-json\/wp\/v2\/media?parent=181405"}],"wp:term":[{"taxonomy":"category","embeddable":true,"href":"https:\/\/www.europesays.com\/fr\/wp-json\/wp\/v2\/categories?post=181405"},{"taxonomy":"post_tag","embeddable":true,"href":"https:\/\/www.europesays.com\/fr\/wp-json\/wp\/v2\/tags?post=181405"}],"curies":[{"name":"wp","href":"https:\/\/api.w.org\/{rel}","templated":true}]}}