{"id":181411,"date":"2025-06-16T18:00:25","date_gmt":"2025-06-16T18:00:25","guid":{"rendered":"https:\/\/www.europesays.com\/fr\/181411\/"},"modified":"2025-06-16T18:00:25","modified_gmt":"2025-06-16T18:00:25","slug":"kate-middleton-sublime-apres-trooping-the-colour-elle-recycle-une-robe-dune-marque-adoree-des-stars-voici-son-prix","status":"publish","type":"post","link":"https:\/\/www.europesays.com\/fr\/181411\/","title":{"rendered":"Kate Middleton sublime apr\u00e8s Trooping the Colour : elle recycle une robe d\u2019une marque ador\u00e9e des stars, voici son prix"},"content":{"rendered":"<p>Samedi 14 juin \u00e9tait un jour important pour les britanniques.<br \/>\nComme tous les ans, le festival Trooping the Colour avait lieu \u00e0<br \/>\nLondres. Une v\u00e9ritable tradition. Pendant ce jour, les membres<br \/>\nactifs de la famille royale font tous une apparition au<br \/>\n<strong>balcon de Buckingham Palace<\/strong>. Le roi Charles III,<br \/>\nla reine Camilla, mais aussi, donc, William, <a href=\"https:\/\/www.closermag.fr\/royautes\/kate-middleton-pour-la-fete-des-peres-elle-a-rompu-avec-la-tradition-3555218\" target=\"_blank\" rel=\"noopener\"><br \/>\nKate Middleton<\/a>, et leurs trois enfants, George, Charlotte, et<br \/>\n<a href=\"https:\/\/www.closermag.fr\/royautes\/prince-louis-reprimande-publiquement-par-kate-middleton-les-reactions-ne-se-font-pas-attendre-3555126\" target=\"_blank\" rel=\"noopener\"><br \/>\nLouis r\u00e9primand\u00e9 publiquement<\/a>, ont tous pass\u00e9 une t\u00eate<br \/>\n(couronn\u00e9e).<\/p>\n<p>La future reine d&rsquo;Angleterre est apparue resplendissante. Pour<br \/>\nl&rsquo;occasion, elle avait recycl\u00e9 une <strong>robe blanche<br \/>\nmagnifique<\/strong> d\u00e9j\u00e0 port\u00e9e \u00e0 la <strong>chapelle Saint-George<br \/>\npour la c\u00e9r\u00e9monie de l&rsquo;ordre de la Jarreti\u00e8re<\/strong>, en 2021.<br \/>\nElle avait alors \u00e9t\u00e9 aper\u00e7ue riant aux c\u00f4t\u00e9s de la duchesse de<br \/>\nd&rsquo;\u00c9dimbourg, tout en regardant le cort\u00e8ge traverser le parc du<br \/>\nch\u00e2teau de Windsor.<\/p>\n<p>Kate Middleton : la marque f\u00e9tiche de<br \/>\nsa robe pla\u00eet \u00e0 d&rsquo;autres stars, dont Beyonc\u00e9 !<\/p>\n<p>Les hommes de la famille royale \u00e9taient quant \u00e0 eux pour la<br \/>\nplupart v\u00eatus de capes de velours bleus et de chapeaux en plumes<br \/>\nd&rsquo;autruche. Tradition oblige&#8230; Apr\u00e8s la c\u00e9r\u00e9monie o\u00f9 elle portait<br \/>\ndu bleu, la duchesse de Cambridge a recycl\u00e9 sa robe midi<br \/>\n<strong>Self Portrait Boucle and Chiffon.<\/strong> Son prix ?<br \/>\nEnviron 360 euros. Il s&rsquo;agit d&rsquo;une marque ador\u00e9e des stars.<br \/>\nBeyonc\u00e9, Jennifer Lopez, ou encore Olivia Palermo&#8230; Toutes ont<br \/>\nd\u00e9j\u00e0 succomb\u00e9 \u00e0 <strong>cette marque fond\u00e9e par Han<br \/>\nChong<\/strong>.<\/p>\n<blockquote class=\"twitter-tweet\"><p><a class=\"twitter-link\" rel=\"noindex, nofollow noopener\" href=\"https:\/\/twitter.com\/RE_DailyMail\/status\/1934605939685921090\" target=\"_blank\"><\/p><\/blockquote>\n<p>Pour les accessoires, Kate a choisi son collier de fausses<br \/>\nperles \u00e0 cinq rangs et ses boucles d&rsquo;oreilles assorties. Ils ont<br \/>\ntout deux \u00e9t\u00e9 con\u00e7us par la cr\u00e9atrice Susan Caplan. Elles sont<br \/>\nrecycl\u00e9s \u00e9galement. En effet, elle les portait auparavant au<br \/>\nconcert du <strong>80e anniversaire du jour de la Victoire en<br \/>\nEurope<\/strong>, en mars.<\/p>\n<p>Diaporama<br \/>\n<img decoding=\"async\" class=\"diapo_img img-responsive lazy-load\" loading=\"lazy\" src=\"https:\/\/www.europesays.com\/fr\/wp-content\/uploads\/2025\/06\/bestimage_00711227_000008-scaled.jpeg\"\/><\/p>\n<p>Dana Press \/ Bestimage<\/p>\n<p>1\/12 Kate Middleton sublime apr\u00e8s Trooping<br \/>\nthe Colour : elle recycle une robe d\u2019une marque ador\u00e9e des stars,<br \/>\nvoici son prix<\/p>\n<p>Le 14 juin 2025, la famille royale britannique assiste \u00e0 la<br \/>\nc\u00e9r\u00e9monie de l&rsquo;Ordre de la Jarreti\u00e8re \u00e0 la chapelle Saint-Georges<br \/>\ndu ch\u00e2teau de Windsor.\u00a0<\/p>\n<p><img decoding=\"async\" class=\"diapo_img img-responsive lazy-load\" loading=\"lazy\" src=\"https:\/\/www.europesays.com\/fr\/wp-content\/uploads\/2025\/06\/bestimage_00711223_000001-scaled.jpeg\"\/><\/p>\n<p>Ian Vogier\/MirrorPix\/Bestimage<\/p>\n<p>2\/12 Kate Middleton sublime apr\u00e8s Trooping<br \/>\nthe Colour : elle recycle une robe d\u2019une marque ador\u00e9e des stars,<br \/>\nvoici son prix<\/p>\n<p>Pour l&rsquo;occasion, Kate Middleton avait recycl\u00e9 une ancienne<br \/>\ntenue.\u00a0\u00a0<\/p>\n<p><img decoding=\"async\" class=\"diapo_img img-responsive lazy-load\" loading=\"lazy\" src=\"https:\/\/www.europesays.com\/fr\/wp-content\/uploads\/2025\/06\/bestimage_00711224_000013-scaled.jpeg\"\/><\/p>\n<p>Ian Vogier\/MirrorPix\/Bestimage<\/p>\n<p>3\/12 Kate Middleton sublime apr\u00e8s Trooping<br \/>\nthe Colour : elle recycle une robe d\u2019une marque ador\u00e9e des stars,<br \/>\nvoici son prix<\/p>\n<p>Le roi Charles III et la reine Camilla \u00e9taient aussi \u00e9videmment<br \/>\npr\u00e9sents<\/p>\n<p><img decoding=\"async\" class=\"diapo_img img-responsive lazy-load\" loading=\"lazy\" src=\"https:\/\/www.europesays.com\/fr\/wp-content\/uploads\/2025\/06\/bestimage_00711227_000013-scaled.jpeg\"\/><\/p>\n<p>Backgrid\/Bestimage<\/p>\n<p>4\/12 Kate Middleton sublime apr\u00e8s Trooping<br \/>\nthe Colour : elle recycle une robe d\u2019une marque ador\u00e9e des stars,<br \/>\nvoici son prix<\/p>\n<p>Ils portaient la tenue traditionnelle habituelle.\u00a0<\/p>\n<p><img decoding=\"async\" class=\"diapo_img img-responsive lazy-load\" loading=\"lazy\" src=\"https:\/\/www.europesays.com\/fr\/wp-content\/uploads\/2025\/06\/bestimage_00711227_000023-scaled.jpeg\"\/><\/p>\n<p>Backgrid\/Bestimage<\/p>\n<p>5\/12 Kate Middleton sublime apr\u00e8s Trooping<br \/>\nthe Colour : elle recycle une robe d\u2019une marque ador\u00e9e des stars,<br \/>\nvoici son prix<\/p>\n<p>Tout comme le prince Edward, le duc d&rsquo;Edimburgh, et le Prince<br \/>\nWilliam.<\/p>\n<p><img decoding=\"async\" class=\"diapo_img img-responsive lazy-load\" loading=\"lazy\" src=\"https:\/\/www.europesays.com\/fr\/wp-content\/uploads\/2025\/06\/bestimage_00711223_000005-scaled.jpeg\"\/><\/p>\n<p>Backgrid\/Bestimage<\/p>\n<p>6\/12 Kate Middleton sublime apr\u00e8s Trooping<br \/>\nthe Colour : elle recycle une robe d\u2019une marque ador\u00e9e des stars,<br \/>\nvoici son prix<\/p>\n<p>Sophie de Wessex \u00e9tait aussi pr\u00e9sente, en rose poudr\u00e9.<\/p>\n<p><img decoding=\"async\" class=\"diapo_img img-responsive lazy-load\" loading=\"lazy\" src=\"https:\/\/www.europesays.com\/fr\/wp-content\/uploads\/2025\/06\/bestimage_00710995_000007-scaled.jpeg\"\/><\/p>\n<p>Ian Vogier\/MirrorPix\/Bestimage<\/p>\n<p>7\/12 Kate Middleton sublime apr\u00e8s Trooping<br \/>\nthe Colour : elle recycle une robe d\u2019une marque ador\u00e9e des stars,<br \/>\nvoici son prix<\/p>\n<p>Les membres de la famille royale britannique se sont r\u00e9unis \u00e0<br \/>\nBuckingham Palace lors de la c\u00e9r\u00e9monie Trooping the Colour \u00e0<br \/>\nLondres.<\/p>\n<p><img decoding=\"async\" class=\"diapo_img img-responsive lazy-load\" loading=\"lazy\" src=\"https:\/\/www.europesays.com\/fr\/wp-content\/uploads\/2025\/06\/bestimage_00710995_000001.jpeg\"\/><\/p>\n<p>Dana Press \/ Bestimage<\/p>\n<p>8\/12 Kate Middleton sublime apr\u00e8s Trooping<br \/>\nthe Colour : elle recycle une robe d\u2019une marque ador\u00e9e des stars,<br \/>\nvoici son prix<\/p>\n<p>Charles III et Camilla Parker Bowles en grande<br \/>\nconversation\u00a0<\/p>\n<p><img decoding=\"async\" class=\"diapo_img img-responsive lazy-load\" loading=\"lazy\" src=\"https:\/\/www.europesays.com\/fr\/wp-content\/uploads\/2025\/06\/bestimage_00711227_000033-1.jpeg\"\/><\/p>\n<p>Dana Press \/ Bestimage<\/p>\n<p>9\/12 Kate Middleton sublime apr\u00e8s Trooping<br \/>\nthe Colour : elle recycle une robe d\u2019une marque ador\u00e9e des stars,<br \/>\nvoici son prix<\/p>\n<p>On voit ici bien la robe de Kate Middleton\u00a0<\/p>\n<p><img decoding=\"async\" class=\"diapo_img img-responsive lazy-load\" loading=\"lazy\" src=\"https:\/\/www.europesays.com\/fr\/wp-content\/uploads\/2025\/06\/bestimage_00711227_000031-1.jpeg\"\/><\/p>\n<p>Bestimage<\/p>\n<p>10\/12 Kate Middleton sublime apr\u00e8s Trooping<br \/>\nthe Colour : elle recycle une robe d\u2019une marque ador\u00e9e des stars,<br \/>\nvoici son prix<\/p>\n<p>Son prix avoisine les 360 euros\u00a0<\/p>\n<p><img decoding=\"async\" class=\"diapo_img img-responsive lazy-load\" loading=\"lazy\" src=\"https:\/\/www.europesays.com\/fr\/wp-content\/uploads\/2025\/06\/bestimage_00711227_000014-2.jpeg\"\/><\/p>\n<p>Bestimage<\/p>\n<p>11\/12 Kate Middleton sublime apr\u00e8s Trooping<br \/>\nthe Colour : elle recycle une robe d\u2019une marque ador\u00e9e des stars,<br \/>\nvoici son prix<\/p>\n<p>La marque de cette robe est Self-Portrait, une marque ch\u00e9rie des<br \/>\nstars<\/p>\n<p><img decoding=\"async\" class=\"diapo_img img-responsive lazy-load\" loading=\"lazy\" src=\"https:\/\/www.europesays.com\/fr\/wp-content\/uploads\/2025\/06\/bestimage_00710995_000020-scaled.jpeg\"\/><\/p>\n<p>Bestimage<\/p>\n<p>12\/12 Kate Middleton sublime apr\u00e8s Trooping<br \/>\nthe Colour : elle recycle une robe d\u2019une marque ador\u00e9e des stars,<br \/>\nvoici son prix<\/p>\n<p>Avant \u00e7a, Kate Middleton est arriv\u00e9e sublime \u00e0 Trooping the<br \/>\nColour<\/p>\n<p><script async src=\"https:\/\/platform.twitter.com\/widgets.js\" charset=\"utf-8\"><\/script><\/p>\n","protected":false},"excerpt":{"rendered":"Samedi 14 juin \u00e9tait un jour important pour les britanniques. Comme tous les ans, le festival Trooping the&hellip;\n","protected":false},"author":2,"featured_media":181412,"comment_status":"","ping_status":"","sticky":false,"template":"","format":"standard","meta":{"footnotes":""},"categories":[1359],"tags":[58,59,1011,27,1638,5858,973],"class_list":{"0":"post-181411","1":"post","2":"type-post","3":"status-publish","4":"format-standard","5":"has-post-thumbnail","7":"category-people","8":"tag-divertissement","9":"tag-entertainment","10":"tag-fr","11":"tag-france","12":"tag-has_diapo","13":"tag-kate-middleton","14":"tag-people"},"share_on_mastodon":{"url":"https:\/\/pubeurope.com\/@fr\/114694352556037736","error":""},"_links":{"self":[{"href":"https:\/\/www.europesays.com\/fr\/wp-json\/wp\/v2\/posts\/181411","targetHints":{"allow":["GET"]}}],"collection":[{"href":"https:\/\/www.europesays.com\/fr\/wp-json\/wp\/v2\/posts"}],"about":[{"href":"https:\/\/www.europesays.com\/fr\/wp-json\/wp\/v2\/types\/post"}],"author":[{"embeddable":true,"href":"https:\/\/www.europesays.com\/fr\/wp-json\/wp\/v2\/users\/2"}],"replies":[{"embeddable":true,"href":"https:\/\/www.europesays.com\/fr\/wp-json\/wp\/v2\/comments?post=181411"}],"version-history":[{"count":0,"href":"https:\/\/www.europesays.com\/fr\/wp-json\/wp\/v2\/posts\/181411\/revisions"}],"wp:featuredmedia":[{"embeddable":true,"href":"https:\/\/www.europesays.com\/fr\/wp-json\/wp\/v2\/media\/181412"}],"wp:attachment":[{"href":"https:\/\/www.europesays.com\/fr\/wp-json\/wp\/v2\/media?parent=181411"}],"wp:term":[{"taxonomy":"category","embeddable":true,"href":"https:\/\/www.europesays.com\/fr\/wp-json\/wp\/v2\/categories?post=181411"},{"taxonomy":"post_tag","embeddable":true,"href":"https:\/\/www.europesays.com\/fr\/wp-json\/wp\/v2\/tags?post=181411"}],"curies":[{"name":"wp","href":"https:\/\/api.w.org\/{rel}","templated":true}]}}