{"id":181413,"date":"2025-06-16T18:01:17","date_gmt":"2025-06-16T18:01:17","guid":{"rendered":"https:\/\/www.europesays.com\/fr\/181413\/"},"modified":"2025-06-16T18:01:17","modified_gmt":"2025-06-16T18:01:17","slug":"pres-de-turin-un-interieur-au-chic-colore-signe-marcante-testa","status":"publish","type":"post","link":"https:\/\/www.europesays.com\/fr\/181413\/","title":{"rendered":"Pr\u00e8s de Turin, un int\u00e9rieur au chic color\u00e9, sign\u00e9 Marcante Testa"},"content":{"rendered":"<p>Une r\u00e9alisation de Marcante Testa \u00e9minemment italienne<\/p>\n<p>Dans le salon, devant le canap\u00e9 M.a.s.s.a.s. (Moroso) avec ses coussins (Liberty London et M\u00e9taphores), un fauteuil (Abellonio Ivano Antichit\u00e0), une table basse et un tabouret (Cimento). Tapis dessin\u00e9 par Marcante Testa (Carpet Edition). Lampes Akari (Vitra) customis\u00e9es avec de la passementerie (MV 1843). Papiers peints et fresque d\u2019origine, sol en tomettes artisanales (Fornace Brioni). Sur la chemin\u00e9e, tableau et sculptures du d\u00e9but XXe (Galleria Tomaso e Urbano Costa).<\/p>\n<p>R\u00e9alisation : Sarah de Beaumont \u2014 Photos : Matthieu Salvaing<\/p>\n<p>Nous sommes ici \u00e0 Saluzzo. Peut-\u00eatre que le nom de cette petite ville m\u00e9di\u00e9vale au sud de <a href=\"https:\/\/www.admagazine.fr\/decoration\/visite-deco\/diaporama\/un-appartement-signe-dimorestudio-dans-un-palais-a-turin\/60444\" rel=\"nofollow noopener\" target=\"_blank\">Turin<\/a> ne vous dit rien et pourtant son marquisat fut puissant, avant de se retrouver au centre de plusieurs batailles entre les Savoie et le Dauphin\u00e9. Cette histoire, Andrea Marcante et Adelaide Testa la connaissent bien : non seulement leur agence turinoise est voisine, mais l\u2019appartement de leur client se trouvait au c\u0153ur du centre historique&#8230; plut\u00f4t XIXe si\u00e8cle en l\u2019occurrence, d\u2019apr\u00e8s ce que la grande fresque et le papier peint fran\u00e7ais retrouv\u00e9s dans le salon avaient l\u2019air d\u2019indiquer. Co\u00efncidence heureuse vu que le duo avait justement mis\u00e9 sur une palette de <a href=\"https:\/\/www.admagazine.fr\/advisitesprivees\/article\/paris-interieur-inspire-belles-tonalites\" rel=\"nofollow noopener\" target=\"_blank\">tonalit\u00e9s<\/a> de cette \u00e9poque, qui lui a permis de tisser un fil rouge \u00e0 travers toutes les pi\u00e8ces de la maison qui, elles, n\u2019avaient rien conserv\u00e9 du faste d\u2019antan, \u00e0 part quelques beaux restes sur le plafond de la salle \u00e0 manger. Peu importe, les propri\u00e9taires voulaient quelque chose de moderne avec le confort qui va avec.<\/p>\n<p>Vue de la Torre Civica de Saluzzo depuis la maison.<\/p>\n<p>R\u00e9alisation : Sarah de Beaumont \u2014 Photos : Matthieu Salvaing<\/p>\n<p>La fresque d\u2019\u00e9poque qui surplombe le salon.<\/p>\n<p>R\u00e9alisation : Sarah de Beaumont \u2014 Photos : Matthieu SalvaingUn lieu aux vies ant\u00e9rieures<\/p>\n<p>Ainsi, le chauffage au sol a par exemple n\u00e9cessit\u00e9 d\u2019enlever le carrelage en terre cuite pour mieux le reposer ensuite. Car Marcante Testa ne voulait pas perdre pour autant <a href=\"https:\/\/www.admagazine.fr\/adinspiration\/article\/comment-adopter-esprit-loft-chez-soi\" rel=\"nofollow noopener\" target=\"_blank\">l\u2019esprit de la maison<\/a> et tout ce qui pouvait \u00e9voquer ses vies ant\u00e9rieures : \u00ab \u00c9videmment nous ne sommes ni historiens ni restaurateurs, mais nous faisons nos recherches, confie Adelaide Testa. C\u2019est int\u00e9ressant car la maison n\u2019\u00e9tait pas r\u00e9ellement habit\u00e9e avant, mais avait plut\u00f4t l\u2019air d\u2019\u00eatre une maison de vacances pour l\u2019\u00e9t\u00e9. C\u2019est tr\u00e8s \u00e9vocateur car une maison de vacances implique quelque chose de plus libre, ce qui nous a servi d\u2019inspiration pour cette stratification des \u00e9poques et par rapport aux r\u00e9f\u00e9rences que nous avons ajout\u00e9es. Par exemple, je vois la <a href=\"https:\/\/www.admagazine.fr\/article\/chambre-moderne-inspirations-fortes\" rel=\"nofollow noopener\" target=\"_blank\">chambre<\/a> des parents et la cuisine un peu ann\u00e9es 1960. Non pas qu\u2019il s\u2019agisse d\u2019un renvoi strictement stylistique \u00e0 une \u00e9poque, mais \u00e0 un temps de vacances. \u00bb<\/p>\n<p>\u00ab L\u2019espace peut \u00eatre organis\u00e9 \u00e0 travers les murs mais aussi diff\u00e9remment par une s\u00e9paration, une couleur, un cadre&#8230; \u00bb<\/p>\n<p>Les architectes, d\u00e9corateurs et designers Marcante Testa<\/p>\n<p>Dans la cuisine, autour d\u2019une table LC15 de Le Corbusier, des chaises Superleggera de Gio Ponti (Cassina). Derri\u00e8re, une s\u00e9paration sur mesure en acier et weng\u00e9 avec rideaux (Kvadrat). Suspension Cirio (Santa &amp; Cole). Vase en terre cuite (Abellonio Ivano Antichit\u00e0). Papier peint (Zuber). Sol en terrazzo dessin\u00e9 par Marcante Testa.<\/p>\n<p>R\u00e9alisation : Sarah de Beaumont \u2014 Photos : Matthieu SalvaingDes volumes dans les volumes<\/p>\n<p>Une mani\u00e8re de sugg\u00e9rer les choses avec une certaine subtilit\u00e9, traitant notamment les murs par tranches pour souligner les \u00e9l\u00e9ments architecturaux historiques et les rattacher \u00e0 ceux d\u2019aujourd\u2019hui, brouillant quelque peu les pistes de ce qui a \u00e9t\u00e9 ou pas. La hauteur d\u2019un meuble, d\u2019une porte ou d\u2019une fen\u00eatre, la couleur d\u2019un mur, sa mati\u00e8re, tout est pr\u00e9texte \u00e0 cr\u00e9er une grille de lecture du projet. Pour cause, Marcante Testa est pass\u00e9 ma\u00eetre dans l\u2019art de dessiner des <a href=\"https:\/\/www.admagazine.fr\/advisitesprivees\/article\/petit-espace-45-m2-en-jeux-de-volumes-et-de-matieres-a-south-pigalle\" rel=\"nofollow noopener\" target=\"_blank\">volumes<\/a> dans les volumes, sorte de mise en ab\u00eeme qui leur a bien servi dans un appartement aux salles si grandes.<\/p>\n<p>Sur la terrasse, deux fauteuils color\u00e9s (Cappellini).<\/p>\n<p>R\u00e9alisation : Sarah de Beaumont \u2014 Photos : Matthieu Salvaing<\/p>\n<p>Vue sur la cuisine dessin\u00e9e par Marcante Testa. Sur les portes restaur\u00e9es, une peinture (Ressource). Appliques Marcante Testa en soie moir\u00e9e. Sol en terrazzo (Grandinetti).<\/p>\n<p>R\u00e9alisation : Sarah de Beaumont \u2014 Photos : Matthieu Salvaing<\/p>\n<p>Comment parvenir \u00e0 cr\u00e9er une atmosph\u00e8re quand les meubles pourraient se perdre dans l\u2019espace ? Gr\u00e2ce au dessin, bien s\u00fbr : une s\u00e9paration circulaire pour d\u00e9limiter la cuisine et mieux envelopper la salle \u00e0 manger, un meuble de t\u00e9l\u00e9vision sur mesure pour redimensionner le salon, une trame m\u00e9tallique pour encadrer le dressing d\u2019une chambre, les trouvailles sont multiples.<\/p>\n<p>\u00ab La maison avait plut\u00f4t l\u2019air d\u2019\u00eatre une maison de vacances, ce qui nous a servi d\u2019inspiration. \u00bb<\/p>\n<p>Les architectes, d\u00e9corateurs et designers Marcante Testa<\/p>\n<p>Dans la chambre, sous Wet Fires, une \u0153uvre de Georgie Hopton, 2023, une t\u00eate de lit sur mesure avec miroir et tables de chevet int\u00e9gr\u00e9s. Couvre-lit en soie (Gegia Bronzini). Applique (Rossi Illuminazione). Papier peint (Zuber).<\/p>\n<p>R\u00e9alisation : Sarah de Beaumont \u2014 Photos : Matthieu Salvaing<\/p>\n<p>Dans la salle de bains, le meuble-vasque est sign\u00e9 Marcante Testa, issu de la collection Nostalgia (Ex.t). Miroirs sur mesure et robinets Helm (Zucchetti).<\/p>\n<p>R\u00e9alisation : Sarah de Beaumont \u2014 Photos : Matthieu SalvaingUne fonctionnalit\u00e9 magique<\/p>\n<p>Andrea Marcante le confirme : \u00ab L\u2019espace peut \u00eatre organis\u00e9 \u00e0 travers les murs mais aussi diff\u00e9remment par une s\u00e9paration, une <a href=\"https:\/\/www.admagazine.fr\/article\/tendances-2025-couleurs-salon\" rel=\"nofollow noopener\" target=\"_blank\">couleur<\/a>, un cadre&#8230; Cela correspond \u00e0 un besoin de modifier un espace sans intervenir de mani\u00e8re traditionnelle ; autrement dit, changer les cloisons. Nos choix stylistiques sont toujours motiv\u00e9s par des questions fonctionnelles : un plan, la mani\u00e8re dont est divis\u00e9 un espace et comment l\u2019am\u00e9liorer, tout part de l\u2019architecture. Ensuite, on peut rev\u00eatir, articuler, enrichir&#8230; D\u2019abord l\u2019espace, et tout le reste suit. \u00bb Il n\u2019y a plus qu\u2019\u00e0 laisser la magie op\u00e9rer, s\u2019asseoir sur la grande terrasse et contempler la ville. Vu d\u2019ici, on comprend mieux pourquoi les <a href=\"https:\/\/www.admagazine.fr\/article\/beaux-interieurs-italiens-tous-les-temps\" rel=\"nofollow noopener\" target=\"_blank\">Italiens<\/a> et les Fran\u00e7ais se sont disput\u00e9 Saluzzo si \u00e2prement.<\/p>\n<p>Dans la chambre, devant un dressing imagin\u00e9 par Marcante Testa, une banquette tiss\u00e9e (Edmond Petit et Veraseta).<\/p>\n<p>R\u00e9alisation : Sarah de Beaumont \u2014 Photos : Matthieu Salvaing<\/p>\n<p>Dans le couloir, le sol en terrazzo borde les carreaux de ciment originaux r\u00e9cup\u00e9r\u00e9s. Au plafond, les suspensions sont sign\u00e9es Marcante Testa et r\u00e9alis\u00e9es, \u00e0 Turin, par Marita Paralumi avec un tissu (Pierre Frey).<\/p>\n<p>R\u00e9alisation : Sarah de Beaumont \u2014 Photos : Matthieu Salvaing<\/p>\n<p>Dans la salle de bains, derri\u00e8re la baignoire (Gentry Home), des robinets (Zucchetti). Aux murs, le carrelage Dekorami est sign\u00e9 Marcante Testa (Ceramica Vogue). Appliques (Rossi Illuminazione).<\/p>\n<p>R\u00e9alisation : Sarah de Beaumont \u2014 Photos : Matthieu Salvaing<\/p>\n","protected":false},"excerpt":{"rendered":"Une r\u00e9alisation de Marcante Testa \u00e9minemment italienne Dans le salon, devant le canap\u00e9 M.a.s.s.a.s. (Moroso) avec ses coussins&hellip;\n","protected":false},"author":2,"featured_media":181414,"comment_status":"","ping_status":"","sticky":false,"template":"","format":"standard","meta":{"footnotes":""},"categories":[1358],"tags":[1348,1384,1385,1386,58,59,1011,27,452],"class_list":{"0":"post-181413","1":"post","2":"type-post","3":"status-publish","4":"format-standard","5":"has-post-thumbnail","7":"category-arts-et-design","8":"tag-arts","9":"tag-arts-and-design","10":"tag-arts-et-design","11":"tag-design","12":"tag-divertissement","13":"tag-entertainment","14":"tag-fr","15":"tag-france","16":"tag-italie"},"share_on_mastodon":{"url":"https:\/\/pubeurope.com\/@fr\/114694356230257116","error":""},"_links":{"self":[{"href":"https:\/\/www.europesays.com\/fr\/wp-json\/wp\/v2\/posts\/181413","targetHints":{"allow":["GET"]}}],"collection":[{"href":"https:\/\/www.europesays.com\/fr\/wp-json\/wp\/v2\/posts"}],"about":[{"href":"https:\/\/www.europesays.com\/fr\/wp-json\/wp\/v2\/types\/post"}],"author":[{"embeddable":true,"href":"https:\/\/www.europesays.com\/fr\/wp-json\/wp\/v2\/users\/2"}],"replies":[{"embeddable":true,"href":"https:\/\/www.europesays.com\/fr\/wp-json\/wp\/v2\/comments?post=181413"}],"version-history":[{"count":0,"href":"https:\/\/www.europesays.com\/fr\/wp-json\/wp\/v2\/posts\/181413\/revisions"}],"wp:featuredmedia":[{"embeddable":true,"href":"https:\/\/www.europesays.com\/fr\/wp-json\/wp\/v2\/media\/181414"}],"wp:attachment":[{"href":"https:\/\/www.europesays.com\/fr\/wp-json\/wp\/v2\/media?parent=181413"}],"wp:term":[{"taxonomy":"category","embeddable":true,"href":"https:\/\/www.europesays.com\/fr\/wp-json\/wp\/v2\/categories?post=181413"},{"taxonomy":"post_tag","embeddable":true,"href":"https:\/\/www.europesays.com\/fr\/wp-json\/wp\/v2\/tags?post=181413"}],"curies":[{"name":"wp","href":"https:\/\/api.w.org\/{rel}","templated":true}]}}