{"id":181417,"date":"2025-06-16T18:03:21","date_gmt":"2025-06-16T18:03:21","guid":{"rendered":"https:\/\/www.europesays.com\/fr\/181417\/"},"modified":"2025-06-16T18:03:21","modified_gmt":"2025-06-16T18:03:21","slug":"t-18-dix-jours-apres-son-lancement-que-vaut-la-nouvelle-chaine-de-la-tnt","status":"publish","type":"post","link":"https:\/\/www.europesays.com\/fr\/181417\/","title":{"rendered":"T 18\u00a0: dix jours apr\u00e8s son lancement, que vaut la nouvelle cha\u00eene de la TNT\u00a0?"},"content":{"rendered":"<p class=\"paragraph text_align_left\">\u00ab Objectivement, nous sommes tr\u00e8s satisfaits. Nous avons lanc\u00e9 une cha\u00eene en six mois dans un groupe qui ne faisait pas de t\u00e9l\u00e9vision. Nous n\u2019avons pas eu de probl\u00e8mes sur ces dix premiers jours de diffusion et les premiers retours sont excellents. \u00bb Au t\u00e9l\u00e9phone ce lundi, Christopher Baldelli est heureux. Le patron se dit satisfait du <a href=\"https:\/\/www.leparisien.fr\/culture-loisirs\/tv\/il-est-19h45-laurent-ruquier-donne-le-coup-denvoi-de-t18-dans-les-coulisses-du-lancement-de-la-nouvelle-chaine-06-06-2025-LM7NB3DSO5AXPOX34EH22Q4GOE.php\" target=\"_blank\" rel=\"noreferrer nofollow noopener\">lancement de T 18<\/a>, la nouvelle cha\u00eene du <a href=\"https:\/\/www.leparisien.fr\/culture-loisirs\/tv\/nouvelle-numerotation-des-chaines-de-la-tnt-ce-qui-change-les-arrivees-les-enjeux-les-questions-que-lon-se-pose-05-06-2025-SCNNJ27ZFBCU5G5EW5X3IWHCB4.php\" target=\"_blank\" rel=\"noreferrer nofollow noopener\">canal 18 de la TNT<\/a> lanc\u00e9e le vendredi 6 juin dernier par le groupe CMI M\u00e9dia (\u00ab T\u00e9l\u00e9 7 Jours \u00bb, \u00ab Elle \u00bb\u2026).<\/p>\n<p class=\"paragraph text_align_left\">Dot\u00e9e d\u2019un budget annuel de 30 millions d\u2019euros \u2015 quand C 8, W 9 ou encore TMC se situent autour de 100 millions \u2015, la cha\u00eene se repose sur trois magazines maison et des acquisitions. Rod\u00e9 \u00e0 l\u2019exercice, <a href=\"https:\/\/www.leparisien.fr\/culture-loisirs\/tv\/chez-ruquier-sur-t18-lanimateur-vedette-comme-a-la-maison-14-06-2025-5PD4FYQUJBHFFE4WEOXU4JGOKQ.php\" target=\"_blank\" rel=\"noreferrer nofollow noopener\">Laurent Ruquier s\u2019est senti comme dans des chaussons pour \u00ab Chez Ruquier \u00bb <\/a>samedi dernier. <a href=\"https:\/\/www.leparisien.fr\/culture-loisirs\/tv\/matthieu-croissandeau-arrive-sur-t18-jespere-une-liberte-de-ton-sans-tomber-dans-le-cafe-du-commerce-04-06-2025-LJ5YKE3NFNEUFGHYMWAZIP7FFE.php\" target=\"_blank\" rel=\"noreferrer nofollow noopener\">Matthieu Croissandeau<\/a> semble trouver peu \u00e0 peu son rythme avec sa quotidienne d\u2019actualit\u00e9 \u00ab Pour tout dire \u00bb en deuxi\u00e8me partie de soir\u00e9e, tandis qu\u2019Ava Djamshidi paraissait un peu intimid\u00e9e lundi dernier pour la premi\u00e8re d\u2019\u00ab (En) qu\u00eate de sens \u00bb, d\u00e9bat qui suivait un documentaire sur la charge mentale.<\/p>\n","protected":false},"excerpt":{"rendered":"\u00ab Objectivement, nous sommes tr\u00e8s satisfaits. Nous avons lanc\u00e9 une cha\u00eene en six mois dans un groupe qui&hellip;\n","protected":false},"author":2,"featured_media":181418,"comment_status":"","ping_status":"","sticky":false,"template":"","format":"standard","meta":{"footnotes":""},"categories":[1356],"tags":[872,58,59,1011,27,252,2205,1364],"class_list":{"0":"post-181417","1":"post","2":"type-post","3":"status-publish","4":"format-standard","5":"has-post-thumbnail","7":"category-television","8":"tag-culture-et-loisirs","9":"tag-divertissement","10":"tag-entertainment","11":"tag-fr","12":"tag-france","13":"tag-television","14":"tag-television-medias","15":"tag-tv"},"share_on_mastodon":{"url":"https:\/\/pubeurope.com\/@fr\/114694363848454049","error":""},"_links":{"self":[{"href":"https:\/\/www.europesays.com\/fr\/wp-json\/wp\/v2\/posts\/181417","targetHints":{"allow":["GET"]}}],"collection":[{"href":"https:\/\/www.europesays.com\/fr\/wp-json\/wp\/v2\/posts"}],"about":[{"href":"https:\/\/www.europesays.com\/fr\/wp-json\/wp\/v2\/types\/post"}],"author":[{"embeddable":true,"href":"https:\/\/www.europesays.com\/fr\/wp-json\/wp\/v2\/users\/2"}],"replies":[{"embeddable":true,"href":"https:\/\/www.europesays.com\/fr\/wp-json\/wp\/v2\/comments?post=181417"}],"version-history":[{"count":0,"href":"https:\/\/www.europesays.com\/fr\/wp-json\/wp\/v2\/posts\/181417\/revisions"}],"wp:featuredmedia":[{"embeddable":true,"href":"https:\/\/www.europesays.com\/fr\/wp-json\/wp\/v2\/media\/181418"}],"wp:attachment":[{"href":"https:\/\/www.europesays.com\/fr\/wp-json\/wp\/v2\/media?parent=181417"}],"wp:term":[{"taxonomy":"category","embeddable":true,"href":"https:\/\/www.europesays.com\/fr\/wp-json\/wp\/v2\/categories?post=181417"},{"taxonomy":"post_tag","embeddable":true,"href":"https:\/\/www.europesays.com\/fr\/wp-json\/wp\/v2\/tags?post=181417"}],"curies":[{"name":"wp","href":"https:\/\/api.w.org\/{rel}","templated":true}]}}