{"id":181425,"date":"2025-06-16T18:08:11","date_gmt":"2025-06-16T18:08:11","guid":{"rendered":"https:\/\/www.europesays.com\/fr\/181425\/"},"modified":"2025-06-16T18:08:11","modified_gmt":"2025-06-16T18:08:11","slug":"evincee-du-20-heures-de-france-2-anne-sophie-lapix-rebondit-chez-le-groupe-m6","status":"publish","type":"post","link":"https:\/\/www.europesays.com\/fr\/181425\/","title":{"rendered":"\u00c9vinc\u00e9e du \u00ab\u00a020 Heures\u00a0\u00bb de France\u00a02, Anne-Sophie Lapix rebondit chez le groupe M6"},"content":{"rendered":"<p>La journaliste officiera \u00e0 la fois sur RTL et sur M6. Le groupe souhaite mettre l\u2019accent sur l\u2019information dans la perspective de la s\u00e9quence \u00e9lectorale \u00e0 venir.<\/p>\n<p class=\"fig-paragraph\">C\u2019est une belle prise pour le groupe M6. Trois semaines apr\u00e8s avoir \u00e9t\u00e9\u00a0<a href=\"http:\/\/www.lefigaro.fr\/flash-actu\/anne-sophie-lapix-va-quitter-la-presentation-du-20-heures-de-france-2-mi-juillet-20250527\" data-fig-type=\"NewsFlash\" data-gtm-custom-categorie=\"navigation\" data-gtm-custom-action=\"crossclick\" data-gtm-custom-label=\"Contextuel\" data-gtm-event=\"customEventSPE\" data-fig-domain=\"LEFIGARO\" target=\"_blank\" rel=\"noopener\">\u00e9cart\u00e9e du \u00ab\u00a020 Heures\u00a0\u00bb de France 2<\/a>, Anne-Sophie Lapix r\u00e9pond \u00e0 l\u2019appel du groupe de\u00a0<a href=\"http:\/\/www.lefigaro.fr\/medias\/david-larramendy-mon-cap-est-clair-accelerer-la-transformation-du-groupe-m6-20240723\" target=\"_blank\" data-fig-type=\"Article\" rel=\"noopener\" data-gtm-custom-categorie=\"navigation\" data-gtm-custom-action=\"crossclick\" data-gtm-custom-label=\"Contextuel\" data-gtm-event=\"customEventSPE\" data-fig-domain=\"LEFIGARO\">David Larramendy<\/a>. La journaliste, qui pr\u00e9sentait depuis plus de huit ans le JT de France\u00a02, prendra les commandes \u00e0 la rentr\u00e9e du 18\/20 de RTL. Outre son arriv\u00e9e sur les ondes de la deuxi\u00e8me radio de France, Anne-Sophie Lapix gardera un pied dans le petit \u00e9cran. Elle animera, en effet, chaque semaine sur M6, un grand entretien dominical avec une personnalit\u00e9 qui fait l\u2019actualit\u00e9. Un retour aux sources pour celle qui a pr\u00e9sent\u00e9 le magazine \u00ab\u00a0Zone Interdite\u00a0\u00bb au d\u00e9but des ann\u00e9es 2000.<\/p>\n<p class=\"fig-paragraph\">Avec ces deux rendez-vous, la journaliste de 53\u00a0ans portera \u00ab\u00a0d\u00e8s la rentr\u00e9e, une ambition \u00e9ditoriale forte en mati\u00e8re d\u2019information\u00a0\u00bb, pr\u00e9cise le groupe M6. Sur RTL, elle pr\u00e9sentera d\u2019abord la tranche 18h-19h15 consacr\u00e9e \u00e0 l\u2019information, puis \u00ab\u00a0On refait le monde\u00a0\u00bb, une \u00e9mission de d\u00e9bats et de d\u00e9cryptage. \u00ab\u00a0Nous lui souhaitons un plein\u2026<\/p>\n<p class=\"fig-premium-paywall__infos\">\n        Cet article est r\u00e9serv\u00e9 aux abonn\u00e9s.        Il vous reste 80% \u00e0 d\u00e9couvrir.\n    <\/p>\n<p>                <img  data- alt=\"Le Figaro\" class=\"fig-img--complete fig-img\"\/><\/p>\n<p class=\"fig-premium-paywall__title\">Vente Flash<\/p>\n<p class=\"fig-premium-paywall__subtitle\">3,99\u20ac par mois pendant 12 mois. Sans engagement.<\/p>\n<p class=\"fig-premium-paywall__connect\">\n                D\u00e9j\u00e0 abonn\u00e9\u00a0?                <a class=\"fig-premium-paywall__connect-link\" href=\"https:\/\/connect.lefigaro.fr\/login?client=horizon_web&amp;type=main&amp;redirect_uri=https%3A%2F%2Fwww.lefigaro.fr%2Fmedias%2Fevincee-du-20-heures-de-france-2-anne-sophie-lapix-rebondit-chez-le-groupe-m6-20250616\" data-js-gtm=\"{&quot;customCategorie&quot;: &quot;conversion&quot;, &quot;customAction&quot;: &quot;before_Landing_Connexion_paywall_auto&quot;, &quot;customLabel&quot;: &quot;bGVmaWdhcm8uZnJfXzFmMDRhOThjLWY3NDgtNmJhNi04NjA5LWI1MmJlYTM3OTkzNF9fTmV3c0ZsYXNo_\u00c9vinc\u00e9e du \u00ab\u00a020 Heures\u00a0\u00bb de France\u00a02, Anne-Sophie Lapix rebondit chez le groupe M6_345&quot;, &quot;customIDSPE&quot;: &quot;bGVmaWdhcm8uZnJfXzFmMDRhOThjLWY3NDgtNmJhNi04NjA5LWI1MmJlYTM3OTkzNF9fTmV3c0ZsYXNo&quot;, &quot;event&quot;: &quot;customEventSPE&quot;}\" target=\"_blank\" rel=\"noopener\"><br \/>\n                    Connectez-vous<br \/>\n                <\/a>\n            <\/p>\n","protected":false},"excerpt":{"rendered":"La journaliste officiera \u00e0 la fois sur RTL et sur M6. Le groupe souhaite mettre l\u2019accent sur l\u2019information&hellip;\n","protected":false},"author":2,"featured_media":181426,"comment_status":"","ping_status":"","sticky":false,"template":"","format":"standard","meta":{"footnotes":""},"categories":[8],"tags":[21313,5717,58,59,1011,27,594,5724,5720,5725,5719,5723,494,5722,5721,5718,5715,5714,1834,2700,5726,252,1364,5716],"class_list":{"0":"post-181425","1":"post","2":"type-post","3":"status-publish","4":"format-standard","5":"has-post-thumbnail","7":"category-divertissement","8":"tag-anne-sophie-lapix","9":"tag-bibendum","10":"tag-divertissement","11":"tag-entertainment","12":"tag-fr","13":"tag-france","14":"tag-france-2","15":"tag-geant-vert","16":"tag-herisson-ernie-spontex","17":"tag-la-laitiere","18":"tag-lapin-duracell","19":"tag-mms","20":"tag-m6","21":"tag-mamie-nova","22":"tag-mr-marie","23":"tag-mr-propre","24":"tag-personnage-publicitaire","25":"tag-pub","26":"tag-publicite","27":"tag-rtl","28":"tag-tele","29":"tag-television","30":"tag-tv","31":"tag-vache-qui-rit"},"share_on_mastodon":{"url":"https:\/\/pubeurope.com\/@fr\/114694383731269979","error":""},"_links":{"self":[{"href":"https:\/\/www.europesays.com\/fr\/wp-json\/wp\/v2\/posts\/181425","targetHints":{"allow":["GET"]}}],"collection":[{"href":"https:\/\/www.europesays.com\/fr\/wp-json\/wp\/v2\/posts"}],"about":[{"href":"https:\/\/www.europesays.com\/fr\/wp-json\/wp\/v2\/types\/post"}],"author":[{"embeddable":true,"href":"https:\/\/www.europesays.com\/fr\/wp-json\/wp\/v2\/users\/2"}],"replies":[{"embeddable":true,"href":"https:\/\/www.europesays.com\/fr\/wp-json\/wp\/v2\/comments?post=181425"}],"version-history":[{"count":0,"href":"https:\/\/www.europesays.com\/fr\/wp-json\/wp\/v2\/posts\/181425\/revisions"}],"wp:featuredmedia":[{"embeddable":true,"href":"https:\/\/www.europesays.com\/fr\/wp-json\/wp\/v2\/media\/181426"}],"wp:attachment":[{"href":"https:\/\/www.europesays.com\/fr\/wp-json\/wp\/v2\/media?parent=181425"}],"wp:term":[{"taxonomy":"category","embeddable":true,"href":"https:\/\/www.europesays.com\/fr\/wp-json\/wp\/v2\/categories?post=181425"},{"taxonomy":"post_tag","embeddable":true,"href":"https:\/\/www.europesays.com\/fr\/wp-json\/wp\/v2\/tags?post=181425"}],"curies":[{"name":"wp","href":"https:\/\/api.w.org\/{rel}","templated":true}]}}