{"id":181427,"date":"2025-06-16T18:09:10","date_gmt":"2025-06-16T18:09:10","guid":{"rendered":"https:\/\/www.europesays.com\/fr\/181427\/"},"modified":"2025-06-16T18:09:10","modified_gmt":"2025-06-16T18:09:10","slug":"le-jour-ou-linvisible-est-devenu-visible","status":"publish","type":"post","link":"https:\/\/www.europesays.com\/fr\/181427\/","title":{"rendered":"le jour o\u00f9 l\u2019invisible est devenu visible"},"content":{"rendered":"<p><strong>Et si on vous disait le 16 juin 2025, que quelqu\u2019un a r\u00e9ussi \u00e0 prendre en photo un seul atome ? Oui, un atome. L\u2019un des blocs fondamentaux de l\u2019univers, minuscule au point de d\u00e9fier l\u2019imaginaire. Et pourtant\u2026<\/strong><\/p>\n<p><img fetchpriority=\"high\" decoding=\"async\" width=\"1024\" height=\"578\" src=\"https:\/\/www.europesays.com\/fr\/wp-content\/uploads\/2025\/06\/atom-de-strontium-david-nadlinger-universite-oxford-1024x578.webp.webp\" alt=\"Photographie d\u2019un atome de strontium suspendu entre deux \u00e9lectrodes m\u00e9talliques, visible comme un minuscule point lumineux gr\u00e2ce \u00e0 une technique de pi\u00e9geage par laser.\" class=\"wp-image-979110\"  \/>Un atome de strontium isol\u00e9, photographi\u00e9 entre deux \u00e9lectrodes par le physicien David Nadlinger \u00e0 l\u2019Universit\u00e9 d\u2019Oxford \u2013 une prouesse scientifique in\u00e9dite.<\/p>\n<p>Un point lumineux dans le vide, une r\u00e9volution pour la science<\/p>\n<p>L\u2019image est presque banale : un petit point bleu suspendu entre deux \u00e9lectrodes. Mais ce que vous regardez, c\u2019est bien plus qu\u2019un simple pixel lumineux. C\u2019est un <strong><a href=\"https:\/\/www.physics.ox.ac.uk\/our-people\/nadlinger\" target=\"_blank\" rel=\"noreferrer noopener\">atome<\/a> de strontium<\/strong>, photographi\u00e9 par <a href=\"https:\/\/www.physics.ox.ac.uk\/our-people\/nadlinger\" target=\"_blank\" rel=\"noopener\">David Nadlinger<\/a>, physicien \u00e0 l\u2019Universit\u00e9 d\u2019Oxford. Et c\u2019est la premi\u00e8re fois dans l\u2019histoire qu\u2019un seul atome est captur\u00e9 de fa\u00e7on visible, sans artifice de simulation ou de mod\u00e9lisation.<\/p>\n<p>Lire aussi <a href=\"https:\/\/dailygeekshow.com\/balle-verticale\/\" target=\"_blank\" rel=\"noopener\">Incroyable : des scientifiques ont r\u00e9ussi l\u2019exploit de faire rouler une balle \u00e0 la verticale<\/a><\/p>\n<p>Comment c\u2019est possible ? En r\u00e9sum\u00e9 : avec des <a href=\"https:\/\/dailygeekshow.com\/tatouages-momies-perou\/\" target=\"_blank\" rel=\"noreferrer noopener\">lasers<\/a>, du vide, et une pr\u00e9cision presque chirurgicale. L\u2019atome est pi\u00e9g\u00e9, refroidi \u00e0 une temp\u00e9rature proche du z\u00e9ro absolu, puis illumin\u00e9 pour qu\u2019il devienne visible via le nuage d\u2019\u00e9lectrons qui l\u2019entoure. Ce n\u2019est pas le noyau qu\u2019on voit, mais la pr\u00e9sence de l\u2019atome rendue perceptible \u00e0 l\u2019\u0153il humain. Une sorte de miracle optique et scientifique.<\/p>\n<p>Et l\u00e0, l\u2019image remporte le prix de la photographie scientifique de l\u2019EPSRC, et fait le tour du monde. Pourquoi ? Parce qu\u2019elle r\u00e9v\u00e8le une v\u00e9rit\u00e9 fascinante : <strong>la <a href=\"https:\/\/dailygeekshow.com\/a-14-ans-son-invention-scientifique-detecte-les-maladies-cardiaques-en-7-secondes\/\" target=\"_blank\" rel=\"noreferrer noopener\">science<\/a> peut rendre visible ce qui semblait inaccessible.<\/strong><\/p>\n<p>La physique quantique, ce monde \u00e0 la fois flou, flippant et fascinant<\/p>\n<p>La photo de Nadlinger, c\u2019est un peu la porte d\u2019entr\u00e9e vers un univers bien plus vaste : celui de la <strong>physique quantique<\/strong>. Un monde o\u00f9 les particules peuvent \u00eatre deux choses \u00e0 la fois, o\u00f9 l\u2019observation modifie la r\u00e9alit\u00e9, et o\u00f9 l\u2019infiniment petit d\u00e9fie nos intuitions les plus simples.<\/p>\n<p>Lire aussi <a href=\"https:\/\/dailygeekshow.com\/record-de-fusion-nucleaire-battu-les-allemands-font-un-pas-significatif-vers-une-energie-propre-quasi-illimitee\/\" target=\"_blank\" rel=\"noopener\">Record de fusion nucl\u00e9aire battu\u00a0: les Allemands font \u00ab un pas significatif \u00bb vers une \u00e9nergie propre quasi illimit\u00e9e<\/a><\/p>\n<p>Mais justement, ce clich\u00e9 change la donne. Jusqu\u2019ici, la physique quantique \u00e9tait pour beaucoup une affaire de formules incompr\u00e9hensibles. D\u00e9sormais, on peut la voir. On peut <strong>mettre un visage sur l\u2019atome<\/strong>. Et \u00e7a, c\u2019est un vrai d\u00e9clic.<\/p>\n<p>Derri\u00e8re ce point lumineux, il y a un futur d\u00e9j\u00e0 en marche : celui des <strong>ordinateurs <a href=\"https:\/\/dailygeekshow.com\/communication-quantique-fibre-optique\/\" target=\"_blank\" rel=\"noreferrer noopener\">quantiques<\/a><\/strong>, des <strong>mat\u00e9riaux intelligents<\/strong>, de <strong>l\u2019imagerie atomique<\/strong>. Cette photo, c\u2019est une vitrine. Elle dit : regardez ce que l\u2019on est d\u00e9j\u00e0 capable de faire. Imaginez la suite.<\/p>\n<p>En bref : pourquoi c\u2019est une r\u00e9volution ?<\/p>\n<ul>\n<li><strong>Parce que c\u2019est une premi\u00e8re mondiale<\/strong> : jamais un atome unique n\u2019avait \u00e9t\u00e9 photographi\u00e9.<\/li>\n<li><strong>Parce que c\u2019est concret<\/strong> : la physique quantique sort des th\u00e9ories pour devenir tangible.<\/li>\n<li><strong>Parce que c\u2019est beau<\/strong> : un point de lumi\u00e8re dans le vide, comme une m\u00e9taphore du savoir.<\/li>\n<\/ul>\n<p>Et surtout, parce que c\u2019est le d\u00e9but d\u2019une nouvelle fa\u00e7on de voir le monde.<\/p>\n<p>Lire aussi <a href=\"https:\/\/dailygeekshow.com\/le-fbi-debarque-apres-une-experience-scientifique-menee-par-un-enfant-de-12-ans-dans-sa-chambre\/\" target=\"_blank\" rel=\"noopener\">Le FBI d\u00e9barque apr\u00e8s une exp\u00e9rience scientifique men\u00e9e par un enfant de 12 ans dans sa chambre<\/a><\/p>\n","protected":false},"excerpt":{"rendered":"Et si on vous disait le 16 juin 2025, que quelqu\u2019un a r\u00e9ussi \u00e0 prendre en photo un&hellip;\n","protected":false},"author":2,"featured_media":181428,"comment_status":"","ping_status":"","sticky":false,"template":"","format":"standard","meta":{"footnotes":""},"categories":[7],"tags":[31896,1011,27,31424,43,40,41,39,42,44],"class_list":{"0":"post-181427","1":"post","2":"type-post","3":"status-publish","4":"format-standard","5":"has-post-thumbnail","7":"category-sciences-et-technologies","8":"tag-atome","9":"tag-fr","10":"tag-france","11":"tag-physique-quantique","12":"tag-science","13":"tag-science-and-technology","14":"tag-sciences","15":"tag-sciences-et-technologies","16":"tag-technologies","17":"tag-technology"},"share_on_mastodon":{"url":"https:\/\/pubeurope.com\/@fr\/114694387671690174","error":""},"_links":{"self":[{"href":"https:\/\/www.europesays.com\/fr\/wp-json\/wp\/v2\/posts\/181427","targetHints":{"allow":["GET"]}}],"collection":[{"href":"https:\/\/www.europesays.com\/fr\/wp-json\/wp\/v2\/posts"}],"about":[{"href":"https:\/\/www.europesays.com\/fr\/wp-json\/wp\/v2\/types\/post"}],"author":[{"embeddable":true,"href":"https:\/\/www.europesays.com\/fr\/wp-json\/wp\/v2\/users\/2"}],"replies":[{"embeddable":true,"href":"https:\/\/www.europesays.com\/fr\/wp-json\/wp\/v2\/comments?post=181427"}],"version-history":[{"count":0,"href":"https:\/\/www.europesays.com\/fr\/wp-json\/wp\/v2\/posts\/181427\/revisions"}],"wp:featuredmedia":[{"embeddable":true,"href":"https:\/\/www.europesays.com\/fr\/wp-json\/wp\/v2\/media\/181428"}],"wp:attachment":[{"href":"https:\/\/www.europesays.com\/fr\/wp-json\/wp\/v2\/media?parent=181427"}],"wp:term":[{"taxonomy":"category","embeddable":true,"href":"https:\/\/www.europesays.com\/fr\/wp-json\/wp\/v2\/categories?post=181427"},{"taxonomy":"post_tag","embeddable":true,"href":"https:\/\/www.europesays.com\/fr\/wp-json\/wp\/v2\/tags?post=181427"}],"curies":[{"name":"wp","href":"https:\/\/api.w.org\/{rel}","templated":true}]}}