{"id":181429,"date":"2025-06-16T18:10:20","date_gmt":"2025-06-16T18:10:20","guid":{"rendered":"https:\/\/www.europesays.com\/fr\/181429\/"},"modified":"2025-06-16T18:10:20","modified_gmt":"2025-06-16T18:10:20","slug":"impossible-de-se-connecter-suivez-levolution-en-direct","status":"publish","type":"post","link":"https:\/\/www.europesays.com\/fr\/181429\/","title":{"rendered":"impossible de se connecter, suivez l&rsquo;\u00e9volution en direct"},"content":{"rendered":"<p>D\u2019apr\u00e8s le site Downdetector et plusieurs t\u00e9moignages sur les r\u00e9seaux sociaux, l\u2019ensemble du r\u00e9seau mobile SFR est en panne. Cela concerne aussi RED by SFR et les MVNO sur le r\u00e9seau au carr\u00e9 rouge.<\/p>\n<p><a href=\"https:\/\/images.frandroid.com\/wp-content\/uploads\/2022\/11\/panne-sfr.png\" target=\"_blank\" class=\"article-content__figure\" rel=\"noopener\"><img loading=\"lazy\" decoding=\"async\" width=\"1200\" height=\"675\" src=\"https:\/\/www.europesays.com\/fr\/wp-content\/uploads\/2025\/06\/panne-sfr.png\" alt=\"\" class=\"wp-image-1531970 wp-image wp-image\"  \/><\/a><\/p>\n<p>Ce lundi 16 juin, de nombreux t\u00e9moignages semblent corroborer une panne du <a href=\"https:\/\/www.frandroid.com\/services\/operateurs-mobiles\/1644423_avis-sfr-en-2024-ce-que-lon-pense-des-offres-de-loperateur-au-carre-rouge\" target=\"_blank\" rel=\"noopener\">r\u00e9seau national de chez SFR<\/a>. D\u2019apr\u00e8s des t\u00e9moignages internes \u00e0 Frandroid, <a href=\"https:\/\/www.numerama.com\/tech\/1992773-sfr-en-panne-impossible-de-capter-dans-plusieurs-villes.html\" target=\"_blank\" rel=\"noopener\">corrobor\u00e9s par nos coll\u00e8gues de Numerama<\/a>, de nombreux utilisateurs rapportent une impossibilit\u00e9 de se connecter au r\u00e9seau mobile SFR depuis leur smartphone. Une situation corrobor\u00e9e par les signalements qui se multiplient <a href=\"https:\/\/downdetector.fr\/statut\/sfr\/\" target=\"_blank\" rel=\"noopener\">sur le site Downdetector<\/a>.<\/p>\n<p>                    19:58<br \/>\n                    Des premiers signes d\u2019am\u00e9lioration<\/p>\n<p class=\"whitespace-normal break-words\">Les premiers signes d\u2019am\u00e9lioration restent fragiles et partiels. Certains utilisateurs rapportent un retour sporadique du r\u00e9seau, mais avec des d\u00e9connexions r\u00e9p\u00e9t\u00e9es. Plus r\u00e9v\u00e9lateur encore, les t\u00e9moignages d\u2019abonn\u00e9s ayant retrouv\u00e9 une connexion font \u00e9tat d\u2019un service d\u00e9grad\u00e9 : le r\u00e9seau fonctionne uniquement en 2G, les technologies 4G et 5G restent inaccessibles.<\/p>\n<p><a target=\"_blank\" href=\"https:\/\/images.frandroid.com\/wp-content\/uploads\/2025\/06\/capture-decran-2025-06-16-a-195705.png\" rel=\"noopener\" class=\"article-content__figure\"><img fetchpriority=\"high\" loading=\"eager\" decoding=\"async\" class=\"size-medium wp-image-2650433 wp-image wp-image\" src=\"https:\/\/www.europesays.com\/fr\/wp-content\/uploads\/2025\/06\/capture-decran-2025-06-16-a-195705-1200x458.png\" alt=\"\" width=\"1200\" height=\"458\"  \/><\/a>Source : X<\/p>\n<p>                    19:01<br \/>\n                    La panne est massive<\/p>\n<p>SFR est victime de tr\u00e8s nombreuses pannes depuis un peu avant 13h aujourd\u2019hui.<\/p>\n<p><a href=\"https:\/\/images.frandroid.com\/wp-content\/uploads\/2025\/06\/capture-decran-2025-06-16-a-190111.png\" target=\"_blank\" rel=\"noopener\" class=\"article-content__figure\"><img loading=\"lazy\" decoding=\"async\" class=\"aligncenter size-medium wp-image-2650409 wp-image wp-image\" src=\"https:\/\/www.europesays.com\/fr\/wp-content\/uploads\/2025\/06\/capture-decran-2025-06-16-a-190111-1200x589.png\" alt=\"\" width=\"1200\" height=\"589\"  \/><\/a><\/p>\n<p>                    18:59<br \/>\n                    SFR donne quelques d\u00e9tails<\/p>\n<p>SFR vient de donner quelques d\u00e9tails suppl\u00e9mentaires \u00e0 <a href=\"https:\/\/www.numerama.com\/tech\/1992773-sfr-en-panne-impossible-de-capter-dans-plusieurs-villes.html\" target=\"_blank\" rel=\"noopener\">Numerama<\/a> :<\/p>\n<blockquote>\n<p>\u00a0<\/p>\n<p>Je peux juste te pr\u00e9ciser que les dysfonctionnements rencontr\u00e9s depuis ce midi sur notre r\u00e9seau mobile se traduisent par des d\u00e9connexions al\u00e9atoires pour nos clients sur tout le territoire.Nos \u00e9quipes techniques ont men\u00e9 cet apr\u00e8s-midi plusieurs op\u00e9rations en simultan\u00e9 sur nos \u00e9quipements de c\u0153ur de r\u00e9seau qui ont permis de r\u00e9tablir une partie des services.Nous esp\u00e9rons un retour \u00e0 la normale pour l\u2019ensemble de nos clients dans la soir\u00e9e et leur pr\u00e9sentons toutes nos excuses pour cet incident ind\u00e9pendant de notre volont\u00e9<\/p>\n<\/blockquote>\n<p>                    18:54<br \/>\n                    11 heures de panne<\/p>\n<p>Cela fait une heure que la panne SFR a d\u00e9marr\u00e9. Pour le moment, la communication de SFR n\u2019a pas \u00e9volu\u00e9, voici la derni\u00e8re : \u00ab\u00a0Nous vous informons qu\u2019un incident technique impacte actuellement notre r\u00e9seau. Nos \u00e9quipes techniques sont pleinement mobilis\u00e9es pour r\u00e9tablir la situation. Nous vous prions de bien vouloir nous excuser pour la g\u00eane occasionn\u00e9e.\u00a0\u00bb.<\/p>\n<p><a href=\"https:\/\/images.frandroid.com\/wp-content\/uploads\/2025\/06\/capture-decran-2025-06-16-a-185232.png\" target=\"_blank\" rel=\"noopener\" class=\"article-content__figure\"><img loading=\"lazy\" decoding=\"async\" class=\"aligncenter size-medium wp-image-2650401 wp-image wp-image\" src=\"https:\/\/www.europesays.com\/fr\/wp-content\/uploads\/2025\/06\/capture-decran-2025-06-16-a-185232-1200x595.png\" alt=\"\" width=\"1200\" height=\"595\"  \/><\/a><\/p>\n<p class=\"shortcode-container see-more\">\n    Pour aller plus loin<br \/><a href=\"https:\/\/www.frandroid.com\/telecom\/368608_bouygues-telecom-free-mobile-orange-et-sfr-quel-est-le-meilleur-reseau-mobile\" target=\"_blank\" rel=\"noopener\">Quel est le meilleur op\u00e9rateur mobile en 2025\u00a0: Bouygues, Free, Orange ou SFR\u2009?<\/a>\n            <\/p>\n<p><a href=\"https:\/\/images.frandroid.com\/wp-content\/uploads\/2025\/06\/capture-decran-2025-06-16-a-130931.png\" target=\"_blank\" class=\"article-content__figure\" rel=\"noopener\"><img loading=\"lazy\" decoding=\"async\" width=\"1200\" height=\"632\" src=\"https:\/\/www.europesays.com\/fr\/wp-content\/uploads\/2025\/06\/capture-decran-2025-06-16-a-130931-1200x632.png\" alt=\"\" class=\"wp-image-2649809 wp-image\"  \/><\/a><\/p>\n<p>De nombreux signalements font ainsi \u00e9tat d\u2019une panne ayant d\u00e9but\u00e9 \u00e0 12h touchant toutes les grandes agglom\u00e9rations fran\u00e7aises. Si certaines rumeurs \u00e9voquent aussi une panne du r\u00e9seau fibre, aucun moyen de corroborer ces informations. N\u2019h\u00e9sitez pas \u00e0 nous signaler si vous aussi vous \u00eates touch\u00e9s par une panne sur <a href=\"https:\/\/www.frandroid.com\/marques\/sfr\/1807381_sfr-quelle-box-choisir-en-2023\" target=\"_blank\" rel=\"noopener\">votre box internet SFR<\/a>. <\/p>\n<p>            <img decoding=\"async\" width=\"1200\" height=\"446\" loading=\"lazy\" alt=\"Box Bouygues Maxime V1\" title=\"Box Bouygues Maxime V1\" class=\"is-radiusless placeholder-default wp-image\" src=\"https:\/\/www.europesays.com\/fr\/wp-content\/uploads\/2025\/06\/box-bouygues-maxime-v1-1200x446.jpg\" \/>        <\/p>\n<p>\n                Enfin un super flux, sans superflu            <\/p>\n<p class=\"has-text-weight-medium is-size-6 is-line-height-normal\">\n                Pas besoin de t\u00e9l\u00e9phone et de d\u00e9codeur TV ? Avec B&amp;YOU Pure Fibre, payez uniquement pour l\u2019essentiel, sans engagement. Une offre 100 % fibre, 0 superflu, pour ceux qui veulent le meilleur\u2026 et rien d\u2019autre.            <\/p>\n<p>Sur le r\u00e9seau social X, <a target=\"_blank\" href=\"https:\/\/x.com\/SFR_SAV\/status\/1934567437980054007\">en r\u00e9ponse \u00e0 l\u2019utilisateur Ronflex\/ Snorlax<\/a>, SFR, confirme la panne. <\/p>\n<blockquote class=\"twitter-tweet\" data-width=\"550\" data-dnt=\"true\">\n<p lang=\"fr\" dir=\"ltr\">Bonjour <a href=\"https:\/\/twitter.com\/Ronflex_Snorlax?ref_src=twsrc%5Etfw\" target=\"_blank\" rel=\"noopener\">@Ronflex_Snorlax<\/a>,<\/p>\n<p>Nous vous informons qu\u2019un incident technique impacte actuellement notre r\u00e9seau. Nos \u00e9quipes techniques sont pleinement mobilis\u00e9es pour r\u00e9tablir la situation. Nous vous prions de bien vouloir nous excuser pour la g\u00eane occasionn\u00e9e.<\/p>\n<p>Bonne journ\u00e9e.<br \/>Nathan<\/p>\n<p>\u2014 Assistance SFR (@SFR_SAV) <a href=\"https:\/\/twitter.com\/SFR_SAV\/status\/1934567437980054007?ref_src=twsrc%5Etfw\" target=\"_blank\" rel=\"noopener\">June 16, 2025<\/a><\/p><\/blockquote>\n<p>                Ce contenu est bloqu\u00e9 car vous n\u2019avez pas accept\u00e9 les cookies et autres traceurs. Ce contenu est fourni par Twitter.<br \/>Pour pouvoir le visualiser, vous devez accepter l\u2019usage \u00e9tant op\u00e9r\u00e9 par Twitter avec vos donn\u00e9es qui pourront \u00eatre utilis\u00e9es pour les finalit\u00e9s suivantes : vous permettre de visualiser et de partager des contenus avec des m\u00e9dias sociaux, favoriser le d\u00e9veloppement et l\u2019am\u00e9lioration des produits d\u2019Humanoid et de ses partenaires, vous afficher des publicit\u00e9s personnalis\u00e9es par rapport \u00e0 votre profil et activit\u00e9, vous d\u00e9finir un profil publicitaire personnalis\u00e9, mesurer la performance des publicit\u00e9s et du contenu de ce site et mesurer l\u2019audience de ce site <a href=\"#\" class=\"js-privacy\" target=\"_blank\">(en savoir plus)<\/a>            <\/p>\n<p>                En cliquant sur \u00ab J\u2019accepte tout \u00bb, vous consentez aux finalit\u00e9s susmentionn\u00e9es pour l\u2019ensemble des cookies et autres traceurs d\u00e9pos\u00e9s par Humanoid et <a class=\"embed-consent-overlay-vendors-link\" href=\"#preferences-vendeurs\">ses partenaires<\/a>.            <\/p>\n<p>                Vous gardez la possibilit\u00e9 de retirer votre consentement \u00e0 tout moment. Pour plus d\u2019informations, nous vous invitons \u00e0 prendre connaissance de notre <a href=\"https:\/\/www.frandroid.com\/politique-cookies\" target=\"_blank\" rel=\"noopener\">Politique cookies<\/a>.            <\/p>\n<p>            J\u2019accepte tout        <\/p>\n<p class=\"embed-consent-overlay-manage-choices\">            <a href=\"#preferences-publicitaires\">G\u00e9rer mes choix<\/a>        <\/p>\n<blockquote class=\"twitter-tweet\" data-width=\"550\" data-dnt=\"true\">\n<p lang=\"fr\" dir=\"ltr\">\ud83d\udea8 Panne R\u00e9seau National SFR \ud83d\udea8<\/p>\n<p>Depuis environ 30 minutes, tous les services SFR sont hors service.<\/p>\n<p>\ud83d\udcf2 Le r\u00e9seau mobile (appels, SMS, donn\u00e9es) est totalement indisponible.<\/p>\n<p>\ud83c\udf0d Le r\u00e9seau fibre (FTTH) ne fonctionne plus non plus. <a href=\"https:\/\/t.co\/YhCmFrRAsz\">pic.twitter.com\/YhCmFrRAsz<\/a><\/p>\n<p>\u2014 Tiino-X83 (@TiinoX83) <a href=\"https:\/\/twitter.com\/TiinoX83\/status\/1934560009838309674?ref_src=twsrc%5Etfw\" target=\"_blank\" rel=\"noopener\">June 16, 2025<\/a><\/p><\/blockquote>\n<p>                Ce contenu est bloqu\u00e9 car vous n\u2019avez pas accept\u00e9 les cookies et autres traceurs. Ce contenu est fourni par Twitter.<br \/>Pour pouvoir le visualiser, vous devez accepter l\u2019usage \u00e9tant op\u00e9r\u00e9 par Twitter avec vos donn\u00e9es qui pourront \u00eatre utilis\u00e9es pour les finalit\u00e9s suivantes : vous permettre de visualiser et de partager des contenus avec des m\u00e9dias sociaux, favoriser le d\u00e9veloppement et l\u2019am\u00e9lioration des produits d\u2019Humanoid et de ses partenaires, vous afficher des publicit\u00e9s personnalis\u00e9es par rapport \u00e0 votre profil et activit\u00e9, vous d\u00e9finir un profil publicitaire personnalis\u00e9, mesurer la performance des publicit\u00e9s et du contenu de ce site et mesurer l\u2019audience de ce site <a href=\"#\" class=\"js-privacy\" target=\"_blank\">(en savoir plus)<\/a>            <\/p>\n<p>                En cliquant sur \u00ab J\u2019accepte tout \u00bb, vous consentez aux finalit\u00e9s susmentionn\u00e9es pour l\u2019ensemble des cookies et autres traceurs d\u00e9pos\u00e9s par Humanoid et <a class=\"embed-consent-overlay-vendors-link\" href=\"#preferences-vendeurs\">ses partenaires<\/a>.            <\/p>\n<p>                Vous gardez la possibilit\u00e9 de retirer votre consentement \u00e0 tout moment. Pour plus d\u2019informations, nous vous invitons \u00e0 prendre connaissance de notre <a href=\"https:\/\/www.frandroid.com\/politique-cookies\" target=\"_blank\" rel=\"noopener\">Politique cookies<\/a>.            <\/p>\n<p>            J\u2019accepte tout        <\/p>\n<p class=\"embed-consent-overlay-manage-choices\">            <a href=\"#preferences-publicitaires\">G\u00e9rer mes choix<\/a>        <\/p>\n<p>Une panne nationale assez rare<\/p>\n<p>D\u2019apr\u00e8s les t\u00e9moignages et les tests r\u00e9alis\u00e9s par nos confr\u00e8res de Numerama, impossible de passer par le r\u00e9seau mobile 3G et 4G pour passer des appels. Sur la carte de France de Downdetector, ce sont bien toutes les agglom\u00e9rations qui sont impact\u00e9es.<\/p>\n<p><a href=\"https:\/\/images.frandroid.com\/wp-content\/uploads\/2025\/06\/capture-decran-2025-06-16-a-132108.jpg\" target=\"_blank\" class=\"article-content__figure\" rel=\"noopener\"><img loading=\"lazy\" decoding=\"async\" width=\"1200\" height=\"806\" src=\"https:\/\/www.europesays.com\/fr\/wp-content\/uploads\/2025\/06\/capture-decran-2025-06-16-a-132108-1200x806.jpg\" alt=\"\" class=\"wp-image-2649825 wp-image\"  \/><\/a><\/p>\n<p>Outre les possesseurs de forfaits SFR, les usagers de chez RED by SFR, mais aussi La Poste Mobile, Prixtel ou encore Syma Mobile sont concern\u00e9s par cette panne d\u2019ampleur nationale assez in\u00e9dite. A 13 heures, la panne semble toujours avoir lieu. Nous vous tiendrons inform\u00e9s d\u2019un retour \u00e0 la normale. <\/p>\n<p>Outre le r\u00e9seau mobile, le r\u00e9seau FTTH est aussi impact\u00e9 par la panne comme nous le rapporte Mathis Michon lecteur sur Frandroid.<\/p>\n<blockquote class=\"wp-block-quote is-layout-flow wp-block-quote-is-layout-flow\">\n<p>Bonjour, Les liens FTTH sont aussi touch\u00e9s, nous sommes une entreprise avec 90 clients r\u00e9partis en France ayant des liens FTTH et plus de la moiti\u00e9 n\u2019ont plus d\u2019internet. Cordialement, Mathis MICHON<\/p>\n<\/blockquote>\n<p>Panne de l\u2019ensemble des op\u00e9rateurs ? Pas si sur <\/p>\n<p>Sur la carte de Downdetector, on peut apercevoir des courbes similaires concernant les autres op\u00e9rateurs : Orange, Bouygues et Free. De ce que nous avons pu constater, il est toujours possible de passer des appels et d\u2019avoir une connexion internet stable sur ces r\u00e9seaux. Les signalements sont en plus beaucoup plus faibles que ceux concernant SFR. <\/p>\n<p>Appels illimit\u00e9s<\/p>\n<p>200 Go en France<\/p>\n<p>30 Go en Europe<\/p>\n<p>Appels illimit\u00e9s<\/p>\n<p>50 Go \u2013 70 Go en France<\/p>\n<p>15 Go en Europe<\/p>\n<p>                            \u00c0 partir de\n                        <\/p>\n<p>\n                        4.99\u20ac\/mois\n                                            <\/p>\n<p>Appels illimit\u00e9s<\/p>\n<p>100 Go en France<\/p>\n<p>26 Go en Europe<\/p>\n<p>        <a href=\"https:\/\/www.frandroid.com\/comparateur-forfaits\" class=\"listplans-shortcode-cta button fr-button fr-button--pink fr-button--small-icon fr-button--icon-after mb-3-mobile \" target=\"_blank\" rel=\"noopener\"><br \/>\n            Tous les forfaits mobile<br \/>\n        <\/a><\/p>\n<p>D\u00e9bit jusqu\u2019\u00e0 8 Gb\/s <\/p>\n<p>Sans Player TV<\/p>\n<p>T\u00e9l\u00e9phonie fixe non incluse<\/p>\n<p>D\u00e9bit jusqu\u2019\u00e0 5 Gb\/s <\/p>\n<p>Sans Player TV<\/p>\n<p>T\u00e9l\u00e9phonie vers 1 destinations<\/p>\n<p>D\u00e9bit jusqu\u2019\u00e0 1 Gb\/s <\/p>\n<p>200 cha\u00eenes de TV incluses<\/p>\n<p>T\u00e9l\u00e9phonie vers 110 destinations<\/p>\n<p>\n                        29.99\u20ac\/mois\n                                            <\/p>\n<p>                                49\u20ac FMS offerts\n                        <\/p>\n<p>        <a href=\"https:\/\/www.frandroid.com\/offre-internet-comparateur-des-meilleures-offres-fibre-et-adsl\" class=\"listplans-shortcode-cta button fr-button fr-button--pink fr-button--small-icon fr-button--icon-after mb-3-mobile \" target=\"_blank\" rel=\"noopener\"><br \/>\n            Toutes les box internet<br \/>\n        <\/a><\/p>\n<p>            <script async src=\"https:\/\/platform.twitter.com\/widgets.js\" charset=\"utf-8\"><\/script><\/p>\n","protected":false},"excerpt":{"rendered":"D\u2019apr\u00e8s le site Downdetector et plusieurs t\u00e9moignages sur les r\u00e9seaux sociaux, l\u2019ensemble du r\u00e9seau mobile SFR est en&hellip;\n","protected":false},"author":2,"featured_media":181430,"comment_status":"","ping_status":"","sticky":false,"template":"","format":"standard","meta":{"footnotes":""},"categories":[6],"tags":[270,35,33,34,1011,27,10899,31897],"class_list":{"0":"post-181429","1":"post","2":"type-post","3":"status-publish","4":"format-standard","5":"has-post-thumbnail","7":"category-economie","8":"tag-breaking","9":"tag-business","10":"tag-economie","11":"tag-economy","12":"tag-fr","13":"tag-france","14":"tag-panne","15":"tag-panne-nationale"},"share_on_mastodon":{"url":"https:\/\/pubeurope.com\/@fr\/114694391749877162","error":""},"_links":{"self":[{"href":"https:\/\/www.europesays.com\/fr\/wp-json\/wp\/v2\/posts\/181429","targetHints":{"allow":["GET"]}}],"collection":[{"href":"https:\/\/www.europesays.com\/fr\/wp-json\/wp\/v2\/posts"}],"about":[{"href":"https:\/\/www.europesays.com\/fr\/wp-json\/wp\/v2\/types\/post"}],"author":[{"embeddable":true,"href":"https:\/\/www.europesays.com\/fr\/wp-json\/wp\/v2\/users\/2"}],"replies":[{"embeddable":true,"href":"https:\/\/www.europesays.com\/fr\/wp-json\/wp\/v2\/comments?post=181429"}],"version-history":[{"count":0,"href":"https:\/\/www.europesays.com\/fr\/wp-json\/wp\/v2\/posts\/181429\/revisions"}],"wp:featuredmedia":[{"embeddable":true,"href":"https:\/\/www.europesays.com\/fr\/wp-json\/wp\/v2\/media\/181430"}],"wp:attachment":[{"href":"https:\/\/www.europesays.com\/fr\/wp-json\/wp\/v2\/media?parent=181429"}],"wp:term":[{"taxonomy":"category","embeddable":true,"href":"https:\/\/www.europesays.com\/fr\/wp-json\/wp\/v2\/categories?post=181429"},{"taxonomy":"post_tag","embeddable":true,"href":"https:\/\/www.europesays.com\/fr\/wp-json\/wp\/v2\/tags?post=181429"}],"curies":[{"name":"wp","href":"https:\/\/api.w.org\/{rel}","templated":true}]}}