{"id":181437,"date":"2025-06-16T18:14:12","date_gmt":"2025-06-16T18:14:12","guid":{"rendered":"https:\/\/www.europesays.com\/fr\/181437\/"},"modified":"2025-06-16T18:14:12","modified_gmt":"2025-06-16T18:14:12","slug":"saint-etienne-lancement-des-before-de-couriot-au-parc-joseph-sanguedolce-mercredi","status":"publish","type":"post","link":"https:\/\/www.europesays.com\/fr\/181437\/","title":{"rendered":"Saint-\u00c9tienne. Lancement des Before de Couriot au parc Joseph-Sanguedolce, mercredi"},"content":{"rendered":"<p>Les Before de Couriot sont de retour avec plus de cinquante rendez-vous gratuits m\u00ealant concerts, spectacles et animations, chaque semaine du mercredi au dimanche. Sur place, une guinguette proposera boissons, snack de produits locaux et glaces artisanales. Au programme, ce mercredi\u00a0: des concerts pop rock des ann\u00e9es 1960 \u00e0 aujourd\u2019hui en compagnie des groupes Ado B\u00f4 sc\u00e8ne et Cosmo Riffs.<\/p>\n<p class=\"note\">Du 18\u00a0juin au 5\u00a0septembre, du mercredi au dimanche, d\u00e8s 16\u00a0heures, concerts \u00e0 19\u00a0heures. Parc Joseph-Sanguedolce \u00e0 Saint-\u00c9tienne. Entr\u00e9e libre. Renseignements et programme\u00a0: www.saint-etienne.fr<\/p>\n","protected":false},"excerpt":{"rendered":"Les Before de Couriot sont de retour avec plus de cinquante rendez-vous gratuits m\u00ealant concerts, spectacles et animations,&hellip;\n","protected":false},"author":2,"featured_media":181438,"comment_status":"","ping_status":"","sticky":false,"template":"","format":"standard","meta":{"footnotes":""},"categories":[9653],"tags":[1111,11,2430,1687,7539,1777,674,1011,27,12,25,4001,7538,3140],"class_list":{"0":"post-181437","1":"post","2":"type-post","3":"status-publish","4":"format-standard","5":"has-post-thumbnail","7":"category-saint-etienne","8":"tag-actu","9":"tag-actualites","10":"tag-auvergne-rhone-alpes","11":"tag-culture-loisirs","12":"tag-edition-loire-sud","13":"tag-eu","14":"tag-europe","15":"tag-fr","16":"tag-france","17":"tag-news","18":"tag-republique-francaise","19":"tag-saint-etienne","20":"tag-saint-etienne-ville","21":"tag-spectacle"},"share_on_mastodon":{"url":"https:\/\/pubeurope.com\/@fr\/114694407040819310","error":""},"_links":{"self":[{"href":"https:\/\/www.europesays.com\/fr\/wp-json\/wp\/v2\/posts\/181437","targetHints":{"allow":["GET"]}}],"collection":[{"href":"https:\/\/www.europesays.com\/fr\/wp-json\/wp\/v2\/posts"}],"about":[{"href":"https:\/\/www.europesays.com\/fr\/wp-json\/wp\/v2\/types\/post"}],"author":[{"embeddable":true,"href":"https:\/\/www.europesays.com\/fr\/wp-json\/wp\/v2\/users\/2"}],"replies":[{"embeddable":true,"href":"https:\/\/www.europesays.com\/fr\/wp-json\/wp\/v2\/comments?post=181437"}],"version-history":[{"count":0,"href":"https:\/\/www.europesays.com\/fr\/wp-json\/wp\/v2\/posts\/181437\/revisions"}],"wp:featuredmedia":[{"embeddable":true,"href":"https:\/\/www.europesays.com\/fr\/wp-json\/wp\/v2\/media\/181438"}],"wp:attachment":[{"href":"https:\/\/www.europesays.com\/fr\/wp-json\/wp\/v2\/media?parent=181437"}],"wp:term":[{"taxonomy":"category","embeddable":true,"href":"https:\/\/www.europesays.com\/fr\/wp-json\/wp\/v2\/categories?post=181437"},{"taxonomy":"post_tag","embeddable":true,"href":"https:\/\/www.europesays.com\/fr\/wp-json\/wp\/v2\/tags?post=181437"}],"curies":[{"name":"wp","href":"https:\/\/api.w.org\/{rel}","templated":true}]}}