{"id":181441,"date":"2025-06-16T18:16:11","date_gmt":"2025-06-16T18:16:11","guid":{"rendered":"https:\/\/www.europesays.com\/fr\/181441\/"},"modified":"2025-06-16T18:16:11","modified_gmt":"2025-06-16T18:16:11","slug":"dommartemont-un-cambrioleur-repere-par-la-telesurveillance-interpelle-en-flagrant-delit","status":"publish","type":"post","link":"https:\/\/www.europesays.com\/fr\/181441\/","title":{"rendered":"Dommartemont. Un cambrioleur, rep\u00e9r\u00e9 par la t\u00e9l\u00e9surveillance, interpell\u00e9 en flagrant d\u00e9lit"},"content":{"rendered":"<p>Un cambriolage a eu lieu le dimanche 15\u00a0juin, vers 1\u00a0h\u00a030, au sein d\u2019une maison sise Chemin d\u2019Amance, <a href=\"https:\/\/www.estrepublicain.fr\/economie\/2025\/05\/28\/dommartemont-c-est-devenu-un-peu-le-neuilly-de-nancy\" target=\"_blank\" rel=\"noopener\">\u00e0 Dommartemont<\/a>. En vacances, les propri\u00e9taires \u00e9taient alert\u00e9s par leur syst\u00e8me d\u2019alarme reli\u00e9 \u00e0 une soci\u00e9t\u00e9 de s\u00e9curit\u00e9.<\/p>\n<p>La brigade anticriminalit\u00e9 (BAC) arrive rapidement sur les lieux mais, \u00e0 premi\u00e8re vue, aucun signe ext\u00e9rieur d\u2019intrusion si ce n\u2019est une trace de pes\u00e9e sur la porte d\u2019entr\u00e9e. L\u2019agent de la t\u00e9l\u00e9surveillance assure pourtant aux policiers de la BAC que \u00ab\u00a0si, si, l\u2019individu est encore dans la maison, je le vois sur la cam\u00e9ra\u00a0!\u00a0\u00bb<\/p>\n<p>Les fonctionnaires d\u00e9cident donc de jouer la montre et misent sur le flagrant d\u00e9lit. En planque, l\u2019\u00e9quipage attend patiemment que le cambrioleur sorte de la maison. Quelques instants plus tard, le suspect, gant\u00e9, coiff\u00e9 d\u2019une casquette et porteur d\u2019un tournevis, quitte en effet les lieux. Avec son butin\u00a0: des bijoux.<\/p>\n<p>Il s\u2019\u00e9tait introduit dans l\u2019habitation non pas par la porte qui, semble-t-il, lui a r\u00e9sist\u00e9, mais par une fen\u00eatre de toit.<\/p>\n<p>  Recherch\u00e9 sur le territoire<\/p>\n<p>\u00c2g\u00e9 de 33 ans, celui qui assure vivre chez sa m\u00e8re \u00e0 Nancy est interpell\u00e9 par la BAC, puis plac\u00e9 en garde \u00e0 vue au groupe d\u2019action judiciaire. Les investigations montrent que le trentenaire, grand voyageur, n\u2019est pas un d\u00e9butant de la cambriole. Multir\u00e9cidiviste, il est recherch\u00e9 par plusieurs services d\u2019enqu\u00eates sur territoire national pour des faits similaires.<\/p>\n<p>Il a \u00e9t\u00e9 pr\u00e9sent\u00e9 aux magistrats de la cit\u00e9 judiciaire lundi 16\u00a0juin, dans le cadre comparution sur reconnaissance pr\u00e9alable de culpabilit\u00e9 (CRPC) d\u00e9f\u00e8rement.<\/p>\n","protected":false},"excerpt":{"rendered":"Un cambriolage a eu lieu le dimanche 15\u00a0juin, vers 1\u00a0h\u00a030, au sein d\u2019une maison sise Chemin d\u2019Amance, \u00e0&hellip;\n","protected":false},"author":2,"featured_media":181442,"comment_status":"","ping_status":"","sticky":false,"template":"","format":"standard","meta":{"footnotes":""},"categories":[9635],"tags":[1111,11,271,272,31898,1704,1777,674,274,1011,27,775,11362,3457,1702,12,25],"class_list":{"0":"post-181441","1":"post","2":"type-post","3":"status-publish","4":"format-standard","5":"has-post-thumbnail","7":"category-nancy","8":"tag-actu","9":"tag-actualites","10":"tag-crime","11":"tag-delit-et-contravention","12":"tag-dommartemont","13":"tag-edition-nancy-et-agglomeration","14":"tag-eu","15":"tag-europe","16":"tag-faits-divers-justice","17":"tag-fr","18":"tag-france","19":"tag-grand-est","20":"tag-metropole-du-grand-nancy-54b3","21":"tag-meurthe-et-moselle","22":"tag-nancy","23":"tag-news","24":"tag-republique-francaise"},"share_on_mastodon":{"url":"https:\/\/pubeurope.com\/@fr\/114694414954025053","error":""},"_links":{"self":[{"href":"https:\/\/www.europesays.com\/fr\/wp-json\/wp\/v2\/posts\/181441","targetHints":{"allow":["GET"]}}],"collection":[{"href":"https:\/\/www.europesays.com\/fr\/wp-json\/wp\/v2\/posts"}],"about":[{"href":"https:\/\/www.europesays.com\/fr\/wp-json\/wp\/v2\/types\/post"}],"author":[{"embeddable":true,"href":"https:\/\/www.europesays.com\/fr\/wp-json\/wp\/v2\/users\/2"}],"replies":[{"embeddable":true,"href":"https:\/\/www.europesays.com\/fr\/wp-json\/wp\/v2\/comments?post=181441"}],"version-history":[{"count":0,"href":"https:\/\/www.europesays.com\/fr\/wp-json\/wp\/v2\/posts\/181441\/revisions"}],"wp:featuredmedia":[{"embeddable":true,"href":"https:\/\/www.europesays.com\/fr\/wp-json\/wp\/v2\/media\/181442"}],"wp:attachment":[{"href":"https:\/\/www.europesays.com\/fr\/wp-json\/wp\/v2\/media?parent=181441"}],"wp:term":[{"taxonomy":"category","embeddable":true,"href":"https:\/\/www.europesays.com\/fr\/wp-json\/wp\/v2\/categories?post=181441"},{"taxonomy":"post_tag","embeddable":true,"href":"https:\/\/www.europesays.com\/fr\/wp-json\/wp\/v2\/tags?post=181441"}],"curies":[{"name":"wp","href":"https:\/\/api.w.org\/{rel}","templated":true}]}}