{"id":181443,"date":"2025-06-16T18:17:20","date_gmt":"2025-06-16T18:17:20","guid":{"rendered":"https:\/\/www.europesays.com\/fr\/181443\/"},"modified":"2025-06-16T18:17:20","modified_gmt":"2025-06-16T18:17:20","slug":"voici-ce-qui-est-desormais-prevu","status":"publish","type":"post","link":"https:\/\/www.europesays.com\/fr\/181443\/","title":{"rendered":"voici ce qui est d\u00e9sormais pr\u00e9vu"},"content":{"rendered":"<p>            Par<br \/>\n        <strong><br \/>\n            <a href=\"https:\/\/actu.fr\/auteur\/pierre-emile-bouchy-actu-fr\" title=\"Consulter tous les articles de Paul-Emile Bouchy\" target=\"_blank\" rel=\"noopener\">Paul-Emile Bouchy<\/a><br \/>\n        <\/strong><\/p>\n<p>        Publi\u00e9 le<\/p>\n<p>            16 juin 2025 \u00e0 18h39        <\/p>\n<p>Le feuilleton autour de la r\u00e9novation du <a href=\"https:\/\/actu.fr\/tag\/musee-lorrain\" target=\"_blank\" rel=\"noopener\">mus\u00e9e Lorrain<\/a> a connu un improbable rebondissement ce lundi 16\u00a0juin 2025.<\/p>\n<p class=\" wall-content\">Lors d\u2019une conf\u00e9rence de presse, le maire de <a href=\"https:\/\/actu.fr\/grand-est\/nancy_54395\" target=\"_blank\" rel=\"noopener\">Nancy<\/a> Mathieu Klein a annonc\u00e9 que <a href=\"https:\/\/actu.fr\/grand-est\/nancy_54395\/nancy-a-quoi-va-ressembler-le-futur-musee-lorrain-on-vous-dit-tout_59675990.html\" target=\"_blank\" rel=\"noopener\">le projet actuel \u00e9tait abandonn\u00e9<\/a> et <strong>a pr\u00e9sent\u00e9 une nouvelle proposition<\/strong> qui pr\u00e9voit <a href=\"https:\/\/actu.fr\/grand-est\/nancy_54395\/nancy-le-musee-lorrain-ne-rouvrira-finalement-pas-avant-2033-voici-pourquoi_62779657.html\" target=\"_blank\" rel=\"noopener\">une ouverture du mus\u00e9e pour 2033<\/a>.<\/p>\n<p class=\" wall-content\">Voici ce qui a \u00e9t\u00e9 annonc\u00e9.<\/p>\n<p>Le mus\u00e9e Lorrain dans tous les niveaux du palais ducal<\/p>\n<p class=\" wall-content\">La r\u00e9novation du mus\u00e9e Lorrain avait pris du plomb dans l\u2019aile apr\u00e8s <a href=\"https:\/\/actu.fr\/grand-est\/nancy_54395\/nancy-a-peine-commences-les-travaux-du-musee-lorrain-suspendus-partiellement-par-la-justice_62250525.html\" target=\"_blank\" rel=\"noopener\">la d\u00e9cision de la Justice de suspendre partiellement le chantier<\/a>. La Ville de Nancy en a sonn\u00e9 le glas en pr\u00e9sentant un tout nouveau projet<\/p>\n<p class=\" wall-content\">Contrairement \u00e0 son pr\u00e9d\u00e9cesseur, <strong>ce projet ne pr\u00e9voit plus d\u2019espaces souterrains et d\u2019excavation d\u2019une partie de la cour<\/strong>. Le mus\u00e9e Lorrain sera <strong>concentr\u00e9 dans tous les niveaux du palais ducal.<\/strong> Cela n\u2019\u00e9tait pas le cas dans l\u2019ancien projet puisque deux niveaux du b\u00e2timent devaient \u00eatre utilis\u00e9s pour une hypoth\u00e9tique \u00ab\u2009phase 2\u2009\u00bb reliant le palais ducal au <a href=\"https:\/\/actu.fr\/grand-est\/nancy_54395\/nancy-quoi-sert-le-palais-du-gouvernement-aujourd-hui_59607037.html\" target=\"_blank\" rel=\"noopener\">palais du gouvernement<\/a>.<\/p>\n<p class=\" wall-content\">D\u2019apr\u00e8s la Ville de Nancy, le mus\u00e9e Lorrain sera ainsi d\u2019<strong>une surface de 2\u2009700 m\u00b2<\/strong> contre 2\u2009150 m\u00b2 avec l\u2019ancien projet. Lors de sa fermeture, la surface exploit\u00e9e du mus\u00e9e \u00e9tait inf\u00e9rieure \u00e0 2 000 m\u00b2.<\/p>\n<p>Le calendrier de ce nouveau projet du mus\u00e9e Lorrain<\/p>\n<p class=\" wall-content\">En choisissant de cr\u00e9er un nouveau projet, <strong>la Ville de Nancy repart de z\u00e9ro et toutes les cartes sont rebattues<\/strong>, notamment du point de vue des subventions de l\u2019\u00c9tat, de la R\u00e9gion et des autres collectivit\u00e9s.<\/p>\n<p class=\" wall-content\">Ainsi, un long processus doit avoir lieu avant m\u00eame le d\u00e9but des travaux\u2009:<\/p>\n<ul class=\" wall-content\">\n<li>fin 2025-fin 2026\u2009: d\u00e9finition du programme<\/li>\n<li>fin 2026-fin 2027\u2009: lancement du concours et choix de la ma\u00eetrise d\u2019\u0153uvre<\/li>\n<li>fin 2027-fin 2028\u2009: r\u00e9alisation des \u00e9tudes par le laur\u00e9at s\u00e9lectionn\u00e9<\/li>\n<li>fin 2028-fin 2029\u2009: consultation des entreprises et notification des march\u00e9s<\/li>\n<li>fin 2029\u2009: d\u00e9but des travaux<\/li>\n<li>2033\u00a0: livraison et ouverture du mus\u00e9e Lorrain<\/li>\n<\/ul>\n<p>Le b\u00e2timent des petites \u00e9curies r\u00e9nov\u00e9<\/p>\n<p class=\" wall-content\">Dans l\u2019ancien projet, le b\u00e2timent des petites \u00e9curies devait devenir l\u2019accueil du mus\u00e9e Lorrain. Si cela n\u2019est plus d\u2019actualit\u00e9, il sera tout de m\u00eame r\u00e9nov\u00e9, assure la Ville de Nancy.<\/p>\n<p class=\" wall-content\">Concernant <a href=\"https:\/\/actu.fr\/grand-est\/nancy_54395\/nancy-ce-batiment-classe-va-etre-detruit-on-vous-explique-pourquoi_59801720.html\" target=\"_blank\" rel=\"noopener\">le b\u00e2timent dit \u00ab\u2009de l\u2019\u00e9cole des gar\u00e7ons\u2009\u00bb<\/a>, la Ville attend la d\u00e9cision du tribunal administratif sur la d\u00e9molition ou non de cette construction.<\/p>\n<p class=\" wall-content\">N\u00e9anmoins, les \u00e9lus s\u2019inqui\u00e8tent pour <strong>la sauvegarde du mur de Baligand<\/strong>, \u00e9l\u00e9ment patrimonial construit par l\u2019architecte de Stanislas en 1740. Le b\u00e2timent scolaire s\u2019appuie sur le mur et le fragilise alors qu\u2019il doit \u00eatre r\u00e9nov\u00e9.<\/p>\n<p class=\" wall-content\">Suivez toute l\u2019actualit\u00e9 de vos villes et m\u00e9dias favoris en vous inscrivant \u00e0 <a href=\"https:\/\/moncompte.actu.fr\" title=\"D\u00e9couvez Mon Actu\" rel=\"nofollow noopener\" data-trk=\"{&quot;cta&quot;:{&quot;action&quot;:&quot;https:\\\/\\\/moncompte.actu.fr&quot;,&quot;category&quot;:&quot;mon compte&quot;,&quot;from&quot;:&quot;article footer&quot;,&quot;name&quot;:&quot;Mon actu&quot;,&quot;type&quot;:&quot;cta&quot;}}\" target=\"_blank\">Mon Actu<\/a>.<\/p>\n","protected":false},"excerpt":{"rendered":"Par Paul-Emile Bouchy Publi\u00e9 le 16 juin 2025 \u00e0 18h39 Le feuilleton autour de la r\u00e9novation du mus\u00e9e&hellip;\n","protected":false},"author":2,"featured_media":181183,"comment_status":"","ping_status":"","sticky":false,"template":"","format":"standard","meta":{"footnotes":""},"categories":[9635],"tags":[1111,11,1777,674,1011,27,775,937,31882,1702,12,2551,25,104],"class_list":{"0":"post-181443","1":"post","2":"type-post","3":"status-publish","4":"format-standard","5":"has-post-thumbnail","7":"category-nancy","8":"tag-actu","9":"tag-actualites","10":"tag-eu","11":"tag-europe","12":"tag-fr","13":"tag-france","14":"tag-grand-est","15":"tag-histoire","16":"tag-musee-lorrain","17":"tag-nancy","18":"tag-news","19":"tag-patrimoine","20":"tag-republique-francaise","21":"tag-societe"},"share_on_mastodon":{"url":"https:\/\/pubeurope.com\/@fr\/114694418892338616","error":""},"_links":{"self":[{"href":"https:\/\/www.europesays.com\/fr\/wp-json\/wp\/v2\/posts\/181443","targetHints":{"allow":["GET"]}}],"collection":[{"href":"https:\/\/www.europesays.com\/fr\/wp-json\/wp\/v2\/posts"}],"about":[{"href":"https:\/\/www.europesays.com\/fr\/wp-json\/wp\/v2\/types\/post"}],"author":[{"embeddable":true,"href":"https:\/\/www.europesays.com\/fr\/wp-json\/wp\/v2\/users\/2"}],"replies":[{"embeddable":true,"href":"https:\/\/www.europesays.com\/fr\/wp-json\/wp\/v2\/comments?post=181443"}],"version-history":[{"count":0,"href":"https:\/\/www.europesays.com\/fr\/wp-json\/wp\/v2\/posts\/181443\/revisions"}],"wp:featuredmedia":[{"embeddable":true,"href":"https:\/\/www.europesays.com\/fr\/wp-json\/wp\/v2\/media\/181183"}],"wp:attachment":[{"href":"https:\/\/www.europesays.com\/fr\/wp-json\/wp\/v2\/media?parent=181443"}],"wp:term":[{"taxonomy":"category","embeddable":true,"href":"https:\/\/www.europesays.com\/fr\/wp-json\/wp\/v2\/categories?post=181443"},{"taxonomy":"post_tag","embeddable":true,"href":"https:\/\/www.europesays.com\/fr\/wp-json\/wp\/v2\/tags?post=181443"}],"curies":[{"name":"wp","href":"https:\/\/api.w.org\/{rel}","templated":true}]}}