{"id":181444,"date":"2025-06-16T18:18:09","date_gmt":"2025-06-16T18:18:09","guid":{"rendered":"https:\/\/www.europesays.com\/fr\/181444\/"},"modified":"2025-06-16T18:18:09","modified_gmt":"2025-06-16T18:18:09","slug":"six-ans-de-prison-pour-avoir-braque-un-nonagenaire-a-son-domicile-pres-de-toulon","status":"publish","type":"post","link":"https:\/\/www.europesays.com\/fr\/181444\/","title":{"rendered":"Six ans de prison pour avoir braqu\u00e9 un nonag\u00e9naire \u00e0 son domicile pr\u00e8s de Toulon"},"content":{"rendered":"<p>Deux hommes \u00e2g\u00e9s de 56 et 61 ans ont \u00e9t\u00e9 condamn\u00e9s \u00e0 six ans de prison pour une violente tentative d\u2019extorsion au domicile d\u2019un nonag\u00e9naire au Revest, le 9 janvier 2025.<\/p>\n<p>Renseign\u00e9 par un myst\u00e9rieux informateur du c\u00f4t\u00e9 du cours Lafayette \u00e0 Toulon, le duo \u00e9tait persuad\u00e9 que cet habitant poss\u00e9dait <a href=\"https:\/\/www.varmatin.com\/faits-divers\/deux-voyous-marseillais-deferes-a-toulon-978478\" rel=\"nofollow noopener\" target=\"_blank\">des lingots d\u2019or et trois cent mille euros en esp\u00e8ces<\/a>\u2026<\/p>\n<p>\u00ab\u00a0On s\u2019est lanc\u00e9 dans cette aventure un peu n\u2019importe comment\u00bb, a reconnu l\u2019un d\u2019eux avec un aplomb qui sied aux briscards du banditisme (vingt-six mentions au casier judiciaire depuis 1984) et un bel accent marseillais. \u00ab\u00a0L\u2019app\u00e2t du gain, \u00e7a nous est mont\u00e9 \u00e0 la t\u00eate.\u00a0\u00bb<\/p>\n<p>Apr\u00e8s avoir effectu\u00e9 des rep\u00e9rages les 3 et 8 janvier, les deux malfaiteurs originaires de Martigues ont fait irruption, avec des bas en nylon sur la t\u00eate, \u00e0 7h25 dans le garage de la victime qui, au volant de sa voiture, s\u2019appr\u00eatait \u00e0 quitter les lieux. Le vieil homme a \u00e9t\u00e9 tir\u00e9 hors de son v\u00e9hicule sous la menace d\u2019un revolver.<\/p>\n<p>\u00ab\u00a0Je l\u2019ai aid\u00e9 \u00e0 se relever\u00a0\u00bb, corrige sans convaincre le voyou marseillais. \u00ab\u00a0\u00bbQuand on a vu que c\u2019\u00e9tait une personne \u00e2g\u00e9e, \u00e7a m\u2019a pris le c\u0153ur\u2026\u00a0\u00bb<\/p>\n<p>Soup\u00e7onn\u00e9s dans une affaire criminelle<\/p>\n<p>Le nonag\u00e9naire est parvenu \u00e0 d\u00e9clencher l\u2019alarme de son domicile \u00e0 7h29. Un t\u00e9l\u00e9op\u00e9rateur a alors donn\u00e9 l\u2019alerte et la police \u00e9tait sur place \u00e0 7h45. Les deux loubards avaient pris le large en laissant derri\u00e8re eux une trace ADN.<\/p>\n<p>La g\u00e9olocalisation de leurs t\u00e9l\u00e9phones et l\u2019exploitation de la vid\u00e9osurveillance (notamment aux p\u00e9ages) ont permis de confondre les auteurs de ce braquage rat\u00e9.<\/p>\n<p>Archiconnus des services, ils ont \u00e9t\u00e9 localis\u00e9s en f\u00e9vrier dans des centres p\u00e9nitentiaires.<\/p>\n<p>Les deux hommes avaient \u00e9t\u00e9 entretemps mis en examen dans une affaire de tentative d\u2019assassinat dans les Bouches-du-Rh\u00f4ne.<\/p>\n","protected":false},"excerpt":{"rendered":"Deux hommes \u00e2g\u00e9s de 56 et 61 ans ont \u00e9t\u00e9 condamn\u00e9s \u00e0 six ans de prison pour une&hellip;\n","protected":false},"author":2,"featured_media":181445,"comment_status":"","ping_status":"","sticky":false,"template":"","format":"standard","meta":{"footnotes":""},"categories":[9619],"tags":[1111,11,1777,674,118,1011,27,303,12,882,25,2310],"class_list":{"0":"post-181444","1":"post","2":"type-post","3":"status-publish","4":"format-standard","5":"has-post-thumbnail","7":"category-toulon","8":"tag-actu","9":"tag-actualites","10":"tag-eu","11":"tag-europe","12":"tag-faits-divers","13":"tag-fr","14":"tag-france","15":"tag-justice","16":"tag-news","17":"tag-provence-alpes-cote-dazur","18":"tag-republique-francaise","19":"tag-toulon"},"share_on_mastodon":{"url":"https:\/\/pubeurope.com\/@fr\/114694422809961225","error":""},"_links":{"self":[{"href":"https:\/\/www.europesays.com\/fr\/wp-json\/wp\/v2\/posts\/181444","targetHints":{"allow":["GET"]}}],"collection":[{"href":"https:\/\/www.europesays.com\/fr\/wp-json\/wp\/v2\/posts"}],"about":[{"href":"https:\/\/www.europesays.com\/fr\/wp-json\/wp\/v2\/types\/post"}],"author":[{"embeddable":true,"href":"https:\/\/www.europesays.com\/fr\/wp-json\/wp\/v2\/users\/2"}],"replies":[{"embeddable":true,"href":"https:\/\/www.europesays.com\/fr\/wp-json\/wp\/v2\/comments?post=181444"}],"version-history":[{"count":0,"href":"https:\/\/www.europesays.com\/fr\/wp-json\/wp\/v2\/posts\/181444\/revisions"}],"wp:featuredmedia":[{"embeddable":true,"href":"https:\/\/www.europesays.com\/fr\/wp-json\/wp\/v2\/media\/181445"}],"wp:attachment":[{"href":"https:\/\/www.europesays.com\/fr\/wp-json\/wp\/v2\/media?parent=181444"}],"wp:term":[{"taxonomy":"category","embeddable":true,"href":"https:\/\/www.europesays.com\/fr\/wp-json\/wp\/v2\/categories?post=181444"},{"taxonomy":"post_tag","embeddable":true,"href":"https:\/\/www.europesays.com\/fr\/wp-json\/wp\/v2\/tags?post=181444"}],"curies":[{"name":"wp","href":"https:\/\/api.w.org\/{rel}","templated":true}]}}