{"id":181446,"date":"2025-06-16T18:19:11","date_gmt":"2025-06-16T18:19:11","guid":{"rendered":"https:\/\/www.europesays.com\/fr\/181446\/"},"modified":"2025-06-16T18:19:11","modified_gmt":"2025-06-16T18:19:11","slug":"a-toulon-le-sdf-frappe-a-mort-son-compagnon-dinfortune","status":"publish","type":"post","link":"https:\/\/www.europesays.com\/fr\/181446\/","title":{"rendered":"A Toulon, le SDF frappe \u00e0 mort son compagnon d\u2019infortune"},"content":{"rendered":"<p>Un crime ultra-violent. Soudain. D\u00e9raisonnable. Dans la nuit du 30 novembre au 1er d\u00e9cembre 2022 \u00e0 Toulon, Anthony Jung, un sans-abri alors \u00e2g\u00e9 de 36 ans, a battu \u00e0 mort son compagnon d\u2019infortune Farid B..<\/p>\n<p>Pour trois fois rien. Pour quelques \u00ab\u00a0insultes\u00a0\u00bbr\u00e9currentes \u2013 et ce soir-l\u00e0 de trop &#8211; envers sa fille, a-t-il toujours affirm\u00e9 d\u00e8s sa deuxi\u00e8me audition de garde \u00e0 vue. Des injures prof\u00e9r\u00e9es par la victime quand celle-ci avait un coup dans le nez, ce qui arrivait souvent.<\/p>\n<p>Tout aussi s\u00fbrement qu\u2019Anthony Jung buvait tous les jours \u00e0 haute dose \u00ab\u00a0du ros\u00e9\u00a0\u00bb depuis sa derni\u00e8re sortie de prison, deux mois auparavant. Au moment de son interpellation, il pr\u00e9sentait d\u2019ailleurs un taux d\u2019alcool de 2,5 g\/l de sang.<\/p>\n<p>\u00ab\u00a0Je n\u2019\u00e9tais pas moi-m\u00eame, souffle aujourd\u2019hui Anthony Jung, accus\u00e9 pour meurtre devant la cour d\u2019assises du Var. J\u2019avais consomm\u00e9 \u00e9norm\u00e9ment d\u2019alcool. J\u2019\u00e9tais comme poss\u00e9d\u00e9.\u00a0\u00bb<\/p>\n<p>Deux heures d\u2019horreur<\/p>\n<p>Le passage \u00e0 tabac mortel a eu lieu au deuxi\u00e8me sous-sol du parking Lafayette, emplacement 255, l\u00e0 o\u00f9 le duo avait pris l\u2019habitude de passer la nuit. Au chaud et sous l\u2019\u0153il d\u2019une cam\u00e9ra de vid\u00e9osurveillance qui aura film\u00e9 minute apr\u00e8s minute le calvaire de Farid.<\/p>\n<p>Celui-ci aura dur\u00e9 pr\u00e8s de deux heures durant laquelle la victime recevra par salves, sans jamais r\u00e9pliquer, environ 60 coups de poing et 22 coups de pied. Tous au visage.<\/p>\n<p>Un acharnement qui aura provoqu\u00e9 chez le quinquag\u00e9naire un traumatisme cranio-facial ainsi qu\u2019une d\u00e9faillance cardio-respiratoire et neurologique fatale.<\/p>\n<p>\u00ab\u00a0On avait l\u2019impression qu\u2019il voulait achever la victime\u00a0\u00bb, se souvient le directeur d\u2019enqu\u00eate face au pr\u00e9sident Patrick V\u00e9ron. Avec une telle violence, il ne pouvait que le tuer.\u00a0\u00bb<\/p>\n<p>              <img ci-src=\"https:\/\/www.varmatin.com\/justice\/TribunalDraguignan-y7MpUgu3.jpg?vh=df0d31&amp;ci_seal=a74c7555e7\" alt=\"\"\/><br \/>\n        L\u2019accus\u00e9 reconna\u00eet les faits et les regrette. Mais il ne parvient pas \u00e0 les expliquer.\u00a0 <strong>Photo Ph. A..<\/strong> <\/p>\n<p>La premi\u00e8re salve de coups de poing survient \u00e0 22h52. \u00ab\u00a0Sept droites\u00a0\u00bb. Anthony Jung s\u2019arr\u00eate pendant dix minutes, boit du vin, s\u2019allonge aux c\u00f4t\u00e9s de son \u00ab\u00a0ami\u00a0\u00bb, fume une cigarette.<\/p>\n<p>Puis revient \u00e0 la charge. Les s\u00e9ries de coups s\u2019encha\u00eenent ainsi jusqu\u2019\u00e0 23h15 et le d\u00e9part soudain du sans-abri pour un quart d\u2019heure. Farid B. est alors toujours vivant, comme l\u2019attestent ses mouvements sur les images.<\/p>\n<p>\u00c0 son retour \u00e0 23h27, Anthony Jung enl\u00e8ve la couverture de Farid et ass\u00e8ne huit coups de pied en pleine t\u00eate. Puis trois autres. Deux minutes plus tard, nouvelle vol\u00e9e d\u2019horreur. Anthony Jung saute \u00e0 pieds joints sur sa victime.<\/p>\n<p>Apr\u00e8s une heure \u00e0 boire \u00e0 c\u00f4t\u00e9 de la d\u00e9pouille de sa victime, Anthony Jung la secoue. Lui administre un dernier coup et s\u2019en va chercher de l\u2019aide. Il est 00h42.<\/p>\n<p>\u00ab\u00a0\u00c7a rend fou de vivre dans la rue\u00a0\u00bb<\/p>\n<p>\u00ab\u00a0Je n\u2019arrive pas \u00e0 vous dire pourquoi j\u2019ai fait tout \u00e7a, bredouille l\u2019accus\u00e9, la barbe fournie, l\u2019\u00e9locution ralentie par un lourd traitement m\u00e9dical et le regard lourd d\u2019une vie d\u2019errance. Je sais juste qu\u2019il m\u2019avait insult\u00e9. C\u2019\u00e9tait la premi\u00e8re fois que j\u2019avais autant de rage. C\u2019\u00e9tait l\u2019accumulation de tout. \u00c7a rend fou de vivre dans la rue. Je suis d\u00e9sol\u00e9. J\u2019ai honte chaque jour que Dieu fait.\u00a0\u00bb<\/p>\n<p>En \u00e9tat de r\u00e9cidive l\u00e9gale du fait d\u2019une condamnation d\u2019octobre 2007 pour trafic de stup\u00e9fiants, Anthony Jung encourt la r\u00e9clusion criminelle \u00e0 perp\u00e9tuit\u00e9. Me Julien Garry assure sa d\u00e9fense. Le verdict sera rendu mercredi.<\/p>\n","protected":false},"excerpt":{"rendered":"Un crime ultra-violent. Soudain. D\u00e9raisonnable. Dans la nuit du 30 novembre au 1er d\u00e9cembre 2022 \u00e0 Toulon, Anthony&hellip;\n","protected":false},"author":2,"featured_media":181447,"comment_status":"","ping_status":"","sticky":false,"template":"","format":"standard","meta":{"footnotes":""},"categories":[9619],"tags":[1111,11,1777,674,1011,27,303,12,882,25,2310],"class_list":{"0":"post-181446","1":"post","2":"type-post","3":"status-publish","4":"format-standard","5":"has-post-thumbnail","7":"category-toulon","8":"tag-actu","9":"tag-actualites","10":"tag-eu","11":"tag-europe","12":"tag-fr","13":"tag-france","14":"tag-justice","15":"tag-news","16":"tag-provence-alpes-cote-dazur","17":"tag-republique-francaise","18":"tag-toulon"},"share_on_mastodon":{"url":"https:\/\/pubeurope.com\/@fr\/114694426657189349","error":""},"_links":{"self":[{"href":"https:\/\/www.europesays.com\/fr\/wp-json\/wp\/v2\/posts\/181446","targetHints":{"allow":["GET"]}}],"collection":[{"href":"https:\/\/www.europesays.com\/fr\/wp-json\/wp\/v2\/posts"}],"about":[{"href":"https:\/\/www.europesays.com\/fr\/wp-json\/wp\/v2\/types\/post"}],"author":[{"embeddable":true,"href":"https:\/\/www.europesays.com\/fr\/wp-json\/wp\/v2\/users\/2"}],"replies":[{"embeddable":true,"href":"https:\/\/www.europesays.com\/fr\/wp-json\/wp\/v2\/comments?post=181446"}],"version-history":[{"count":0,"href":"https:\/\/www.europesays.com\/fr\/wp-json\/wp\/v2\/posts\/181446\/revisions"}],"wp:featuredmedia":[{"embeddable":true,"href":"https:\/\/www.europesays.com\/fr\/wp-json\/wp\/v2\/media\/181447"}],"wp:attachment":[{"href":"https:\/\/www.europesays.com\/fr\/wp-json\/wp\/v2\/media?parent=181446"}],"wp:term":[{"taxonomy":"category","embeddable":true,"href":"https:\/\/www.europesays.com\/fr\/wp-json\/wp\/v2\/categories?post=181446"},{"taxonomy":"post_tag","embeddable":true,"href":"https:\/\/www.europesays.com\/fr\/wp-json\/wp\/v2\/tags?post=181446"}],"curies":[{"name":"wp","href":"https:\/\/api.w.org\/{rel}","templated":true}]}}