{"id":181452,"date":"2025-06-16T18:23:09","date_gmt":"2025-06-16T18:23:09","guid":{"rendered":"https:\/\/www.europesays.com\/fr\/181452\/"},"modified":"2025-06-16T18:23:09","modified_gmt":"2025-06-16T18:23:09","slug":"combien-ca-coute-et-ce-que-ca-rapporte","status":"publish","type":"post","link":"https:\/\/www.europesays.com\/fr\/181452\/","title":{"rendered":"combien \u00e7a co\u00fbte (et ce que \u00e7a rapporte)\u00a0?"},"content":{"rendered":"<p>            Par<br \/>\n        <strong><br \/>\n            <a href=\"https:\/\/actu.fr\/auteur\/adrien-filoche\" title=\"Consulter tous les articles de Adrien Filoche\" rel=\"nofollow noopener\" target=\"_blank\">Adrien Filoche<\/a><br \/>\n        <\/strong><\/p>\n<p>        Publi\u00e9 le<\/p>\n<p>            16 juin 2025 \u00e0 20h16        <\/p>\n<p>Le 8\u00a0juillet 2025, <a href=\"https:\/\/actu.fr\/normandie\/rouen_76540\" rel=\"nofollow noopener\" target=\"_blank\">Rouen<\/a> sera ville \u00e9tape du <a href=\"https:\/\/actu.fr\/tour-de-france\/\" rel=\"nofollow noopener\" target=\"_blank\">Tour de France 2025.<\/a> Depuis 2012, la Grande Boucle avait boud\u00e9 la cit\u00e9 normande. Mais alors, faire venir le tour de France \u00e0 Rouen, combien \u00e7a co\u00fbte financi\u00e8rement\u2009? Et est-ce que \u00e7a rapporte des sous\u2009? <strong>Abdelkrim Marchiani<\/strong>, vice-pr\u00e9sident de la M\u00e9tropole en charge de l\u2019\u00e9conomie, r\u00e9pond \u00e0 ces questions.<\/p>\n<p>Un \u00e9v\u00e8nement qui rapporte plus que ce qu\u2019il co\u00fbte<\/p>\n<p class=\" wall-content\">Concernant les d\u00e9penses effectu\u00e9es par la Ville pour accueillir les festivit\u00e9s et assurer la s\u00e9curisation des lieux, l\u2019\u00e9lu avance la somme de <strong>110\u2009000\u00a0euros TTC<\/strong>. S\u2019ajoutent \u00e0 cela<strong> 338\u2009000\u00a0euros<\/strong> TTC d\u00e9pens\u00e9s par la M\u00e9tropole de Rouen Normandie.<\/p>\n<p class=\" wall-content\">Sur cet aspect purement \u00e9conomique et financier, l\u2019\u00e9lu assure que l\u2019\u00e9v\u00e8nement va rapporter, \u00e0 Rouen et \u00e0 la M\u00e9tropole, davantage que ce qu\u2019il a co\u00fbt\u00e9.<\/p>\n<blockquote class=\"ac-article-quote wall-content\">\n<p>En g\u00e9n\u00e9ral, pour une ville arriv\u00e9e de la taille et de l&rsquo;attractivit\u00e9 de Rouen, pour un euro d\u00e9pens\u00e9, ce sont deux euros de retomb\u00e9es \u00e9conomiques g\u00e9n\u00e9r\u00e9es sur la m\u00e9tropole.\n<\/p>\n<p>    <strong>Abdelkrim Marchiani,<\/strong><br \/>\n        vice-pr\u00e9sident de la M\u00e9tropole en charge de l\u2019\u00e9conomie.    <\/p><\/blockquote>\n<p class=\" wall-content\">En plus des \u00e9conomies directes (restaurations, h\u00f4telleries, etc.), Abdelkrim Marchiani pointe des retomb\u00e9es indirectes. \u00ab\u2009C\u2019est l\u2019\u00e9v\u00e8nement v\u00e9lo le plus connu au monde. C\u2019est une vitrine importante pour la ville de Rouen. Cela peut donner des id\u00e9es \u00e0 des investisseurs de s\u2019installer chez nous\u2009\u00bb, indique-t-il.<\/p>\n<p class=\" wall-content\">L\u2019\u00e9lu, qui insiste sur \u00ab\u2009la fiert\u00e9\u2009\u00bb d\u2019accueillir l\u2019\u00e9v\u00e8nement \u00e0 Rouen, annonce <strong>une belle f\u00eate populaire<\/strong>\u2009: \u00ab\u2009Le Tour de France est tr\u00e8s attendu, on a un public de fan, on sait que l\u2019\u00e9v\u00e9nement va \u00eatre tr\u00e8s suivi.\u2009\u00bb<\/p>\n<p>Suivez l\u2019actualit\u00e9 de Rouen sur <a href=\"https:\/\/www.whatsapp.com\/channel\/0029VaKfnf99hXF2ddApFB1D\" rel=\"nofollow noopener\" target=\"_blank\">notre cha\u00eene WhatsApp<\/a> et sur <a href=\"https:\/\/www.tiktok.com\/@76actu.fr?lang=fr\" rel=\"nofollow noopener\" target=\"_blank\">notre compte TikTok<\/a><\/p>\n<p class=\" wall-content\">Suivez toute l\u2019actualit\u00e9 de vos villes et m\u00e9dias favoris en vous inscrivant \u00e0 <a href=\"https:\/\/moncompte.actu.fr\" title=\"D\u00e9couvez Mon Actu\" rel=\"nofollow noopener\" data-trk=\"{&quot;cta&quot;:{&quot;action&quot;:&quot;https:\\\/\\\/moncompte.actu.fr&quot;,&quot;category&quot;:&quot;mon compte&quot;,&quot;from&quot;:&quot;article footer&quot;,&quot;name&quot;:&quot;Mon actu&quot;,&quot;type&quot;:&quot;cta&quot;}}\" target=\"_blank\">Mon Actu<\/a>.<\/p>\n<ul class=\"ac-article-tag wall-content\">\n<li><a href=\"https:\/\/actu.fr\/tag\/tour-de-france\" data-trk=\"{&quot;cta&quot;:{&quot;action&quot;:&quot;Tour de France&quot;,&quot;category&quot;:&quot;tag&quot;,&quot;from&quot;:&quot;article footer&quot;,&quot;name&quot;:&quot;Tour de France&quot;,&quot;type&quot;:&quot;cta&quot;}}\" rel=\"nofollow noopener\" target=\"_blank\">#Tour de France<\/a><\/li>\n<li><a href=\"https:\/\/actu.fr\/tag\/tour-de-france-2025\" data-trk=\"{&quot;cta&quot;:{&quot;action&quot;:&quot;Tour de France 2025&quot;,&quot;category&quot;:&quot;tag&quot;,&quot;from&quot;:&quot;article footer&quot;,&quot;name&quot;:&quot;Tour de France 2025&quot;,&quot;type&quot;:&quot;cta&quot;}}\" rel=\"nofollow noopener\" target=\"_blank\">#Tour de France 2025<\/a><\/li>\n<\/ul>\n<p>                    <script async src=\"\/\/www.tiktok.com\/embed.js\"><\/script><\/p>\n","protected":false},"excerpt":{"rendered":"Par Adrien Filoche Publi\u00e9 le 16 juin 2025 \u00e0 20h16 Le 8\u00a0juillet 2025, Rouen sera ville \u00e9tape du&hellip;\n","protected":false},"author":2,"featured_media":181453,"comment_status":"","ping_status":"","sticky":false,"template":"","format":"standard","meta":{"footnotes":""},"categories":[9587],"tags":[1111,11,33,1777,674,1011,27,12,5161,25,9590,210,2116],"class_list":{"0":"post-181452","1":"post","2":"type-post","3":"status-publish","4":"format-standard","5":"has-post-thumbnail","7":"category-rouen","8":"tag-actu","9":"tag-actualites","10":"tag-economie","11":"tag-eu","12":"tag-europe","13":"tag-fr","14":"tag-france","15":"tag-news","16":"tag-normandie","17":"tag-republique-francaise","18":"tag-rouen","19":"tag-tour-de-france","20":"tag-tour-de-france-2025"},"share_on_mastodon":{"url":"https:\/\/pubeurope.com\/@fr\/114694442371888078","error":""},"_links":{"self":[{"href":"https:\/\/www.europesays.com\/fr\/wp-json\/wp\/v2\/posts\/181452","targetHints":{"allow":["GET"]}}],"collection":[{"href":"https:\/\/www.europesays.com\/fr\/wp-json\/wp\/v2\/posts"}],"about":[{"href":"https:\/\/www.europesays.com\/fr\/wp-json\/wp\/v2\/types\/post"}],"author":[{"embeddable":true,"href":"https:\/\/www.europesays.com\/fr\/wp-json\/wp\/v2\/users\/2"}],"replies":[{"embeddable":true,"href":"https:\/\/www.europesays.com\/fr\/wp-json\/wp\/v2\/comments?post=181452"}],"version-history":[{"count":0,"href":"https:\/\/www.europesays.com\/fr\/wp-json\/wp\/v2\/posts\/181452\/revisions"}],"wp:featuredmedia":[{"embeddable":true,"href":"https:\/\/www.europesays.com\/fr\/wp-json\/wp\/v2\/media\/181453"}],"wp:attachment":[{"href":"https:\/\/www.europesays.com\/fr\/wp-json\/wp\/v2\/media?parent=181452"}],"wp:term":[{"taxonomy":"category","embeddable":true,"href":"https:\/\/www.europesays.com\/fr\/wp-json\/wp\/v2\/categories?post=181452"},{"taxonomy":"post_tag","embeddable":true,"href":"https:\/\/www.europesays.com\/fr\/wp-json\/wp\/v2\/tags?post=181452"}],"curies":[{"name":"wp","href":"https:\/\/api.w.org\/{rel}","templated":true}]}}