{"id":181454,"date":"2025-06-16T18:24:22","date_gmt":"2025-06-16T18:24:22","guid":{"rendered":"https:\/\/www.europesays.com\/fr\/181454\/"},"modified":"2025-06-16T18:24:22","modified_gmt":"2025-06-16T18:24:22","slug":"grenoble-il-ne-reste-que-quelques-jours-pour-chiner-au-vide-deco","status":"publish","type":"post","link":"https:\/\/www.europesays.com\/fr\/181454\/","title":{"rendered":"Grenoble. Il ne reste que quelques jours pour chiner au Vide-d\u00e9co"},"content":{"rendered":"<p>Le compte \u00e0 rebours est lanc\u00e9\u00a0! Vide-d\u00e9co accueille le public tous les jours jusqu\u2019au samedi 21\u00a0juin, de 10\u00a0h \u00e0 19\u00a0h, au 10 rue Dominique-Villars. Chaque jour, un r\u00e9assort de pi\u00e8ces uniques, qui ne restent jamais longtemps avant d\u2019\u00eatre adopt\u00e9es, attend les Grenoblois. Ce lieu \u00e0 l\u2019ambiance douce d\u00e9voile des tr\u00e9sors d\u2019un temps pass\u00e9, revaloris\u00e9s et pr\u00eats \u00e0 commencer une nouvelle vie dans votre foyer.<\/p>\n<p class=\"note\">Infos\u00a0: contact@videdeco.com<\/p>\n","protected":false},"excerpt":{"rendered":"Le compte \u00e0 rebours est lanc\u00e9\u00a0! Vide-d\u00e9co accueille le public tous les jours jusqu\u2019au samedi 21\u00a0juin, de 10\u00a0h&hellip;\n","protected":false},"author":2,"featured_media":181455,"comment_status":"","ping_status":"","sticky":false,"template":"","format":"standard","meta":{"footnotes":""},"categories":[9566],"tags":[1111,11,2430,1687,112,1777,674,1011,27,2731,2732,12,25],"class_list":{"0":"post-181454","1":"post","2":"type-post","3":"status-publish","4":"format-standard","5":"has-post-thumbnail","7":"category-grenoble","8":"tag-actu","9":"tag-actualites","10":"tag-auvergne-rhone-alpes","11":"tag-culture-loisirs","12":"tag-edition-grenoble-agglomeration","13":"tag-eu","14":"tag-europe","15":"tag-fr","16":"tag-france","17":"tag-grenoble","18":"tag-grenoble-bassin","19":"tag-news","20":"tag-republique-francaise"},"share_on_mastodon":{"url":"https:\/\/pubeurope.com\/@fr\/114694446375507617","error":""},"_links":{"self":[{"href":"https:\/\/www.europesays.com\/fr\/wp-json\/wp\/v2\/posts\/181454","targetHints":{"allow":["GET"]}}],"collection":[{"href":"https:\/\/www.europesays.com\/fr\/wp-json\/wp\/v2\/posts"}],"about":[{"href":"https:\/\/www.europesays.com\/fr\/wp-json\/wp\/v2\/types\/post"}],"author":[{"embeddable":true,"href":"https:\/\/www.europesays.com\/fr\/wp-json\/wp\/v2\/users\/2"}],"replies":[{"embeddable":true,"href":"https:\/\/www.europesays.com\/fr\/wp-json\/wp\/v2\/comments?post=181454"}],"version-history":[{"count":0,"href":"https:\/\/www.europesays.com\/fr\/wp-json\/wp\/v2\/posts\/181454\/revisions"}],"wp:featuredmedia":[{"embeddable":true,"href":"https:\/\/www.europesays.com\/fr\/wp-json\/wp\/v2\/media\/181455"}],"wp:attachment":[{"href":"https:\/\/www.europesays.com\/fr\/wp-json\/wp\/v2\/media?parent=181454"}],"wp:term":[{"taxonomy":"category","embeddable":true,"href":"https:\/\/www.europesays.com\/fr\/wp-json\/wp\/v2\/categories?post=181454"},{"taxonomy":"post_tag","embeddable":true,"href":"https:\/\/www.europesays.com\/fr\/wp-json\/wp\/v2\/tags?post=181454"}],"curies":[{"name":"wp","href":"https:\/\/api.w.org\/{rel}","templated":true}]}}